{"id":22398,"date":"2026-01-14T17:51:45","date_gmt":"2026-01-14T16:51:45","guid":{"rendered":"https:\/\/monde25.info\/index.php\/2026\/01\/14\/mobilisations-agricoles-la-loi-duplomb-en-embuscade\/"},"modified":"2026-01-14T17:51:45","modified_gmt":"2026-01-14T16:51:45","slug":"mobilisations-agricoles-la-loi-duplomb-en-embuscade","status":"publish","type":"post","link":"https:\/\/monde25.info\/index.php\/2026\/01\/14\/mobilisations-agricoles-la-loi-duplomb-en-embuscade\/","title":{"rendered":"Mobilisations agricoles\u00a0: la loi Duplomb en embuscade"},"content":{"rendered":"<p> <br \/>\n<br \/><img loading=\"lazy\" decoding=\"async\" src=\"https:\/\/reporterre.net\/local\/cache-vignettes\/L700xH467\/afp__20260113__hl_ebroncard_3018393__v2__highres__francefarmersbeforethenationalasse_1_-cd664.jpg?1768408749\" class=\"spip_logo\" width=\"700\" height=\"467\" alt=\"\" \/><\/p>\n<p>Adopt\u00e9e cet \u00e9t\u00e9 et pouss\u00e9e par la <span class=\"caps\">FNSEA<\/span>, la loi Duplomb revient sur le devant de la sc\u00e8ne avec les manifestations agricoles. Le syndicat productiviste demande la mise en application plus rapide de ce texte controvers\u00e9. <br class=\"autobr\" \/> Entre le bruit des tracteurs et le cr\u00e9pitement des barbecues, une petite musique s&rsquo;est fait entendre, le 13\u00a0janvier, aux abords de l&rsquo;Assembl\u00e9e nationale. Au milieu des 350 tracteurs de la <span class=\"caps\">FNSEA<\/span> et des Jeunes agriculteurs, plusieurs manifestants ont r\u00e9clam\u00e9 la mise en \u0153uvre\u00a0(\u2026)<\/p>\n<p>                    <a target=\"_blank\" href=\"https:\/\/reporterre.net\/Mobilisations-agricoles-la-loi-Duplomb-en-embuscade?utm_source=RSS&amp;utm_medium=RSS\">Lire la suite<\/a><\/p>\n<p>                    &#8211;<br \/>\n                        <a target=\"_blank\" href=\"https:\/\/reporterre.net\/Autres-infos\" rel=\"directory\">Info<\/a><\/p>\n<p>                    \/<br \/>\n                        <a target=\"_blank\" href=\"https:\/\/reporterre.net\/Pesticides\" rel=\"tag\">Pesticides<\/a><br \/>\n                    ,<br \/>\n                        <a target=\"_blank\" href=\"https:\/\/reporterre.net\/Agriculture\" rel=\"tag\">Agriculture<\/a><br \/>\n                    ,<br \/>\n                        <a target=\"_blank\" href=\"https:\/\/reporterre.net\/Politique\" rel=\"tag\">Politique<\/a><br \/>\n                    ,<br \/>\n                        <a target=\"_blank\" href=\"https:\/\/reporterre.net\/Sante\" rel=\"tag\">Sant\u00e9<\/a><br \/>\n<br \/><br \/>\n<br \/><a href=\"https:\/\/reporterre.net\/Mobilisations-agricoles-la-loi-Duplomb-en-embuscade\" target=\"_blank\"\">Source link <\/a><\/p>\n","protected":false},"excerpt":{"rendered":"<p>Adopt\u00e9e cet \u00e9t\u00e9 et pouss\u00e9e par la FNSEA, la loi Duplomb revient sur le devant de la sc\u00e8ne avec les manifestations agricoles. Le syndicat productiviste demande la mise en application&hellip; <\/p>\n","protected":false},"author":1,"featured_media":0,"comment_status":"open","ping_status":"open","sticky":false,"template":"","format":"standard","meta":{"footnotes":""},"categories":[1],"tags":[],"class_list":["post-22398","post","type-post","status-publish","format-standard","hentry","category-non-classe"],"_links":{"self":[{"href":"https:\/\/monde25.info\/index.php\/wp-json\/wp\/v2\/posts\/22398","targetHints":{"allow":["GET"]}}],"collection":[{"href":"https:\/\/monde25.info\/index.php\/wp-json\/wp\/v2\/posts"}],"about":[{"href":"https:\/\/monde25.info\/index.php\/wp-json\/wp\/v2\/types\/post"}],"author":[{"embeddable":true,"href":"https:\/\/monde25.info\/index.php\/wp-json\/wp\/v2\/users\/1"}],"replies":[{"embeddable":true,"href":"https:\/\/monde25.info\/index.php\/wp-json\/wp\/v2\/comments?post=22398"}],"version-history":[{"count":0,"href":"https:\/\/monde25.info\/index.php\/wp-json\/wp\/v2\/posts\/22398\/revisions"}],"wp:attachment":[{"href":"https:\/\/monde25.info\/index.php\/wp-json\/wp\/v2\/media?parent=22398"}],"wp:term":[{"taxonomy":"category","embeddable":true,"href":"https:\/\/monde25.info\/index.php\/wp-json\/wp\/v2\/categories?post=22398"},{"taxonomy":"post_tag","embeddable":true,"href":"https:\/\/monde25.info\/index.php\/wp-json\/wp\/v2\/tags?post=22398"}],"curies":[{"name":"wp","href":"https:\/\/api.w.org\/{rel}","templated":true}]}}