{"id":22401,"date":"2026-01-14T19:30:36","date_gmt":"2026-01-14T18:30:36","guid":{"rendered":"https:\/\/monde25.info\/index.php\/2026\/01\/14\/le-danemark-deploie-des-troupes-au-groenland-trump-reaffirme-ses-vues-sur-lile-rt-en-francais\/"},"modified":"2026-01-14T19:30:36","modified_gmt":"2026-01-14T18:30:36","slug":"le-danemark-deploie-des-troupes-au-groenland-trump-reaffirme-ses-vues-sur-lile-rt-en-francais","status":"publish","type":"post","link":"https:\/\/monde25.info\/index.php\/2026\/01\/14\/le-danemark-deploie-des-troupes-au-groenland-trump-reaffirme-ses-vues-sur-lile-rt-en-francais\/","title":{"rendered":"le Danemark d\u00e9ploie des troupes au Groenland, Trump r\u00e9affirme ses vues sur l&rsquo;\u00eele \u2014 RT en fran\u00e7ais"},"content":{"rendered":"<p> <br \/>\n<br \/><img decoding=\"async\" src=\"https:\/\/mf.b37mrtl.ru\/french\/images\/2026.01\/thumbnail\/6967cd2587f3ec30cc36b020.jpg\" \/><\/p>\n<div>\n<p class=\"text__summary\">\n                                        Entre les ambitions de Donald Trump et le d\u00e9ploiement militaire danois, le Groenland cristallise une crise sans pr\u00e9c\u00e9dent. Les menaces diplomatiques, les avertissement europ\u00e9ens et les divisions politiques \u00e0 Washington autour de la souverainet\u00e9 sur cette \u00eele de l&rsquo;Arctique menacent de provoquer une scission historique au sein de l&rsquo;OTAN.\n                                    <\/p>\n<p>Alors que des n\u00e9gociations\u00a0se d\u00e9roulent le 14 janvier entre les repr\u00e9sentants des \u00c9tats-Unis, du Danemark et du Groenland, la situation autour de l&rsquo;\u00eele s&rsquo;envenime. En particulier, les repr\u00e9sentants europ\u00e9ens, cit\u00e9s par le <em>Washington Post<\/em>, <a target=\"_blank\" href=\"https:\/\/www.washingtonpost.com\/national-security\/2026\/01\/14\/trump-greenland-jd-vance\/\" target=\"_blank\" rel=\"noopener noreferrer\">expriment leurs craintes<\/a> quant au fait que le vice-pr\u00e9sident JD Vance s&rsquo;est joint aux discussions, auxquelles ne devaient initialement participer que le secr\u00e9taire d&rsquo;\u00c9tat am\u00e9ricain Marco Rubio et les ministres des Affaires \u00e9trang\u00e8res du Danemark et du Groenland, Lars Lokke Rasmussen et Vivian Motsfeldt.<\/p>\n<p>Selon le quotidien am\u00e9ricain, l&rsquo;Europe s\u2019inqui\u00e8te qu&rsquo;une r\u00e9union dans ce format ne risque d&rsquo;aggraver encore davantage la fracture transatlantique, qui pourrait finalement conduire \u00e0 une scission de l&rsquo;OTAN. Le quotidien rappelle que Vance s&rsquo;est exprim\u00e9 de mani\u00e8re critique et d\u00e9daigneuse \u00e0 l&rsquo;\u00e9gard des alli\u00e9s des \u00c9tats-Unis, y compris les membres de l&rsquo;Alliance.<\/p>\n<p>La Maison Blanche\u00a0jette de l&rsquo;huile sur le feu. Avant les n\u00e9gociations, le pr\u00e9sident am\u00e9ricain Donald Trump a r\u00e9affirm\u00e9 que \u00ab\u00a0les \u00c9tats-Unis ont besoin du Groenland pour des raisons de s\u00e9curit\u00e9 nationale\u00a0\u00bb, soulignant que sa position strat\u00e9gique dans l&rsquo;Arctique le rend indispensable pour le syst\u00e8me de d\u00e9fense antimissile D\u00f4me d&rsquo;or.<\/p>\n<p>\u00ab\u00a0L&rsquo;OTAN deviendrait plus redoutable et efficace si le Groenland \u00e9tait entre les mains des \u00c9TATS-UNIS. Tout ce qui est en-de\u00e7\u00e0\u00a0de cela est inacceptable\u00a0\u00bb, a-t-il \u00e9crit sur Truth Social.<\/p>\n<h2><strong>Le Danemark d\u00e9ploie ses troupes, l&rsquo;Europe menace de \u00ab\u00a0cons\u00e9quences\u00a0\u00bb<\/strong><\/h2>\n<p>Parall\u00e8lement, le Danemark se pr\u00e9pare \u00e0 un d\u00e9ploiement majeur. Les m\u00e9dias affirment que du mat\u00e9riel militaire danois et une unit\u00e9 d&rsquo;avant-garde sont arriv\u00e9s au Groenland. La cha\u00eene de t\u00e9l\u00e9vision danoise DR a ajout\u00e9 que l&rsquo;\u00eele se pr\u00e9parait \u00e0 accueillir des forces plus importantes de l&rsquo;arm\u00e9e danoise.<\/p>\n<p>Dans le m\u00eame temps, la pr\u00e9sidente de la Commission europ\u00e9enne, Ursula von der Leyen, commentant les menaces de Washington \u00e0 l&rsquo;\u00e9gard du Groenland, a soulign\u00e9 la devise de l&rsquo;OTAN\u00a0: \u00ab\u00a0Un pour tous, tous pour un\u00a0\u00bb. Elle n&rsquo;a toutefois pas pr\u00e9cis\u00e9 contre qui \u00ab\u00a0tous\u00a0\u00bb se battraient, \u00e9tant donn\u00e9 que le Danemark et les \u00c9tats-Unis sont membres de l&rsquo;Alliance.<\/p>\n<p>Le pr\u00e9sident fran\u00e7ais Emmanuel Macron n&rsquo;est pas rest\u00e9 en retrait. Le 14 janvier, il a lanc\u00e9 un avertissement, d\u00e9clarant que la France \u00ab\u00a0ne sous-estimait pas\u00a0\u00bb les d\u00e9clarations des \u00c9tats-Unis sur le Groenland et promettait de \u00ab\u00a0faire preuve d&rsquo;une solidarit\u00e9 totale\u00a0\u00bb avec le Danemark. Il a \u00e9galement mis en garde contre les cons\u00e9quences \u00ab\u00a0sans pr\u00e9c\u00e9dent\u00a0\u00bb des actions des \u00c9tats-Unis \u00e0 l&rsquo;\u00e9gard du Groenland, sans donner\u00a0non plus de pr\u00e9cisions.<\/p>\n<p>La Premi\u00e8re ministre danoise Mette Frederiksen a quant \u00e0\u00a0elle soulign\u00e9 la volont\u00e9 de Copenhague d&rsquo;engager le \u00ab\u00a0dialogue\u00a0\u00bb et la \u00ab\u00a0coop\u00e9ration\u00a0\u00bb. \u00ab\u00a0Nous ne voulons aucun conflit, mais notre message est clair\u00a0: le Groenland n&rsquo;est pas \u00e0 vendre\u00a0\u00bb, a-t-elle d\u00e9clar\u00e9.<\/p>\n<h2><strong>Divisions au sein du Congr\u00e8s am\u00e9ricain <\/strong><\/h2>\n<p>Une certaine lutte autour du Groenland se d\u00e9roule \u00e9galement dans les cercles politiques am\u00e9ricains. Des s\u00e9nateurs des partis r\u00e9publicain et d\u00e9mocrate ont pr\u00e9sent\u00e9 un projet de loi interdisant l&rsquo;annexion par les \u00c9tats-Unis de territoires des alli\u00e9s de l&rsquo;OTAN, y compris le Groenland. Ce document emp\u00eachera notamment le Pentagone et le D\u00e9partement d&rsquo;\u00c9tat d&rsquo;utiliser les fonds allou\u00e9s par le Congr\u00e8s pour \u00ab\u00a0le blocus, l&rsquo;annexion et la conduite d&rsquo;op\u00e9rations militaires\u00a0\u00bb.<\/p>\n<p>Cette proposition a \u00e9t\u00e9 pr\u00e9sent\u00e9e le lendemain du d\u00e9p\u00f4t au Congr\u00e8s am\u00e9ricain d&rsquo;un projet de loi sur l&rsquo;\u00ab\u00a0annexion\u00a0\u00bb et le \u00ab\u00a0statut d&rsquo;\u00c9tat\u00a0\u00bb du Groenland, <a target=\"_blank\" href=\"https:\/\/francais.rt.com\/news\/129337-groenland-projet-loi-sur-annexion-statut-etat-ile-presente-congres-americain \">annonc\u00e9<\/a> par Randy Fine, membre du Congr\u00e8s. Il a not\u00e9 que ce projet permettrait \u00e0 Washington de trouver les \u00ab\u00a0moyens n\u00e9cessaires\u00a0\u00bb pour int\u00e9grer l&rsquo;\u00eele aux \u00c9tats-Unis, que ce soit par la n\u00e9gociation, l&rsquo;annexion ou tout autre proc\u00e9d\u00e9.<\/p>\n<p>Cependant, pour <em>Politico<\/em>, le r\u00e9f\u00e9rendum est l&rsquo;option pr\u00e9f\u00e9r\u00e9e de la Maison Blanche pour l&rsquo;adh\u00e9sion du Groenland aux \u00c9tats-Unis. Le journal, citant des sources, <a target=\"_blank\" href=\"https:\/\/www.politico.com\/news\/2026\/01\/14\/trump-greenland-residents-independence-00726696?cid=apn\" target=\"_blank\" rel=\"noopener noreferrer\">a pr\u00e9cis\u00e9<\/a> que les \u00c9tats-Unis envisagaient la possibilit\u00e9 d&rsquo;organiser des campagnes de d\u00e9sinformation afin d&rsquo;influencer la population de ce territoire autonome du Danemark.<\/p>\n<p>En Russie, la situation a d\u00e9j\u00e0 \u00e9t\u00e9 analys\u00e9e en d\u00e9tail, pr\u00e9disant <a target=\"_blank\" href=\"https:\/\/francais.rt.com\/international\/129356-envoi-troupes-europeennes-groenland-tentative-pitoyable-contenir-etats-unis\">l&rsquo;\u00e9chec des efforts<\/a> des pays europ\u00e9ens pour d\u00e9fendre le Groenland. Dmitri Rodionov, directeur du Centre d&rsquo;\u00e9tudes g\u00e9opolitiques de l&rsquo;Institut pour le d\u00e9veloppement innovant, a qualifi\u00e9 la perspective d&rsquo;envoyer des troupes europ\u00e9ennes au Groenland de tentative de \u00ab\u00a0faire bonne mine\u00a0\u00bb dans\u00a0une position de faiblesse.<\/p>\n<p>Le repr\u00e9sentant permanent de la Russie aupr\u00e8s de l&rsquo;Organisation pour la s\u00e9curit\u00e9 et la coop\u00e9ration en Europe, Dmitri Poliansky, a pour sa part affirm\u00e9 que les Europ\u00e9ens \u00ab\u00a0avaleraient\u00a0\u00bb l&rsquo;\u00e9ventuelle prise de contr\u00f4le de l&rsquo;\u00eele par les \u00c9tats-Unis, en trouvant \u00ab\u00a0une formule\u00a0\u00bb pour expliquer qu&rsquo;il ne s&rsquo;est rien pass\u00e9 de grave.<\/p>\n<\/div>\n<p><br \/>\n<br \/><a href=\"https:\/\/francais.rt.com\/international\/129394-tempete-sur-arctique-danemark-deploie-troupes-groenland-trump-reaffirme-vues-ile\" target=\"_blank\"\">Source link <\/a><\/p>\n","protected":false},"excerpt":{"rendered":"<p>Entre les ambitions de Donald Trump et le d\u00e9ploiement militaire danois, le Groenland cristallise une crise sans pr\u00e9c\u00e9dent. Les menaces diplomatiques, les avertissement europ\u00e9ens et les divisions politiques \u00e0 Washington&hellip; <\/p>\n","protected":false},"author":1,"featured_media":22402,"comment_status":"open","ping_status":"open","sticky":false,"template":"","format":"standard","meta":{"footnotes":""},"categories":[1],"tags":[],"class_list":["post-22401","post","type-post","status-publish","format-standard","has-post-thumbnail","hentry","category-non-classe"],"_links":{"self":[{"href":"https:\/\/monde25.info\/index.php\/wp-json\/wp\/v2\/posts\/22401","targetHints":{"allow":["GET"]}}],"collection":[{"href":"https:\/\/monde25.info\/index.php\/wp-json\/wp\/v2\/posts"}],"about":[{"href":"https:\/\/monde25.info\/index.php\/wp-json\/wp\/v2\/types\/post"}],"author":[{"embeddable":true,"href":"https:\/\/monde25.info\/index.php\/wp-json\/wp\/v2\/users\/1"}],"replies":[{"embeddable":true,"href":"https:\/\/monde25.info\/index.php\/wp-json\/wp\/v2\/comments?post=22401"}],"version-history":[{"count":0,"href":"https:\/\/monde25.info\/index.php\/wp-json\/wp\/v2\/posts\/22401\/revisions"}],"wp:featuredmedia":[{"embeddable":true,"href":"https:\/\/monde25.info\/index.php\/wp-json\/wp\/v2\/media\/22402"}],"wp:attachment":[{"href":"https:\/\/monde25.info\/index.php\/wp-json\/wp\/v2\/media?parent=22401"}],"wp:term":[{"taxonomy":"category","embeddable":true,"href":"https:\/\/monde25.info\/index.php\/wp-json\/wp\/v2\/categories?post=22401"},{"taxonomy":"post_tag","embeddable":true,"href":"https:\/\/monde25.info\/index.php\/wp-json\/wp\/v2\/tags?post=22401"}],"curies":[{"name":"wp","href":"https:\/\/api.w.org\/{rel}","templated":true}]}}