{"id":22403,"date":"2026-01-14T20:03:45","date_gmt":"2026-01-14T19:03:45","guid":{"rendered":"https:\/\/monde25.info\/index.php\/2026\/01\/14\/les-medias-occidentaux-passent-sous-silence-les-emeutes-meurtrieres-en-iran-sappuyant-sur-des-ong-financees-par-le-gouvernement-americain-pour-promouvoir-un-changement-de-regime-the-grayzone\/"},"modified":"2026-01-14T20:03:45","modified_gmt":"2026-01-14T19:03:45","slug":"les-medias-occidentaux-passent-sous-silence-les-emeutes-meurtrieres-en-iran-sappuyant-sur-des-ong-financees-par-le-gouvernement-americain-pour-promouvoir-un-changement-de-regime-the-grayzone","status":"publish","type":"post","link":"https:\/\/monde25.info\/index.php\/2026\/01\/14\/les-medias-occidentaux-passent-sous-silence-les-emeutes-meurtrieres-en-iran-sappuyant-sur-des-ong-financees-par-le-gouvernement-americain-pour-promouvoir-un-changement-de-regime-the-grayzone\/","title":{"rendered":"Les m\u00e9dias occidentaux passent sous silence les \u00e9meutes meurtri\u00e8res en Iran, s&rsquo;appuyant sur des ONG financ\u00e9es par le gouvernement am\u00e9ricain pour promouvoir un changement de r\u00e9gime (The Grayzone)"},"content":{"rendered":"<p> <br \/>\n<\/p>\n<div style=\"word-wrap:break-word;\">\n<p>Les m\u00e9dias occidentaux ont ignor\u00e9 une multitude de preuves vid\u00e9o montrant les tactiques terroristes d\u00e9ploy\u00e9es \u00e0 travers l\u2019Iran par des manifestants d\u00e9crits par Amnesty International et Human Rights Watch comme \u00ab\u00a0<a target=\"_blank\" href=\"https:\/\/www.amnesty.org\/en\/latest\/news\/2026\/01\/iran-deaths-injuries-authorities-protest-bloodshed\/\" class=\"spip_out\" rel=\"external\">largement pacifiques<\/a>\u00a0\u00bb. Des vid\u00e9os r\u00e9centes publi\u00e9es \u00e0 la fois par les m\u00e9dias d\u2019\u00c9tat iraniens et les forces antigouvernementales r\u00e9v\u00e8lent des lynchages publics de gardes non arm\u00e9s, l\u2019incendie de mosqu\u00e9es, des attaques incendiaires contre des b\u00e2timents municipaux, des march\u00e9s et des casernes de pompiers, ainsi que des foules d\u2019hommes arm\u00e9s ouvrant le feu au c\u0153ur des villes iraniennes.<\/p>\n<p>Au lieu de cela, les m\u00e9dias occidentaux se sont concentr\u00e9s presque exclusivement sur les violences attribu\u00e9es au gouvernement iranien. Ce faisant, ils se sont largement appuy\u00e9s sur les chiffres des morts compil\u00e9s par des groupes de la diaspora iranienne financ\u00e9s par le <a target=\"_blank\" href=\"https:\/\/thegrayzone.com\/2024\/07\/30\/grayzone-pr-fiasco-us-govt-regime-change-leaked-emails\/\" class=\"spip_out\" rel=\"external\">National Endowment for Democracy<\/a> (NED), l\u2019organisme du gouvernement am\u00e9ricain charg\u00e9 du changement de r\u00e9gime, dont les conseils d\u2019administration sont compos\u00e9s de n\u00e9oconservateurs convaincus.<\/p>\n<p>Le NED <a target=\"_blank\" href=\"https:\/\/www.ned.org\/ned-impact-report-iran-and-the-fight-for-human-rights\/\" class=\"spip_out\" rel=\"external\">s\u2019est attribu\u00e9 le m\u00e9rite<\/a> d\u2019avoir fait avancer les manifestations \u00ab\u00a0Femme, Vie, Libert\u00e9\u00a0\u00bb qui ont envahi les villes iraniennes tout au long de l\u2019ann\u00e9e 2023 \u2013 et qui ont \u00e9galement \u00e9t\u00e9 marqu\u00e9es par des <a target=\"_blank\" href=\"https:\/\/thegrayzone.com\/2023\/01\/19\/irans-unrest-fake-news\/\" class=\"spip_out\" rel=\"external\">actes de violence horribles<\/a> ignor\u00e9s par les m\u00e9dias occidentaux et les ONG de d\u00e9fense des droits humains. Aujourd\u2019hui, le NED est loin d\u2019\u00eatre le seul parmi les acteurs align\u00e9s sur les services de renseignement \u00e0 chercher \u00e0 alimenter le chaos en Iran.<\/p>\n<p>L\u2019agence d\u2019espionnage et d\u2019assassinat isra\u00e9lienne connue sous le nom de Mossad a publi\u00e9 un message sur son compte officiel en farsi sur Twitter\/X, <a target=\"_blank\" href=\"https:\/\/www.jpost.com\/middle-east\/iran-news\/article-881733\" class=\"spip_out\" rel=\"external\">exhortant les Iraniens<\/a> \u00e0 intensifier leurs activit\u00e9s de changement de r\u00e9gime, en leur promettant de les soutenir sur le terrain.<\/p>\n<p>\u00ab\u00a0Sortez ensemble dans les rues. Le moment est venu\u00a0\u00bb, a d\u00e9clar\u00e9 le Mossad aux Iraniens. \u00ab\u00a0Nous sommes avec vous. Pas seulement \u00e0 distance et verbalement. Nous sommes avec vous sur le terrain.\u00a0\u00bb<\/p>\n<p><strong>Renverser T\u00e9h\u00e9ran par la terreur<\/strong><\/p>\n<p>Les manifestations ont commenc\u00e9 en Iran d\u00e9but janvier 2026, lorsque des commer\u00e7ants sont descendus dans la rue pour protester contre la hausse des taux d\u2019inflation provoqu\u00e9e par les sanctions occidentales. Le gouvernement iranien <a target=\"_blank\" href=\"https:\/\/x.com\/AryJeay\/status\/2008496185636712819?s=20\" class=\"spip_out\" rel=\"external\">a r\u00e9agi avec bienveillance<\/a> aux manifestations du bazar, leur fournissant une protection polici\u00e8re. Cependant, ces manifestations se sont rapidement dissoutes, car une masse amorphe d\u2019\u00e9l\u00e9ments antigouvernementaux a saisi l\u2019occasion pour lancer une insurrection violente encourag\u00e9e par les gouvernements d\u2019Isra\u00ebl et des \u00c9tats-Unis, ainsi que par le \u00ab\u00a0prince h\u00e9ritier\u00a0\u00bb autoproclam\u00e9 Reza Pahlavi, qui <a target=\"_blank\" href=\"https:\/\/x.com\/PahlaviReza\/status\/2010480228183740891\" class=\"spip_out\" rel=\"external\">a qualifi\u00e9<\/a> les fonctionnaires et les m\u00e9dias d\u2019\u00c9tat de \u00ab\u00a0cibles l\u00e9gitimes\u00a0\u00bb.<\/p>\n<p>Le 9 janvier, la ville de Mashhad a \u00e9t\u00e9 le th\u00e9\u00e2tre de certaines des \u00e9meutes les plus violentes, les forces antigouvernementales ayant <a target=\"_blank\" href=\"https:\/\/x.com\/Mojahedineng\/status\/2009716461011644683\" class=\"spip_out\" rel=\"external\">incendi\u00e9 des casernes de pompiers<\/a>, br\u00fblant vifs des pompiers, tout en incendiant des bus, en attaquant des employ\u00e9s municipaux, en vandalisant des stations de m\u00e9tro et en causant plus de 18 millions de dollars de d\u00e9g\u00e2ts, <a target=\"_blank\" href=\"https:\/\/x.com\/SuppressedNws1\/status\/2010039496050380860\" class=\"spip_out\" rel=\"external\">selon les autorit\u00e9s municipales locales<\/a>.<\/p>\n<p>\u00c0 Kermanshah, o\u00f9 des \u00e9meutiers antigouvernementaux ont tu\u00e9 par balle  Melina Asadi, \u00e2g\u00e9e de 3 ans, des groupes de militants <a target=\"_blank\" href=\"https:\/\/twitter.com\/MaxBlumenthal\/status\/2010453405698064552\" class=\"spip_out\" rel=\"external\">ont \u00e9t\u00e9 film\u00e9s<\/a> en train de tirer avec des armes automatiques sur la police. Dans des villes allant de Hamedan \u00e0 Lorestan, des \u00e9meutiers <a target=\"_blank\" href=\"https:\/\/x.com\/MaxBlumenthal\/status\/2010766238486544690\" class=\"spip_out\" rel=\"external\">se sont film\u00e9s<\/a> en train de <a target=\"_blank\" href=\"https:\/\/x.com\/ali_naka\/status\/2009355469190779269\" class=\"spip_out\" rel=\"external\">battre \u00e0 mort<\/a> des gardes de s\u00e9curit\u00e9 non arm\u00e9s qui tentaient de les emp\u00eacher de se d\u00e9cha\u00eener.<\/p>\n<blockquote class=\"twitter-tweet\">\n<p lang=\"en\" dir=\"ltr\">Kermanshah was infested with armed militants and rioters when 3 year old Melina was killed<\/p>\n<p>The Israel-controlled Trump administration brands unarmed American protesters as terrorists and supports terrorists in Iran <a target=\"_blank\" href=\"https:\/\/t.co\/ukqXvhhWPc\">https:\/\/t.co\/ukqXvhhWPc<\/a> <a target=\"_blank\" href=\"https:\/\/t.co\/TpCnl6xmTA\">pic.twitter.com\/TpCnl6xmTA<\/a><\/p>\n<p>\u2014 Max Blumenthal (@MaxBlumenthal) <a target=\"_blank\" href=\"https:\/\/twitter.com\/MaxBlumenthal\/status\/2010453405698064552?ref_src=twsrc%5Etfw\">January 11, 2026<\/a><\/p>\n<\/blockquote>\n<p>Des images ont \u00e9t\u00e9 diffus\u00e9es depuis la ville du centre de l\u2019Iran, montrant des \u00e9meutiers attaquant un bus public et y mettant le feu le 10 janvier.<\/p>\n<p>\u00c0 T\u00e9h\u00e9ran, pendant ce temps, des foules d\u2019\u00e9meutiers ont attaqu\u00e9 la <a target=\"_blank\" href=\"https:\/\/twitter.com\/SayyidHussein\/status\/2010448996938973677?s=20\" class=\"spip_out\" rel=\"external\">mosqu\u00e9e historique d\u2019Abazar<\/a>, incendiant son int\u00e9rieur, tandis que d\u2019autres ont commis des incendies criminels et br\u00fbl\u00e9 des exemplaires du Coran \u00e0 l\u2019int\u00e9rieur de la <a target=\"_blank\" href=\"https:\/\/x.com\/clashreport\/status\/2010018262348959853?s=20\" class=\"spip_out\" rel=\"external\">Grande Mosqu\u00e9e de Sarableh<\/a> et du <a target=\"_blank\" href=\"https:\/\/x.com\/TheCradleMedia\/status\/2009572320944504859?s=20\" class=\"spip_out\" rel=\"external\">sanctuaire de Muhammad ibn Musa al-Kadhim<\/a> \u00e0 Kuzestan.<\/p>\n<blockquote class=\"twitter-tweet\">\n<p lang=\"en\" dir=\"ltr\">The footage shows damage being inflicted on ABUZAR <a target=\"_blank\" href=\"https:\/\/twitter.com\/hashtag\/mosque?src=hash&amp;ref_src=twsrc%5Etfw\">#mosque<\/a>.<br \/>In recent days, claims had circulated that mosques were being used as bases for repression or as detention sites. However, the images indicate that the mosque was closed at the time, with no signs of unusual activity or\u2026 <a target=\"_blank\" href=\"https:\/\/t.co\/XXX3OuCH8f\">pic.twitter.com\/XXX3OuCH8f<\/a><\/p>\n<p>\u2014 Hussein bin Saeed Ahvazi (@SayyidHussein) <a target=\"_blank\" href=\"https:\/\/twitter.com\/SayyidHussein\/status\/2010448996938973677?ref_src=twsrc%5Etfw\">January 11, 2026<\/a><\/p>\n<\/blockquote>\n<p>Des \u00e9meutiers <a target=\"_blank\" href=\"https:\/\/www.youtube.com\/shorts\/DWs8kvjWu30\" class=\"spip_out\" rel=\"external\">ont incendi\u00e9<\/a> un grand b\u00e2timent municipal au c\u0153ur de la ville de Karaj, tandis que le march\u00e9 du centre de Rasht <a target=\"_blank\" href=\"https:\/\/x.com\/MaxBlumenthal\/status\/2010733633502581243?s=20\" class=\"spip_out\" rel=\"external\">a \u00e9t\u00e9 r\u00e9duit en cendres<\/a>. \u00c0 Borujen, des hooligans antigouvernementaux auraient incendi\u00e9 une biblioth\u00e8que historique remplie de textes anciens au cours d\u2019une nuit de pillages et de destructions.<\/p>\n<blockquote class=\"twitter-tweet\">\n<p lang=\"en\" dir=\"ltr\">Rioters burned the marketplace in the Iranian city of Rasht to a crisp<\/p>\n<p>Netanyahu, Trump and every leader of the collective West has endorsed this<\/p>\n<p>Of course, they are a model of tolerance toward protesters in their own cities <a target=\"_blank\" href=\"https:\/\/t.co\/fQ26XDSVnS\">pic.twitter.com\/fQ26XDSVnS<\/a><\/p>\n<p>\u2014 Max Blumenthal (@MaxBlumenthal) <a target=\"_blank\" href=\"https:\/\/twitter.com\/MaxBlumenthal\/status\/2010733633502581243?ref_src=twsrc%5Etfw\">January 12, 2026<\/a><\/p>\n<\/blockquote>\n<p>Aucun de ces incidents n\u2019a suscit\u00e9 de r\u00e9action de la part des m\u00e9dias ou des gouvernements occidentaux, m\u00eame apr\u00e8s que le minist\u00e8re iranien des Affaires \u00e9trang\u00e8res <a target=\"_blank\" href=\"https:\/\/x.com\/iriran_military\/status\/2010723385748160827?s=46&amp;t=zjVNBGPosKEP-yud7GT12g\" class=\"spip_out\" rel=\"external\">ait oblig\u00e9 les ambassadeurs<\/a> de Grande-Bretagne, de France, d\u2019Allemagne et d\u2019Italie \u00e0 visionner des images des violences commises par les \u00e9meutiers.<\/p>\n<p>Selon le gouvernement iranien, plus de 100 policiers et agents de s\u00e9curit\u00e9 ont \u00e9t\u00e9 tu\u00e9s pendant les troubles. Cependant, deux ONG iraniennes bas\u00e9es \u00e0 Washington et financ\u00e9es par le gouvernement am\u00e9ricain ont estim\u00e9 le nombre de morts du c\u00f4t\u00e9 du gouvernement \u00e0 un chiffre beaucoup plus bas. Ces groupes sont devenus la source de r\u00e9f\u00e9rence des m\u00e9dias occidentaux sur les manifestations.<\/p>\n<p><strong>Les lobbyistes en faveur d\u2019un changement de r\u00e9gime fixent l\u2019ordre du jour<\/strong><\/p>\n<p>Pour \u00e9valuer le nombre de morts en Iran, les m\u00e9dias am\u00e9ricains et europ\u00e9ens se sont appuy\u00e9s sur deux ONG bas\u00e9es \u00e0 Washington et financ\u00e9es par le National Endowment for Democracy (NED) du gouvernement am\u00e9ricain\u00a0: le Centre Abdorrahman Boroumand pour les droits de l\u2019homme en Iran et les Activistes des droits de l\u2019homme en Iran.<\/p>\n<p>Un <a target=\"_blank\" href=\"https:\/\/www.ned.org\/ned-partner-recognized-for-promotion-of-human-rights-and-democracy-in-iran\/\" class=\"spip_out\" rel=\"external\">communiqu\u00e9 de presse<\/a> publi\u00e9 en 2024 par le NED d\u00e9crit explicitement le <a target=\"_blank\" href=\"https:\/\/www.iranrights.org\/\" class=\"spip_out\" rel=\"external\">Centre Abdorrahman Boroumand pour les droits de l\u2019homme en Iran<\/a> comme \u00ab\u00a0un partenaire du National Endowment for Democracy (NED)\u00a0\u00bb.<\/p>\n<p>Par ailleurs, <a target=\"_blank\" href=\"https:\/\/www.hra-iran.org\/article\/an-inner-view-to-the-human-rights-activists-in-iran-keyvan-rafiee-founder-and-director-of-human-rights-activists-in-iran\/\" class=\"spip_out\" rel=\"external\">une d\u00e9claration de 2021<\/a> des militants des droits humains en Iran indique que le groupe \u00ab\u00a0a \u00e9largi son r\u00e9seau et d\u00e9cid\u00e9 de commencer \u00e0 recevoir une aide financi\u00e8re du National Endowment for Democracy (NED), une organisation non gouvernementale \u00e0 but non lucratif bas\u00e9e aux \u00c9tats-Unis\u00a0\u00bb, apr\u00e8s avoir \u00e9t\u00e9 accus\u00e9 par le gouvernement iranien d\u2019avoir des liens avec la CIA en 2010.<\/p>\n<p>Le NED a \u00e9t\u00e9 cr\u00e9\u00e9 sous la supervision du directeur de la CIA de l\u2019administration Reagan, William Casey, afin de permettre au gouvernement de continuer \u00e0 s\u2019ing\u00e9rer dans les affaires \u00e9trang\u00e8res malgr\u00e9 la m\u00e9fiance g\u00e9n\u00e9ralis\u00e9e \u00e0 l\u2019\u00e9gard des services de renseignement am\u00e9ricains. L\u2019un de ses fondateurs, Allen Weinstein, a d\u00e9clar\u00e9\u00a0: \u00ab\u00a0Une grande partie de ce que nous faisons aujourd\u2019hui \u00e9tait fait secr\u00e8tement il y a 25 ans par la CIA.\u00a0\u00bb<\/p>\n<p>Tout en omettant de mentionner le financement de l\u2019ONG par le NED, le <a target=\"_blank\" href=\"https:\/\/www.washingtonpost.com\/world\/2026\/01\/02\/iran-protests-violence\/\" class=\"spip_out\" rel=\"external\">Washington Post<\/a> et <a target=\"_blank\" href=\"https:\/\/abcnews.go.com\/International\/wireStory\/7-reported-killed-widening-protests-iran-sparked-ailing-128825415\" class=\"spip_out\" rel=\"external\">ABC News<\/a> ont largement cit\u00e9 le Centre Abdorrahman Boroumand dans leur couverture des manifestations iraniennes. Francis Fukuyama, l\u2019id\u00e9ologue qui a sign\u00e9 <a target=\"_blank\" href=\"https:\/\/www.rrojasdatabank.info\/pfpc\/PNAC---statement%20of%20principles.pdf\" class=\"spip_out\" rel=\"external\">la lettre fondatrice<\/a> du Projet pour un nouveau si\u00e8cle am\u00e9ricain \u2013 peut-\u00eatre le manifeste le plus important du n\u00e9oconservatisme moderne \u2013 <a target=\"_blank\" href=\"https:\/\/www.iranrights.org\/center\/who\" class=\"spip_out\" rel=\"external\">si\u00e8ge au conseil d\u2019administration<\/a> du Centre.<\/p>\n<p>Les chiffres de l\u2019ONG au nom \u00e9vocateur \u00ab\u00a0Human Rights Activists in Iran\u00a0\u00bb (Militants des droits de l\u2019homme en Iran) ont \u00e9t\u00e9 diffus\u00e9s encore plus largement, le bilan r\u00e9cent de 544 morts estim\u00e9 par l\u2019ONG ayant \u00e9t\u00e9 cit\u00e9 par <a target=\"_blank\" href=\"https:\/\/www.wsj.com\/world\/middle-east\/iran-warns-it-could-hit-u-s-bases-as-trump-weighs-military-options-7fd57ba1\" class=\"spip_out\" rel=\"external\">des dizaines de m\u00e9dias<\/a> am\u00e9ricains et <a target=\"_blank\" href=\"https:\/\/www.i24news.tv\/en\/news\/middle-east\/iran-eastern-states\/artc-544-dead-over-10-600-arrested-in-iran-as-trump-says-tehran-sought-talks-live-blog\" class=\"spip_out\" rel=\"external\">isra\u00e9liens<\/a> grand public de tous bords politiques, ainsi que par <a target=\"_blank\" href=\"https:\/\/www.dropsitenews.com\/p\/iran-protestors-killed-iran-internet-outage-gravestone-refaat-alareer\" class=\"spip_out\" rel=\"external\">Dropsite<\/a>. La soci\u00e9t\u00e9 de renseignement Stratfor, surnomm\u00e9e la \u00ab\u00a0CIA de l\u2019ombre\u00a0\u00bb, a \u00e9galement cit\u00e9 l\u2019ONG dans <a target=\"_blank\" href=\"https:\/\/archive.is\/zl8LC#selection-761.1806-761.2029\" class=\"spip_out\" rel=\"external\">un article intitul\u00e9<\/a> \u00ab\u00a0Les manifestations en Iran ouvrent la voie \u00e0 une intervention am\u00e9ricaine et\/ou isra\u00e9lienne\u00a0\u00bb.<\/p>\n<p>Le nombre exact de victimes des manifestations \u00e9tant encore difficile \u00e0 d\u00e9terminer, une \u00e9quipe h\u00e9t\u00e9roclite d\u2019influenceurs en ligne a combl\u00e9 le vide d\u2019informations avec des affirmations exag\u00e9r\u00e9es et dont la source est douteuse. Parmi ces propagandistes figure Laura Loomer, c\u00e9l\u00e8bre confidente de Trump et partisane de la supr\u00e9matie juive, <a target=\"_blank\" href=\"https:\/\/x.com\/LauraLoomer\/status\/2010503084326129927?s=20\" class=\"spip_out\" rel=\"external\">qui s\u2019est \u00e9cri\u00e9e<\/a> que \u00ab\u00a0le nombre de manifestants iraniens tu\u00e9s par les forces du r\u00e9gime islamique d\u00e9passe d\u00e9sormais les 6 000\u00a0!\u00a0\u00bb, citant une suppos\u00e9e \u00ab\u00a0source au sein de la communaut\u00e9 du renseignement\u00a0\u00bb.<\/p>\n<p>Le casino num\u00e9rique Polymarket a \u00e9galement gonfl\u00e9 le nombre de morts, <a target=\"_blank\" href=\"https:\/\/x.com\/tropicalcamatte\/status\/2010531080961450063\" class=\"spip_out\" rel=\"external\">affirmant sans citer ses sources<\/a> que \u00ab\u00a0plus de 10 000\u00a0\u00bb personnes avaient \u00e9t\u00e9 tu\u00e9es par \u00ab\u00a0les forces iraniennes [utilisant] des fusils automatiques contre les manifestants\u00a0\u00bb, et d\u00e9clarant \u00e0 tort que l\u2019Iran avait \u00ab\u00a0perdu presque tout contr\u00f4le\u00a0\u00bb sur trois de ses cinq plus grandes villes.<\/p>\n<p>Ces derniers mois, Polymarket s\u2019est rendu tristement c\u00e9l\u00e8bre pour avoir permis \u00e0 des initi\u00e9s d\u2019abuser de leurs connaissances avanc\u00e9es sur les d\u00e9veloppements politiques \u2013 tels que la r\u00e9cente attaque militaire am\u00e9ricaine contre Caracas et l\u2019enl\u00e8vement du pr\u00e9sident v\u00e9n\u00e9zu\u00e9lien Nicolas Maduro \u2013 afin d\u2019empocher des <a target=\"_blank\" href=\"https:\/\/www.detroitnews.com\/story\/business\/2026\/01\/11\/400000-payout-after-maduros-capture-putting-prediction-markets-in-spotlight\/88131592007\/\" class=\"spip_out\" rel=\"external\">centaines de milliers de dollars<\/a>. Ce march\u00e9, qui se d\u00e9crit comme \u00ab\u00a0le plus grand march\u00e9 de pr\u00e9diction au monde\u00a0\u00bb, a \u00e9t\u00e9 cr\u00e9\u00e9 gr\u00e2ce \u00e0 <a target=\"_blank\" href=\"https:\/\/thedefiant.io\/news\/defi\/polymarket-nears-usd200-million-raise-led-by-peter-thiel-s-founders-fund\" class=\"spip_out\" rel=\"external\">un investissement majeur<\/a> du magnat de l\u2019IA Peter Thiel, et compte d\u00e9sormais <a target=\"_blank\" href=\"https:\/\/subscriber.politicopro.com\/article\/2025\/08\/polymarket-adds-donald-trump-jr-as-adviser-ahead-of-us-return-00525444\" class=\"spip_out\" rel=\"external\">Donald Trump Jr<\/a>. parmi ses conseillers.<\/p>\n<blockquote class=\"twitter-tweet\">\n<p lang=\"en\" dir=\"ltr\">Polymarket spreads neocon disinformation to manufacture consent for bombing Iran<\/p>\n<p>It is also paying influencers all across this site to popularize its brand<\/p>\n<p>The \u00ab\u00a0world&rsquo;s largest prediction market\u00a0\u00bb relies on psychological warfare to manipulate betting markets <a target=\"_blank\" href=\"https:\/\/t.co\/wPfOtneENR\">https:\/\/t.co\/wPfOtneENR<\/a><\/p>\n<p>\u2014 Max Blumenthal (@MaxBlumenthal) <a target=\"_blank\" href=\"https:\/\/twitter.com\/MaxBlumenthal\/status\/2010724680349659631?ref_src=twsrc%5Etfw\">January 12, 2026<\/a><\/p>\n<\/blockquote>\n<p>En diffusant des chiffres clairement exag\u00e9r\u00e9s sur le nombre de morts, les militants en faveur d\u2019un changement de r\u00e9gime et les acolytes de Trump incitent apparemment le pr\u00e9sident, connu pour sa cr\u00e9dulit\u00e9, \u00e0 lancer une nouvelle attaque militaire contre T\u00e9h\u00e9ran.<\/p>\n<p>Dans <a target=\"_blank\" href=\"https:\/\/archive.is\/zl8LC#selection-761.1806-761.2029\" class=\"spip_out\" rel=\"external\">une \u00e9valuation des manifestations<\/a> publi\u00e9e le 7 janvier, Stratfor a d\u00e9crit le chaos qui r\u00e8gne dans les rues iraniennes comme une occasion propice \u00e0 la guerre, \u00e9crivant\u00a0: \u00ab\u00a0M\u00eame s\u2019il est peu probable que le r\u00e9gime s\u2019effondre, les troubles actuels pourraient ouvrir la porte \u00e0 Isra\u00ebl ou aux \u00c9tats-Unis pour mener des activit\u00e9s secr\u00e8tes ou ouvertes visant \u00e0 d\u00e9stabiliser davantage le gouvernement iranien, soit indirectement en encourageant les manifestations, soit directement par des actions militaires contre les dirigeants iraniens.\u00a0\u00bb<\/p>\n<p>Cependant, le sous-traitant de la CIA a reconnu que \u00ab\u00a0de nouvelles frappes militaires contre l\u2019Iran mettraient probablement fin au mouvement de protestation actuel en conduisant plut\u00f4t \u00e0 une manifestation plus large du nationalisme et de l\u2019unit\u00e9 iraniens, un sch\u00e9ma observ\u00e9 apr\u00e8s les frappes am\u00e9ricaines et isra\u00e9liennes en 2025\u00a0\u00bb.<\/p>\n<p><strong>\u00ab\u00a0Pr\u00eats \u00e0 passer \u00e0 l\u2019action\u00a0\u00bb<\/strong><\/p>\n<p>Comme on pouvait s\u2019y attendre, la derni\u00e8re vague de manifestations antigouvernementales en Iran a re\u00e7u le soutien enthousiaste d\u2019une multitude de dirigeants occidentaux, dont le Premier ministre isra\u00e9lien Benjamin Netanyahu et le pr\u00e9sident am\u00e9ricain Donald Trump.<\/p>\n<p>\u00ab\u00a0Si l\u2019Iran ouvre le feu et tue violemment des manifestants pacifiques, comme \u00e0 son habitude, les \u00c9tats-Unis d\u2019Am\u00e9rique viendront \u00e0 leur secours\u00a0\u00bb, a d\u00e9clar\u00e9 Trump. \u00ab\u00a0Nous sommes pr\u00eats \u00e0 passer \u00e0 l\u2019action.\u00a0\u00bb<\/p>\n<p>Quelques jours plus tard, Trump a <a target=\"_blank\" href=\"https:\/\/x.com\/azeritimes\/status\/2009743543380713751?s=46&amp;t=zjVNBGPosKEP-yud7GT12g\" class=\"spip_out\" rel=\"external\">de nouveau menac\u00e9 l\u2019Iran<\/a>\u00a0: \u00ab\u00a0Vous feriez mieux de ne pas commencer \u00e0 tirer [sur les manifestants], car nous commencerons \u00e0 tirer aussi.\u00a0\u00bb Puis, le 12 janvier, Trump <a target=\"_blank\" href=\"https:\/\/x.com\/whitehouse\/status\/2010831284621262933?s=46&amp;t=zjVNBGPosKEP-yud7GT12g\" class=\"spip_out\" rel=\"external\">a d\u00e9cr\u00e9t\u00e9<\/a> que tout pays en train de commercer avec l\u2019Iran serait soumis \u00e0 des droits de douane de 25\u00a0% sur les marchandises \u00e9chang\u00e9es avec les \u00c9tats-Unis.<\/p>\n<p>Aujourd\u2019hui, Trump envisagerait une attaque, envisageant diff\u00e9rentes options allant de la cyberguerre aux frappes a\u00e9riennes. Cependant, le rythme des manifestations antigouvernementales semble avoir ralenti, et un calme relatif est revenu dans les grandes villes.<\/p>\n<p>Alors que la poussi\u00e8re retombe, des <a target=\"_blank\" href=\"https:\/\/x.com\/ME_Observer_\/status\/2010717099342418144\" class=\"spip_out\" rel=\"external\">millions de citoyens iraniens<\/a> envahissent les rues des villes, de T\u00e9h\u00e9ran \u00e0 Mashhad, pour <a target=\"_blank\" href=\"https:\/\/x.com\/MaxBlumenthal\/status\/2010731697529294995\" class=\"spip_out\" rel=\"external\">exprimer leur indignation<\/a> face aux \u00e9meutes, <a target=\"_blank\" href=\"https:\/\/x.com\/AryJeay\/status\/2010746808369283429?s=20\" class=\"spip_out\" rel=\"external\">d\u00e9noncer les \u00e9l\u00e9ments \u00e9trangers<\/a> qui ont contribu\u00e9 \u00e0 d\u00e9clencher la vague de violence visant \u00e0 renverser le r\u00e9gime, et proclamer leur soutien au gouvernement. Mais dans les salles de r\u00e9daction occidentales, il semble interdit de donner la parole \u00e0 ces masses de manifestants iraniens.<\/p>\n<p>Max Blumenthal, Wyatt Reed<\/p>\n<p><i>Traduction LGS<\/i><\/p>\n<\/div>\n<p><script async src=\"\/\/platform.twitter.com\/widgets.js\" charset=\"utf-8\"><\/script><br \/>\n<br \/><br \/>\n<br \/><a href=\"https:\/\/www.legrandsoir.info\/les-medias-occidentaux-passent-sous-silence-les-emeutes-meurtrieres-en-iran-s-appuyant-sur-des-ong-financees-par-le.html\" target=\"_blank\"\">Source link <\/a><\/p>\n","protected":false},"excerpt":{"rendered":"<p>Les m\u00e9dias occidentaux ont ignor\u00e9 une multitude de preuves vid\u00e9o montrant les tactiques terroristes d\u00e9ploy\u00e9es \u00e0 travers l\u2019Iran par des manifestants d\u00e9crits par Amnesty International et Human Rights Watch comme&hellip; <\/p>\n","protected":false},"author":1,"featured_media":22404,"comment_status":"open","ping_status":"open","sticky":false,"template":"","format":"standard","meta":{"footnotes":""},"categories":[1],"tags":[],"class_list":["post-22403","post","type-post","status-publish","format-standard","has-post-thumbnail","hentry","category-non-classe"],"_links":{"self":[{"href":"https:\/\/monde25.info\/index.php\/wp-json\/wp\/v2\/posts\/22403","targetHints":{"allow":["GET"]}}],"collection":[{"href":"https:\/\/monde25.info\/index.php\/wp-json\/wp\/v2\/posts"}],"about":[{"href":"https:\/\/monde25.info\/index.php\/wp-json\/wp\/v2\/types\/post"}],"author":[{"embeddable":true,"href":"https:\/\/monde25.info\/index.php\/wp-json\/wp\/v2\/users\/1"}],"replies":[{"embeddable":true,"href":"https:\/\/monde25.info\/index.php\/wp-json\/wp\/v2\/comments?post=22403"}],"version-history":[{"count":0,"href":"https:\/\/monde25.info\/index.php\/wp-json\/wp\/v2\/posts\/22403\/revisions"}],"wp:featuredmedia":[{"embeddable":true,"href":"https:\/\/monde25.info\/index.php\/wp-json\/wp\/v2\/media\/22404"}],"wp:attachment":[{"href":"https:\/\/monde25.info\/index.php\/wp-json\/wp\/v2\/media?parent=22403"}],"wp:term":[{"taxonomy":"category","embeddable":true,"href":"https:\/\/monde25.info\/index.php\/wp-json\/wp\/v2\/categories?post=22403"},{"taxonomy":"post_tag","embeddable":true,"href":"https:\/\/monde25.info\/index.php\/wp-json\/wp\/v2\/tags?post=22403"}],"curies":[{"name":"wp","href":"https:\/\/api.w.org\/{rel}","templated":true}]}}