{"id":22405,"date":"2026-01-14T21:09:45","date_gmt":"2026-01-14T20:09:45","guid":{"rendered":"https:\/\/monde25.info\/index.php\/2026\/01\/14\/le-moratoire-sur-leau-pourrait-entraver-ladoption-du-plus-grand-schema-de-leau-de-france\/"},"modified":"2026-01-14T21:09:45","modified_gmt":"2026-01-14T20:09:45","slug":"le-moratoire-sur-leau-pourrait-entraver-ladoption-du-plus-grand-schema-de-leau-de-france","status":"publish","type":"post","link":"https:\/\/monde25.info\/index.php\/2026\/01\/14\/le-moratoire-sur-leau-pourrait-entraver-ladoption-du-plus-grand-schema-de-leau-de-france\/","title":{"rendered":"Le moratoire sur l&#039;eau pourrait entraver l&#039;adoption du plus grand sch\u00e9ma de l&#039;eau de France"},"content":{"rendered":"<p> <br \/>\n<br \/><img loading=\"lazy\" decoding=\"async\" src=\"https:\/\/reporterre.net\/local\/cache-vignettes\/L700xH467\/manif_sage_rennes_10janv2025_qbv-8-86404.jpg?1768410169\" class=\"spip_logo\" width=\"700\" height=\"467\" alt=\"\" \/><\/p>\n<p>Une nouvelle carte vient d&rsquo;\u00eatre abattue pour tenter de freiner l&rsquo;adoption du Sage de la Vilaine, le Sch\u00e9ma d&rsquo;am\u00e9nagement et de gestion de l&rsquo;eau de la Vilaine, le plus grand de France. Le Premier ministre S\u00e9bastien Lecornu a annonc\u00e9 le 13\u00a0janvier un moratoire imm\u00e9diat sur les d\u00e9cisions li\u00e9es \u00e0 la politique de l&rsquo;eau, au moins jusqu&rsquo;au Salon de l&rsquo;agriculture, qui aura lieu du 21\u00a0f\u00e9vrier au 1<sup class=\"typo_exposants\">er<\/sup>\u00a0mars. Cons\u00e9quence\u00a0: toutes les d\u00e9cisions li\u00e9es \u00e0 l&rsquo;eau sont suspendues, y compris localement, dont le\u00a0(\u2026)<\/p>\n<p>                    <a target=\"_blank\" href=\"https:\/\/reporterre.net\/Le-moratoire-sur-l-eau-pourrait-entraver-l-adoption-du-plus-grand-schema-de-l-eau-de-France?utm_source=RSS&amp;utm_medium=RSS\">Lire la suite<\/a><\/p>\n<p>                    &#8211;<br \/>\n                        <a target=\"_blank\" href=\"https:\/\/reporterre.net\/Breves-20\" rel=\"directory\">En bref<\/a><\/p>\n<p>                    \/<br \/>\n                        <a target=\"_blank\" href=\"https:\/\/reporterre.net\/Eau-rivieres-oceans\" rel=\"tag\">Eau et rivi\u00e8res<\/a><br \/>\n<br \/><br \/>\n<br \/><a href=\"https:\/\/reporterre.net\/Le-moratoire-sur-l-eau-pourrait-entraver-l-adoption-du-plus-grand-schema-de-l-eau-de-France\" target=\"_blank\"\">Source link <\/a><\/p>\n","protected":false},"excerpt":{"rendered":"<p>Une nouvelle carte vient d&rsquo;\u00eatre abattue pour tenter de freiner l&rsquo;adoption du Sage de la Vilaine, le Sch\u00e9ma d&rsquo;am\u00e9nagement et de gestion de l&rsquo;eau de la Vilaine, le plus grand&hellip; <\/p>\n","protected":false},"author":1,"featured_media":0,"comment_status":"open","ping_status":"open","sticky":false,"template":"","format":"standard","meta":{"footnotes":""},"categories":[1],"tags":[],"class_list":["post-22405","post","type-post","status-publish","format-standard","hentry","category-non-classe"],"_links":{"self":[{"href":"https:\/\/monde25.info\/index.php\/wp-json\/wp\/v2\/posts\/22405","targetHints":{"allow":["GET"]}}],"collection":[{"href":"https:\/\/monde25.info\/index.php\/wp-json\/wp\/v2\/posts"}],"about":[{"href":"https:\/\/monde25.info\/index.php\/wp-json\/wp\/v2\/types\/post"}],"author":[{"embeddable":true,"href":"https:\/\/monde25.info\/index.php\/wp-json\/wp\/v2\/users\/1"}],"replies":[{"embeddable":true,"href":"https:\/\/monde25.info\/index.php\/wp-json\/wp\/v2\/comments?post=22405"}],"version-history":[{"count":0,"href":"https:\/\/monde25.info\/index.php\/wp-json\/wp\/v2\/posts\/22405\/revisions"}],"wp:attachment":[{"href":"https:\/\/monde25.info\/index.php\/wp-json\/wp\/v2\/media?parent=22405"}],"wp:term":[{"taxonomy":"category","embeddable":true,"href":"https:\/\/monde25.info\/index.php\/wp-json\/wp\/v2\/categories?post=22405"},{"taxonomy":"post_tag","embeddable":true,"href":"https:\/\/monde25.info\/index.php\/wp-json\/wp\/v2\/tags?post=22405"}],"curies":[{"name":"wp","href":"https:\/\/api.w.org\/{rel}","templated":true}]}}