{"id":22406,"date":"2026-01-14T22:15:36","date_gmt":"2026-01-14T21:15:36","guid":{"rendered":"https:\/\/monde25.info\/index.php\/2026\/01\/14\/protection-de-lenfance-la-verification-des-antecedents-a-ecarte-3-000-profils-dangereux\/"},"modified":"2026-01-14T22:15:36","modified_gmt":"2026-01-14T21:15:36","slug":"protection-de-lenfance-la-verification-des-antecedents-a-ecarte-3-000-profils-dangereux","status":"publish","type":"post","link":"https:\/\/monde25.info\/index.php\/2026\/01\/14\/protection-de-lenfance-la-verification-des-antecedents-a-ecarte-3-000-profils-dangereux\/","title":{"rendered":"Protection de l&rsquo;enfance, la v\u00e9rification des ant\u00e9c\u00e9dents a \u00e9cart\u00e9 3.000 profils dangereux"},"content":{"rendered":"<p> <br \/>\n<\/p>\n<div>\n<p>Cela semble compl\u00e8tement fou.<\/p>\n<p>Pr\u00e8s de 3\u00a0000\u00a0personnes ont \u00e9t\u00e9 \u00e9cart\u00e9es des secteurs de la protection de l&rsquo;enfance et de l&rsquo;accueil du jeune enfant par la g\u00e9n\u00e9ralisation en octobre du syst\u00e8me de v\u00e9rification des ant\u00e9c\u00e9dents judiciaires, a annonc\u00e9 mardi la Haute-Commissaire \u00e0 l&rsquo;Enfance Sarah El Ha\u00efry.<\/p>\n<p><strong>La vraie question reste plut\u00f4t : comment est-il possible que 3 000 personnes au profil dangereux aient pu \u00eatre li\u00e9es \u00e0 la protection de l&rsquo;enfance\u00a0?<\/strong><\/p>\n<p>\u00ab\u00a0On a d\u00e9j\u00e0 \u00e9cart\u00e9 2.980 personnes au sein de la Protection de l&rsquo;enfance et de l&rsquo;accueil du jeune enfant. Les contr\u00f4les se poursuivent, nous v\u00e9rifions tout le stock des professionnels et b\u00e9n\u00e9voles\u00a0\u00bb, a-t-elle dit, sans pr\u00e9ciser quelle proportion de ces gens \u00e9taient en poste ou en phase de candidature.<\/p>\n<p>Plus de 650\u00a0000 attestations ont \u00e9t\u00e9 d\u00e9livr\u00e9es, a-t-elle dit.<\/p>\n<p>L&rsquo;attestation d&rsquo;honorabilit\u00e9 est un document qui certifie qu&rsquo;une personne n&rsquo;a pas de condamnation au casier judiciaire, ni d&rsquo;inscription au fichier judiciaire automatis\u00e9 des auteurs d&rsquo;infractions sexuelles ou violentes (Fijais) l&#8217;emp\u00eachant d&rsquo;exercer aupr\u00e8s de mineurs.<\/p>\n<p>Ce dispositif a \u00e9t\u00e9 g\u00e9n\u00e9ralis\u00e9 d\u00e9but octobre pour tous les professionnels et b\u00e9n\u00e9voles de la Protection de l&rsquo;enfance (personnels des foyers, assistants familiaux) et de l&rsquo;accueil du jeune enfant (personnels des cr\u00e8ches et assistants maternels). Ils doivent remettre ce document \u00e0 leur employeur lors de l&#8217;embauche, puis r\u00e9guli\u00e8rement.<\/p>\n<p><strong>\u00ab\u00a0Il ne faut pas \u00eatre na\u00eff : ces gens-l\u00e0 vont aller o\u00f9 ? Dans les h\u00f4pitaux, aupr\u00e8s des personnes handicap\u00e9es, ils vont aller dans des zones o\u00f9 le contr\u00f4le n&rsquo;existe pas ou est moins efficace\u00a0\u00bb,<\/strong> avertit la Haute-Commissaire \u00e0 l&rsquo;enfance. \u00ab\u00a0Nous les \u00e9vin\u00e7ons d&rsquo;un secteur, ce n&rsquo;est pas pour qu&rsquo;ils se rediffusent ailleurs\u00a0\u00bb, assure-t-elle.<\/p>\n<p>N\u00e9anmoins la petite enfance et l&rsquo;enfance doivent \u00eatre une priorit\u00e9.<\/p>\n<p>Le dispositif a \u00e9t\u00e9 \u00e9tendu en d\u00e9cembre aux demandeurs \u00e0 l&rsquo;agr\u00e9ment \u00e0 l&rsquo;adoption et le sera \u00ab\u00a0au cours du premier semestre\u00a0\u00bb aux instituts m\u00e9dicaux \u00e9ducatifs (IME, qui accueillent des enfants handicap\u00e9s), ajoute-t-elle.<\/p>\n<p>Un employeur a le droit de licencier un salari\u00e9 travaillant au contact d&rsquo;enfants et qui aurait interdiction de le faire, souligne Mme El Ha\u00efry.<\/p>\n<p>Cette v\u00e9rification ne concerne pas les vacataires ou int\u00e9rimaires dans les \u00e9coles maternelles ou primaires. La question des violences sexuelles en milieu p\u00e9riscolaire a surgi ces derniers mois \u00e0 Paris avec le d\u00e9p\u00f4t d&rsquo;une s\u00e9rie de plaintes visant des animateurs d&rsquo;\u00e9coles de la capitale.<\/p>\n<p>Parmi les motifs d&rsquo;inscription au Fijais, figure la d\u00e9tention d&rsquo;images p\u00e9docriminelles alors que la proportion de passage \u00e0 l&rsquo;acte chez leurs d\u00e9tenteurs est importante.<\/p>\n<p>La Cnape, f\u00e9d\u00e9ration de 180 associations gestionnaires de services de Protection de l&rsquo;enfance, s&rsquo;est dite \u00ab\u00a0tr\u00e8s satisfaite\u00a0\u00bb de l&rsquo;instauration de cette attestation. \u00ab\u00a0C&rsquo;est simple et a permis d&rsquo;\u00e9carter des personnes en emploi depuis longtemps parfois\u00a0\u00bb, a indiqu\u00e9 Pierre-Alain Sarthou, son directeur g\u00e9n\u00e9ral.<\/p>\n<p>\u00ab\u00a0Pour l&#8217;employeur, c&rsquo;est rassurant et beaucoup moins bureaucratique qu&rsquo;avant : il devait envoyer les noms des candidats \u00e0 l&#8217;embauche \u00e0 la pr\u00e9fecture et recevait des r\u00e9ponses parfois plusieurs mois apr\u00e8s. Aujourd&rsquo;hui les salari\u00e9s potentiels pr\u00e9sentent une attestation d&rsquo;honorabilit\u00e9, dont le QR Code peut \u00eatre v\u00e9rifi\u00e9 en quelques minutes\u00a0\u00bb, explique-t-il.<\/p>\n<p>Pour la Cnape, il est urgent d&rsquo;\u00e9largir cette plateforme au secteur du handicap et notamment \u00e0 ceux qui transportent les enfants, les am\u00e8nent \u00e0 l&rsquo;\u00e9cole ou aux consultations m\u00e9dicales.<\/p>\n<p>Il est absolument incroyable qu&rsquo;il ait fallu attendre 2026 pour en arriver \u00e0 ces v\u00e9rifications qui semblent n&rsquo;\u00eatre que du bon sens.<\/p>\n<\/div>\n<p><script>(function(d, s, id) {  var js, fjs = d.getElementsByTagName(s)[0];  if (d.getElementById(id)) return;  js = d.createElement(s); js.id = id;  js.src = \"\/\/connect.facebook.net\/fr_FR\/sdk.js#xfbml=1&version=v2.3\";  fjs.parentNode.insertBefore(js, fjs);}(document, \"script\", \"facebook-jssdk\"));<\/script><br \/>\n<br \/><br \/>\n<br \/><a href=\"https:\/\/www.francesoir.fr\/societe-justice\/protection-de-l-enfance-la-verification-des-antecedents-ecarte-3000-profils\" target=\"_blank\"\">Source link <\/a><\/p>\n","protected":false},"excerpt":{"rendered":"<p>Cela semble compl\u00e8tement fou. Pr\u00e8s de 3\u00a0000\u00a0personnes ont \u00e9t\u00e9 \u00e9cart\u00e9es des secteurs de la protection de l&rsquo;enfance et de l&rsquo;accueil du jeune enfant par la g\u00e9n\u00e9ralisation en octobre du syst\u00e8me&hellip; <\/p>\n","protected":false},"author":1,"featured_media":22407,"comment_status":"open","ping_status":"open","sticky":false,"template":"","format":"standard","meta":{"footnotes":""},"categories":[1],"tags":[],"class_list":["post-22406","post","type-post","status-publish","format-standard","has-post-thumbnail","hentry","category-non-classe"],"_links":{"self":[{"href":"https:\/\/monde25.info\/index.php\/wp-json\/wp\/v2\/posts\/22406","targetHints":{"allow":["GET"]}}],"collection":[{"href":"https:\/\/monde25.info\/index.php\/wp-json\/wp\/v2\/posts"}],"about":[{"href":"https:\/\/monde25.info\/index.php\/wp-json\/wp\/v2\/types\/post"}],"author":[{"embeddable":true,"href":"https:\/\/monde25.info\/index.php\/wp-json\/wp\/v2\/users\/1"}],"replies":[{"embeddable":true,"href":"https:\/\/monde25.info\/index.php\/wp-json\/wp\/v2\/comments?post=22406"}],"version-history":[{"count":0,"href":"https:\/\/monde25.info\/index.php\/wp-json\/wp\/v2\/posts\/22406\/revisions"}],"wp:featuredmedia":[{"embeddable":true,"href":"https:\/\/monde25.info\/index.php\/wp-json\/wp\/v2\/media\/22407"}],"wp:attachment":[{"href":"https:\/\/monde25.info\/index.php\/wp-json\/wp\/v2\/media?parent=22406"}],"wp:term":[{"taxonomy":"category","embeddable":true,"href":"https:\/\/monde25.info\/index.php\/wp-json\/wp\/v2\/categories?post=22406"},{"taxonomy":"post_tag","embeddable":true,"href":"https:\/\/monde25.info\/index.php\/wp-json\/wp\/v2\/tags?post=22406"}],"curies":[{"name":"wp","href":"https:\/\/api.w.org\/{rel}","templated":true}]}}