{"id":22408,"date":"2026-01-14T22:48:38","date_gmt":"2026-01-14T21:48:38","guid":{"rendered":"https:\/\/monde25.info\/index.php\/2026\/01\/14\/une-intervention-americaine-estimee-probable-dans-les-prochaines-24-heures-rt-en-francais\/"},"modified":"2026-01-14T22:48:38","modified_gmt":"2026-01-14T21:48:38","slug":"une-intervention-americaine-estimee-probable-dans-les-prochaines-24-heures-rt-en-francais","status":"publish","type":"post","link":"https:\/\/monde25.info\/index.php\/2026\/01\/14\/une-intervention-americaine-estimee-probable-dans-les-prochaines-24-heures-rt-en-francais\/","title":{"rendered":"une intervention am\u00e9ricaine estim\u00e9e \u00abprobable\u00bb dans les \u00abprochaines 24 heures\u00bb \u2014 RT en fran\u00e7ais"},"content":{"rendered":"<p> <br \/>\n<br \/><img decoding=\"async\" src=\"https:\/\/mf.b37mrtl.ru\/french\/images\/2026.01\/thumbnail\/6967ee7287f3ec31b92ac1d9.jpg\" \/><\/p>\n<div>\n<p class=\"text__summary\">\n                                        Alors que les \u00c9tats-Unis ont retir\u00e9 une partie de leur personnel de la base d\u2019Al-Udeid, au Qatar, et appel\u00e9 leurs ressortissants \u00e0 quitter l\u2019Iran, des responsables europ\u00e9ens ont indiqu\u00e9 \u00e0 Reuters qu\u2019une intervention militaire am\u00e9ricaine \u00e9tait \u00abprobable\u00bb et pourrait avoir lieu \u00abdans les prochaines 24 heures\u00bb.\n                                    <\/p>\n<p>Donald Trump va-t-il mettre ses menaces \u00e0 ex\u00e9cution\u00a0? Alors que la tension monte depuis plusieurs jours entre le pr\u00e9sident am\u00e9ricain et les responsables iraniens sur fond de manifestations antigouvernementales dans la R\u00e9publique islamique, les signaux laissant pr\u00e9sager de l\u2019imminence d\u2019une op\u00e9ration militaire am\u00e9ricaine se sont multipli\u00e9s ce 14 janvier.<\/p>\n<p>Au cours de l\u2019apr\u00e8s-midi, les autorit\u00e9s qataries ont confirm\u00e9 qu\u2019une partie du personnel de la base am\u00e9ricaine d\u2019Al-Udeid avait \u00e9t\u00e9\u00a0d\u00e9plac\u00e9e en raison des \u00ab\u00a0tensions r\u00e9gionales actuelles\u00a0\u00bb. Une base qui avait \u00e9t\u00e9 cibl\u00e9e par les forces iraniennes, au lendemain de frappes am\u00e9ricaines survenues en juin contre plusieurs sites nucl\u00e9aires en Iran. De son c\u00f4t\u00e9, l\u2019ambassade\u00a0des \u00c9tats-Unis en Arabie saoudite a appel\u00e9 son personnel \u00e0 \u00ab redoubler de prudence\u00a0\u00bb et \u00ab limiter les d\u00e9placements \u00bb aux abords des installations militaires.<\/p>\n<p>\u00ab\u00a0Nous recommandons aux citoyens am\u00e9ricains pr\u00e9sents dans le royaume de faire de m\u00eame\u00a0\u00bb, peut-on lire dans un communiqu\u00e9 de l\u2019ambassade publi\u00e9 sur son site internet. Par ailleurs, les autorit\u00e9s am\u00e9ricaines ont exhort\u00e9 leurs ressortissants pr\u00e9sents en Iran \u00e0 quitter le pays \u00ab\u00a0imm\u00e9diatement\u00a0\u00bb ou \u00e0 se mettre \u00e0 l\u2019abri et faire \u00ab\u00a0des provisions de nourriture, d\u2019eau, de m\u00e9dicaments et d\u2019autres articles essentiels\u00a0\u00bb.<\/p>\n<p>Des \u00e9v\u00e9nements qui ne sont pas sans rappeler <a target=\"_blank\" href=\"https:\/\/francais.rt.com\/international\/121783-moyen-orient-washington-evacue-partie-personnel-diplomatique-frappe-israelienne-iran-evoquee\">ceux qui avaient pr\u00e9c\u00e9d\u00e9<\/a>, en juin 2025, <a target=\"_blank\" href=\"https:\/\/francais.rt.com\/international\/121808-frappes-nocturnes-israeliennes-sur-teheran\">une s\u00e9rie de frappes<\/a> isra\u00e9liennes contre l\u2019Iran et auxquelles les \u00c9tats-Unis avaient fini par se joindre. En fin de journ\u00e9e, citant deux responsables europ\u00e9ens, Reuters a rapport\u00e9 qu\u2019une intervention militaire am\u00e9ricaine \u00e9tait \u00ab\u00a0possible\u00a0\u00bb et \u00ab\u00a0pourrait avoir lieu dans les prochaines 24 heures\u00a0\u00bb.<\/p>\n<h3>Les Gardiens de la r\u00e9volution pr\u00eats \u00e0 riposter\u00a0\u00ab\u00a0de mani\u00e8re d\u00e9cisive\u00a0\u00bb<\/h3>\n<p>Selon l\u2019agence de presse, \u00e0 qui un responsable am\u00e9ricain s\u2019est confi\u00e9 sous couvert d\u2019anonymat, Washington proc\u00e9derait au retrait d\u2019une partie de son personnel de \u00ab\u00a0bases cl\u00e9s dans la r\u00e9gion compte tenu des tensions r\u00e9gionales accrues\u00a0\u00bb. Toujours selon la m\u00eame source, les Isra\u00e9liens estimeraient que Donald Trump\u00a0\u00ab\u00a0<a target=\"_blank\" href=\"https:\/\/www.reuters.com\/world\/china\/death-toll-iran-approaches-2600-rights-group-reports-2026-01-14\/\">a d\u00e9cid\u00e9<\/a> d\u2019intervenir\u00a0\u00bb.<\/p>\n<p>Depuis plusieurs jours Trump agite la menace d\u2019une intervention militaire en Iran, invoquant les manifestations qui secouent la R\u00e9publique islamique depuis fin d\u00e9cembre.<\/p>\n<p>Des menaces d\u2019une nouvelle attaque am\u00e9ricaine qualifi\u00e9es d\u2019inacceptables par la diplomatie russe. \u00ab\u00a0Ceux qui envisagent d\u2019exploiter les troubles provoqu\u00e9s de l\u2019\u00e9tranger pour servir de pr\u00e9texte \u00e0 une r\u00e9it\u00e9ration de l\u2019agression commise contre l\u2019Iran en juin 2025 doivent prendre la pleine mesure des cons\u00e9quences d\u00e9sastreuses de ces actes pour la situation au Proche et au Moyen-Orient, ainsi que pour la s\u00e9curit\u00e9 internationale dans son ensemble\u00a0\u00bb, a fustig\u00e9 la porte-parole du minist\u00e8re russe des Affaires \u00e9trang\u00e8res Maria Zakharova.<\/p>\n<p>Du c\u00f4t\u00e9 iranien, Mohammad Pakpour, Commandant en chef du corps des Gardiens de la r\u00e9volution islamique, a d\u00e9clar\u00e9 \u00eatre pr\u00eat \u00e0 riposter \u00ab\u00a0de mani\u00e8re d\u00e9cisive\u00a0\u00bb \u00e0 toute attaque des \u00c9tats-Unis ou d&rsquo;Isra\u00ebl contre le pays. Le 11 janvier, le pr\u00e9sident du parlement iranien, Mohammad Bagher Ghalibaf, avait d\u00e9clar\u00e9 que \u00ab\u00a0les centres militaires et navals am\u00e9ricains seront pour nous des cibles l\u00e9gitimes\u00a0\u00bb en cas d\u2019attaque des \u00c9tats-Unis.<\/p>\n<\/div>\n<p><br \/>\n<br \/><a href=\"https:\/\/francais.rt.com\/international\/129396-tensions-washington-teheran-intervention-americaine\" target=\"_blank\"\">Source link <\/a><\/p>\n","protected":false},"excerpt":{"rendered":"<p>Alors que les \u00c9tats-Unis ont retir\u00e9 une partie de leur personnel de la base d\u2019Al-Udeid, au Qatar, et appel\u00e9 leurs ressortissants \u00e0 quitter l\u2019Iran, des responsables europ\u00e9ens ont indiqu\u00e9 \u00e0&hellip; <\/p>\n","protected":false},"author":1,"featured_media":22409,"comment_status":"open","ping_status":"open","sticky":false,"template":"","format":"standard","meta":{"footnotes":""},"categories":[1],"tags":[],"class_list":["post-22408","post","type-post","status-publish","format-standard","has-post-thumbnail","hentry","category-non-classe"],"_links":{"self":[{"href":"https:\/\/monde25.info\/index.php\/wp-json\/wp\/v2\/posts\/22408","targetHints":{"allow":["GET"]}}],"collection":[{"href":"https:\/\/monde25.info\/index.php\/wp-json\/wp\/v2\/posts"}],"about":[{"href":"https:\/\/monde25.info\/index.php\/wp-json\/wp\/v2\/types\/post"}],"author":[{"embeddable":true,"href":"https:\/\/monde25.info\/index.php\/wp-json\/wp\/v2\/users\/1"}],"replies":[{"embeddable":true,"href":"https:\/\/monde25.info\/index.php\/wp-json\/wp\/v2\/comments?post=22408"}],"version-history":[{"count":0,"href":"https:\/\/monde25.info\/index.php\/wp-json\/wp\/v2\/posts\/22408\/revisions"}],"wp:featuredmedia":[{"embeddable":true,"href":"https:\/\/monde25.info\/index.php\/wp-json\/wp\/v2\/media\/22409"}],"wp:attachment":[{"href":"https:\/\/monde25.info\/index.php\/wp-json\/wp\/v2\/media?parent=22408"}],"wp:term":[{"taxonomy":"category","embeddable":true,"href":"https:\/\/monde25.info\/index.php\/wp-json\/wp\/v2\/categories?post=22408"},{"taxonomy":"post_tag","embeddable":true,"href":"https:\/\/monde25.info\/index.php\/wp-json\/wp\/v2\/tags?post=22408"}],"curies":[{"name":"wp","href":"https:\/\/api.w.org\/{rel}","templated":true}]}}