{"id":22412,"date":"2026-01-15T01:32:39","date_gmt":"2026-01-15T00:32:39","guid":{"rendered":"https:\/\/monde25.info\/index.php\/2026\/01\/15\/velo-en-zone-rurale-et-si-on-transformait-les-petites-routes-en-voies-cyclables\/"},"modified":"2026-01-15T01:32:39","modified_gmt":"2026-01-15T00:32:39","slug":"velo-en-zone-rurale-et-si-on-transformait-les-petites-routes-en-voies-cyclables","status":"publish","type":"post","link":"https:\/\/monde25.info\/index.php\/2026\/01\/15\/velo-en-zone-rurale-et-si-on-transformait-les-petites-routes-en-voies-cyclables\/","title":{"rendered":"V\u00e9lo en zone rurale\u00a0: et si on transformait les petites routes en voies cyclables\u00a0?"},"content":{"rendered":"<p> <br \/>\n<br \/><img loading=\"lazy\" decoding=\"async\" src=\"https:\/\/reporterre.net\/local\/cache-vignettes\/L700xH467\/afp__20240927__6750290__v1__highres__6750290-195f5.jpg?1768408637\" class=\"spip_logo\" width=\"700\" height=\"467\" alt=\"\" \/><\/p>\n<p>En r\u00e9affectant \u00e0 peine 1,8<small class=\"fine d-inline\">\u00a0<\/small>% des petites routes, les communes rurales pourraient tisser un r\u00e9seau cyclable \u00ab<small class=\"fine d-inline\">\u00a0<\/small>cr\u00e9dible<small class=\"fine d-inline\">\u00a0<\/small>\u00bb, \u00e0 moindres frais, selon une projection de la Fondation pour la nature et l&rsquo;homme. <br class=\"autobr\" \/> Pourquoi construire des pistes cyclables rutilantes, qui co\u00fbtent cher aux communes et font couler du b\u00e9ton sur des espaces naturels, alors que la France dispose d\u00e9j\u00e0 de 3\u00a0millions de kilom\u00e8tres de route et de chemins<small class=\"fine d-inline\">\u00a0<\/small>? La Fondation pour la nature et l&rsquo;homme (<span class=\"caps\">FNH<\/span>) s&rsquo;invite dans la campagne\u00a0(\u2026)<\/p>\n<p>                    <a target=\"_blank\" href=\"https:\/\/reporterre.net\/Velo-en-zone-rurale-et-si-on-transformait-les-petites-routes-en-voies-cyclables?utm_source=RSS&amp;utm_medium=RSS\">Lire la suite<\/a><\/p>\n<p>                    &#8211;<br \/>\n                        <a target=\"_blank\" href=\"https:\/\/reporterre.net\/Autres-infos\" rel=\"directory\">Info<\/a><\/p>\n<p>                    \/<br \/>\n                        <a target=\"_blank\" href=\"https:\/\/reporterre.net\/Transports\" rel=\"tag\">Transports<\/a><br \/>\n                    ,<br \/>\n                        <a target=\"_blank\" href=\"https:\/\/reporterre.net\/Alternatives\" rel=\"tag\">Alternatives<\/a><br \/>\n<br \/><br \/>\n<br \/><a href=\"https:\/\/reporterre.net\/Velo-en-zone-rurale-et-si-on-transformait-les-petites-routes-en-voies-cyclables\" target=\"_blank\"\">Source link <\/a><\/p>\n","protected":false},"excerpt":{"rendered":"<p>En r\u00e9affectant \u00e0 peine 1,8\u00a0% des petites routes, les communes rurales pourraient tisser un r\u00e9seau cyclable \u00ab\u00a0cr\u00e9dible\u00a0\u00bb, \u00e0 moindres frais, selon une projection de la Fondation pour la nature et&hellip; <\/p>\n","protected":false},"author":1,"featured_media":0,"comment_status":"open","ping_status":"open","sticky":false,"template":"","format":"standard","meta":{"footnotes":""},"categories":[1],"tags":[],"class_list":["post-22412","post","type-post","status-publish","format-standard","hentry","category-non-classe"],"_links":{"self":[{"href":"https:\/\/monde25.info\/index.php\/wp-json\/wp\/v2\/posts\/22412","targetHints":{"allow":["GET"]}}],"collection":[{"href":"https:\/\/monde25.info\/index.php\/wp-json\/wp\/v2\/posts"}],"about":[{"href":"https:\/\/monde25.info\/index.php\/wp-json\/wp\/v2\/types\/post"}],"author":[{"embeddable":true,"href":"https:\/\/monde25.info\/index.php\/wp-json\/wp\/v2\/users\/1"}],"replies":[{"embeddable":true,"href":"https:\/\/monde25.info\/index.php\/wp-json\/wp\/v2\/comments?post=22412"}],"version-history":[{"count":0,"href":"https:\/\/monde25.info\/index.php\/wp-json\/wp\/v2\/posts\/22412\/revisions"}],"wp:attachment":[{"href":"https:\/\/monde25.info\/index.php\/wp-json\/wp\/v2\/media?parent=22412"}],"wp:term":[{"taxonomy":"category","embeddable":true,"href":"https:\/\/monde25.info\/index.php\/wp-json\/wp\/v2\/categories?post=22412"},{"taxonomy":"post_tag","embeddable":true,"href":"https:\/\/monde25.info\/index.php\/wp-json\/wp\/v2\/tags?post=22412"}],"curies":[{"name":"wp","href":"https:\/\/api.w.org\/{rel}","templated":true}]}}