{"id":22415,"date":"2026-01-15T03:12:39","date_gmt":"2026-01-15T02:12:39","guid":{"rendered":"https:\/\/monde25.info\/index.php\/2026\/01\/15\/en-memoire-de-la-mobilisation-contre-les-sanctions-ouest-africaines-le-mali-celebre-sa-journee-de-la-souverainete-retrouvee-rt-en-francais\/"},"modified":"2026-01-15T03:12:39","modified_gmt":"2026-01-15T02:12:39","slug":"en-memoire-de-la-mobilisation-contre-les-sanctions-ouest-africaines-le-mali-celebre-sa-journee-de-la-souverainete-retrouvee-rt-en-francais","status":"publish","type":"post","link":"https:\/\/monde25.info\/index.php\/2026\/01\/15\/en-memoire-de-la-mobilisation-contre-les-sanctions-ouest-africaines-le-mali-celebre-sa-journee-de-la-souverainete-retrouvee-rt-en-francais\/","title":{"rendered":"En m\u00e9moire de la mobilisation contre les sanctions ouest-africaines, le Mali c\u00e9l\u00e8bre sa Journ\u00e9e de la souverainet\u00e9 retrouv\u00e9e \u2014 RT en fran\u00e7ais"},"content":{"rendered":"<p> <br \/>\n<br \/><img decoding=\"async\" src=\"https:\/\/mf.b37mrtl.ru\/french\/images\/2026.01\/thumbnail\/6967da8987f3ec318a67740f.jpg\" \/><\/p>\n<div>\n<p class=\"text__summary\">\n                                        Le Mali c\u00e9l\u00e8bre ce 14 janvier sa souverainet\u00e9 retrouv\u00e9e, une journ\u00e9e en m\u00e9moire de la mobilisation des Maliens qui eut lieu en 2022 contre les sanctions impos\u00e9es au pays par la CEDEAO et l\u2019UEMOA.\n                                    <\/p>\n<p>Le Mali c\u00e9l\u00e8bre ce 14 janvier la 4e \u00e9dition de la Journ\u00e9e nationale de la Souverainet\u00e9 retrouv\u00e9e. Ce jour, d\u00e9clar\u00e9 \u00ab\u00a0ch\u00f4m\u00e9 et pay\u00e9 \u00bb sur toute l\u2019\u00e9tendue du territoire national, a \u00e9t\u00e9 instaur\u00e9 par les autorit\u00e9s de la transition en m\u00e9moire de la\u00a0<a target=\"_blank\" href=\"https:\/\/francais.rt.com\/international\/94725-mali-manifestations-grande-envergure-contre-sanctions-cedeao\">mobilisation du 14 janvier 2022<\/a>\u00a0contre les sanctions impos\u00e9es par la Communaut\u00e9 \u00c9conomique des \u00c9tats de l&rsquo;Afrique de l&rsquo;Ouest (CEDEAO) et de l&rsquo;Union \u00e9conomique et mon\u00e9taire ouest-africaine (UEMOA).<\/p>\n<p>\u00ab\u00a0C\u2019est une journ\u00e9e sp\u00e9ciale, une journ\u00e9e de rappel pour notre pays, pour le peuple malien, pour que l\u2019on sache que la souverainet\u00e9 est un droit\u00a0\u00bb,\u00a0<a target=\"_blank\" href=\"https:\/\/www.facebook.com\/ortmofficiel\/videos\/%C3%A9dition-de-13heures-du-14-janvier-2026-du-journal-parl%C3%A9-de-la-radio-nationale\/1789948345047139\/\">a d\u00e9clar\u00e9<\/a>\u00a0aupr\u00e8s de l\u2019Office de Radio et T\u00e9l\u00e9vision du Mali (ORTM) Doumbia Mariam Tangara, ministre de l\u2019Environnement, de l\u2019Assainissement et du D\u00e9veloppement durable.<\/p>\n<p>\u00ab\u00a0Ce droit, on ne peut pas l\u2019avoir sans la d\u00e9termination du peuple, sans la d\u00e9termination des jeunes de ce pays, sans la d\u00e9termination des femmes, des enfants de ce pays\u00a0\u00bb, a-t-elle poursuivi aupr\u00e8s du m\u00e9dia public. \u00ab\u00a0Aujourd\u2019hui, le Mali affirme sa souverainet\u00e9 sur le plan de la d\u00e9fense du territoire national\u00a0\u00bb, ainsi que sur les plans diplomatiques et \u00e9conomiques, a ajout\u00e9, aupr\u00e8s de la m\u00eame source, son homologue de l&rsquo;Industrie et du Commerce, Moussa Alassane Diallo.<\/p>\n<p>Le 9 janvier 2022, r\u00e9unis \u00e0 Accra, au Ghana, les dirigeants de la CEDEAO et de l\u2019UEMOA avaient adopt\u00e9 une batterie de mesures \u00e9conomiques et diplomatiques \u00e0 l&rsquo;encontre du Mali pour sanctionner les autorit\u00e9s maliennes qui souhaitaient prolonger la p\u00e9riode de transition qui devait s\u2019achever avec l&rsquo;organisation d&rsquo;une pr\u00e9sidentielle en 2026.<\/p>\n<p>Des mesures qui sanctionnaient notamment le report de l\u2019\u00e9lection pr\u00e9sidentielle et des \u00e9lections l\u00e9gislatives, visant \u00e0 ramener des civils \u00e0 la t\u00eate du pays, initialement pr\u00e9vues le 27 f\u00e9vrier 2022. Une date qui avait \u00e9t\u00e9 convenue entre Bamako et ses partenaires au lendemain de la chute du pr\u00e9sident Ibrahim Boubacar Ke\u00efta en ao\u00fbt 2020.<\/p>\n<\/div>\n<p><br \/>\n<br \/><a href=\"https:\/\/francais.rt.com\/afrique\/129395-memoire-mobilisation-contre-sanctions-africaines\" target=\"_blank\"\">Source link <\/a><\/p>\n","protected":false},"excerpt":{"rendered":"<p>Le Mali c\u00e9l\u00e8bre ce 14 janvier sa souverainet\u00e9 retrouv\u00e9e, une journ\u00e9e en m\u00e9moire de la mobilisation des Maliens qui eut lieu en 2022 contre les sanctions impos\u00e9es au pays par&hellip; <\/p>\n","protected":false},"author":1,"featured_media":22416,"comment_status":"open","ping_status":"open","sticky":false,"template":"","format":"standard","meta":{"footnotes":""},"categories":[1],"tags":[],"class_list":["post-22415","post","type-post","status-publish","format-standard","has-post-thumbnail","hentry","category-non-classe"],"_links":{"self":[{"href":"https:\/\/monde25.info\/index.php\/wp-json\/wp\/v2\/posts\/22415","targetHints":{"allow":["GET"]}}],"collection":[{"href":"https:\/\/monde25.info\/index.php\/wp-json\/wp\/v2\/posts"}],"about":[{"href":"https:\/\/monde25.info\/index.php\/wp-json\/wp\/v2\/types\/post"}],"author":[{"embeddable":true,"href":"https:\/\/monde25.info\/index.php\/wp-json\/wp\/v2\/users\/1"}],"replies":[{"embeddable":true,"href":"https:\/\/monde25.info\/index.php\/wp-json\/wp\/v2\/comments?post=22415"}],"version-history":[{"count":0,"href":"https:\/\/monde25.info\/index.php\/wp-json\/wp\/v2\/posts\/22415\/revisions"}],"wp:featuredmedia":[{"embeddable":true,"href":"https:\/\/monde25.info\/index.php\/wp-json\/wp\/v2\/media\/22416"}],"wp:attachment":[{"href":"https:\/\/monde25.info\/index.php\/wp-json\/wp\/v2\/media?parent=22415"}],"wp:term":[{"taxonomy":"category","embeddable":true,"href":"https:\/\/monde25.info\/index.php\/wp-json\/wp\/v2\/categories?post=22415"},{"taxonomy":"post_tag","embeddable":true,"href":"https:\/\/monde25.info\/index.php\/wp-json\/wp\/v2\/tags?post=22415"}],"curies":[{"name":"wp","href":"https:\/\/api.w.org\/{rel}","templated":true}]}}