{"id":22418,"date":"2026-01-15T06:31:36","date_gmt":"2026-01-15T05:31:36","guid":{"rendered":"https:\/\/monde25.info\/index.php\/2026\/01\/15\/la-lutte-des-classes-jusque-dans-la-mort\/"},"modified":"2026-01-15T06:31:36","modified_gmt":"2026-01-15T05:31:36","slug":"la-lutte-des-classes-jusque-dans-la-mort","status":"publish","type":"post","link":"https:\/\/monde25.info\/index.php\/2026\/01\/15\/la-lutte-des-classes-jusque-dans-la-mort\/","title":{"rendered":"La lutte des classes jusque dans la mort"},"content":{"rendered":"<p> <br \/>\n<\/p>\n<div>\n<h4><strong>13 ans. C\u2019est le nombre d\u2019ann\u00e9es qui s\u00e9pare l\u2019esp\u00e9rance de vie d\u2019un\u00b7e fran\u00e7ais\u00b7e riche et l\u2019esp\u00e9rance de vie d\u2019un\u00b7e fran\u00e7ais\u00b7e pauvre, chiffre quasiment identique depuis les ann\u00e9es 70. La lutte des classes se joue-t-elle aussi sur notre temps de vie ? <\/strong><\/h4>\n<p><span style=\"font-weight: 400;\">Selon <\/span><strong><a target=\"_blank\" href=\"https:\/\/www.insee.fr\/fr\/statistiques\/3319895\" target=\"_blank\" rel=\"noopener\">une \u00e9tude de l\u2019Insee<\/a><\/strong><span style=\"font-weight: 400;\"><strong> portant sur la p\u00e9riode 2012-2016,<\/strong> l\u2019esp\u00e9rance de vie \u00e0 la naissance des hommes parmi les 5\u2009% les plus ais\u00e9s est de 84,4 ans, contre 71,7 ans parmi les 5\u2009% les plus pauvres, soit exactement <strong>13 ans d\u2019\u00e9cart.<\/strong> Quant aux femmes, cet \u00e9cart est moins \u00e9lev\u00e9 mais tout de m\u00eame de <strong>8 ans.<\/strong> Depuis, <strong>l\u2019Insee a <a target=\"_blank\" href=\"https:\/\/www.insee.fr\/fr\/statistiques\/8679561\" target=\"_blank\" rel=\"noopener\">mis \u00e0 jour cette \u00e9tude<\/a> et l\u2019\u00e9cart s\u2019est creus\u00e9.<\/strong> La lutte des classes est-elle aussi une lutte pour la vie, comme dans le film Timeless ?<\/span><\/p>\n<p><em><strong>\u00ab Entre les p\u00e9riodes 2012-2016 et 2020-2024, l\u2019\u00e9cart d\u2019esp\u00e9rance de vie entre les personnes modestes et ais\u00e9es s\u2019accro\u00eet.<\/strong> L\u2019esp\u00e9rance de vie des 25 % les plus modestes diminue, sauf pour les 5 % aux plus faibles niveaux de vie ; dans le m\u00eame temps, celle des personnes plus ais\u00e9es progresse. \u00bb <\/em>rapporte l\u2019Insee dans cette mise \u00e0 jour.<\/p>\n<p>Un constat peu surprenant<strong> au regard <a target=\"_blank\" href=\"https:\/\/mrmondialisation.org\/supermarches-sucre-sante-pauvre\/\">des industriels de l\u2019alimentation<\/a> qui capitalisent sur la sant\u00e9 des plus pauvres et <a target=\"_blank\" href=\"https:\/\/mrmondialisation.org\/loi-france-travail-rsa-pauvres\/\">des politiques sociales qui pr\u00e9carisent les foyers modestes.<\/a><\/strong><\/p>\n<h2><strong>25% des plus pr\u00e9caires meurent avant 62 ans : l\u2019\u00e9cart mortel se creuse<\/strong><\/h2>\n<p><span style=\"font-weight: 400;\">Les statistiques sont sans appel :<\/span><span style=\"font-weight: 400;\">\u00a0<strong>25\u2009% des fran\u00e7ais\u00b7es les plus modestes sont d\u00e9j\u00e0 d\u00e9c\u00e9d\u00e9s \u00e0 62 ans, contre seulement 5\u2009% des plus ais\u00e9s.<\/strong> Quant aux <\/span><strong>10\u2009% de Fran\u00e7ais\u00b7es les plus pauvres, elles ont 3,5 fois plus de risques <\/strong>de d\u00e9velopper du diab\u00e8te<strong> que les 10\u2009% les plus ais\u00e9es. <\/strong>Dans\u00a0<a target=\"_blank\" href=\"https:\/\/drees.solidarites-sante.gouv.fr\/publications-communique-de-presse\/etudes-et-resultats\/les-maladies-chroniques-touchent-plus-souvent\" target=\"_blank\" rel=\"noopener\">une \u00e9tude<\/a> publi\u00e9e le jeudi 6 octobre 2022, le service statistique du minist\u00e8re de la Sant\u00e9 revient sur <strong>les causes de ces in\u00e9galit\u00e9s.<\/strong><\/p>\n<figure id=\"attachment_714974\" aria-describedby=\"caption-attachment-714974\" style=\"width: 1024px\" class=\"wp-caption alignnone\"><img fetchpriority=\"high\" decoding=\"async\" class=\"wp-image-714974\" src=\"https:\/\/mrmondialisation.org\/wp-content\/uploads\/2025\/02\/capture-decran-2025-02-05-140244.png\" alt=\"\" width=\"1024\" height=\"753\" srcset=\"https:\/\/mrmondialisation.org\/wp-content\/uploads\/2025\/02\/capture-decran-2025-02-05-140244.png 703w, https:\/\/mrmondialisation.org\/wp-content\/uploads\/2025\/02\/capture-decran-2025-02-05-140244-696x512.png 696w, https:\/\/mrmondialisation.org\/wp-content\/uploads\/2025\/02\/capture-decran-2025-02-05-140244-571x420.png 571w, https:\/\/mrmondialisation.org\/wp-content\/uploads\/2025\/02\/capture-decran-2025-02-05-140244-80x60.png 80w\" sizes=\"(max-width: 1024px) 100vw, 1024px\"\/><figcaption id=\"caption-attachment-714974\" class=\"wp-caption-text\">Avec toutes autorisations Insee<\/figcaption><\/figure>\n<p><span style=\"font-weight: 400;\">Et cela se joue d\u00e8s une augmentation de 100 euros sur le revenu.<\/span><span style=\"font-weight: 400;\">\u00a0<\/span><b>Selon <\/b><b>l\u2019Insee<\/b><b>, une augmentation de 100 euros mensuels autour d\u2019un revenu de 1 000 euros correspond \u00e0 un gain d\u2019esp\u00e9rance de vie de 0,9 an pour les hommes et 0,7 an pour les femmes<\/b><span style=\"font-weight: 400;\">, bien que l\u2019effet s\u2019att\u00e9nue pour les revenus plus \u00e9lev\u00e9s, ne repr\u00e9sentant plus que 0,3 an pour les hommes et 0,2 an pour les femmes autour d\u2019un revenu mensuel de 2 000 euros.<\/span><\/p>\n<p>Fait notable, les femmes ais\u00e9es semblent les gagnantes de cette course \u00e0 la long\u00e9vit\u00e9 : <strong>70\u2009% les plus ais\u00e9es ont une esp\u00e9rance de vie sup\u00e9rieure \u00e0 celle des hommes faisant partie des 5\u2009% les plus riches.<\/strong> Un dipl\u00f4me ne suffit pas \u00e0 rallonger son esp\u00e9rance de vie, c\u2019est v\u00e9ritablement ses revenus qui vont impacter directement votre temps de vie disponible. Selon <a target=\"_blank\" href=\"https:\/\/www.insee.fr\/fr\/statistiques\/3319895\"><span style=\"font-weight: 400;\">l\u2019Insee<\/span><\/a><span style=\"font-weight: 400;\">, <\/span><b>bien que le niveau d\u2019\u00e9ducation soit corr\u00e9l\u00e9 au niveau de vie, il n\u2019explique que partiellement les disparit\u00e9s d\u2019esp\u00e9rance de vie.<\/b><\/p>\n<h2><strong>Pourquoi un tel \u00e9cart ?\u00a0<\/strong><\/h2>\n<p><span style=\"font-weight: 400;\">Plusieurs facteurs expliquent cette disparit\u00e9 alarmante entre les plus pauvres et les plus riches. <\/span><b>D\u2019abord, le logement<\/b><span style=\"font-weight: 400;\"> : les plus d\u00e9favoris\u00e9s sont souvent <strong>expos\u00e9s \u00e0 des logements de moindre qualit\u00e9,<\/strong> difficiles \u00e0 chauffer et parfois humides, ce qui <strong>impacte directement leur sant\u00e9.<\/strong><\/span><\/p>\n<p>Par exemple, selon une \u00e9tude de l\u2019<a target=\"_blank\" href=\"https:\/\/inegalites.fr\/logement-humide-bruyant-difficile-a-chauffer\" target=\"_blank\" rel=\"noopener\"><span style=\"font-weight: 400;\">Observatoire des in\u00e9galit\u00e9s<\/span><\/a><span style=\"font-weight: 400;\">, la proportion de ceux qui d\u00e9clarent que leur logement est difficile \u00e0 chauffer est 2,5 fois plus importante chez les 20 % les plus pauvres que parmi les 20 % les plus riches ; et pr\u00e8s de 20\u2009% des m\u00e9nages moins ais\u00e9s ont un logement trop humide, contre seulement 10\u2009% des plus ais\u00e9s. <\/span><b>Selon <\/b><a target=\"_blank\" href=\"https:\/\/www.ademe.fr\/presse\/communique-national\/colloque-de-lonpe\/\" target=\"_blank\" rel=\"noopener\"><b>l\u2019ADEME<\/b><\/a><b>, en 2022, 3,2 millions de m\u00e9nages fran\u00e7ais\u00b7ses \u00e9taient en situation de pr\u00e9carit\u00e9 \u00e9nerg\u00e9tique, ce qui repr\u00e9sente 10,8\u2009% de la population.<\/b><\/p>\n<blockquote>\n<p><b><span style=\"font-weight: 400;\"><em>\u00ab <\/em><\/span>1<\/b><b>5\u2009% de la population fran\u00e7aise renonce \u00e0 des soins pour des raisons financi\u00e8res, malgr\u00e9 le syst\u00e8me de protection sociale. <i><span style=\"font-weight: 400;\"><em>\u00bb<\/em><\/span><\/i><\/b><\/p>\n<\/blockquote>\n<p><span style=\"font-weight: 400;\">La sant\u00e9 et l\u2019acc\u00e8s aux soins est bien moindre chez les plus pauvres, \u00e0 cause du prix de celle-ci : selon <\/span><a target=\"_blank\" href=\"https:\/\/www.inegalites.fr\/Comment-se-construisent-les-inegalites-sociales-de-sante\"><span style=\"font-weight: 400;\">l\u2019observatoire des in\u00e9galit\u00e9s<\/span><\/a><span style=\"font-weight: 400;\">, <\/span><b>1<\/b><b>5\u2009% de la population fran\u00e7aise renonce \u00e0 des soins pour des raisons financi\u00e8res, malgr\u00e9 le syst\u00e8me de protection sociale.<\/b> Selon l\u2019enqu\u00eate <a target=\"_blank\" href=\"https:\/\/www.insee.fr\/fr\/statistiques\/3319895#encadre1\" target=\"_blank\" rel=\"noopener\">Sant\u00e9 et protection sociale (ESPS)<\/a> de 2014 r\u00e9v\u00e8le des in\u00e9galit\u00e9s significatives en mati\u00e8re d\u2019acc\u00e8s aux soins entre les diff\u00e9rentes cat\u00e9gories socio-\u00e9conomiques en France.<\/p>\n<p>Les donn\u00e9es montrent que <b>11\u2009% des adultes parmi les 20\u2009% les plus modestes ont renonc\u00e9 \u00e0 consulter un m\u00e9decin pour des raisons financi\u00e8res au cours des 12 derniers mois, contre seulement 1\u2009% des adultes parmi les 20\u2009% les plus ais\u00e9s.<\/b> De plus, les cadres, ayant un niveau de vie plus \u00e9lev\u00e9, sont moins expos\u00e9s aux risques d\u2019accidents, de maladies et de contact avec des produits toxiques que les ouvrier\u00b7es.<\/p>\n<p><span style=\"font-weight: 400;\">Le rapport \u00e0 la sant\u00e9 est diff\u00e9rent d\u2019une classe sociale \u00e0 l\u2019autre, avec des variations de comportements : <\/span><b>les personnes moins dipl\u00f4m\u00e9es ont tendance \u00e0 adopter des comportements moins favorables \u00e0 la sant\u00e9, notamment en ce qui concerne le tabac. <\/b><\/p>\n<div class=\"td-a-rec td-a-rec-id-content_inline  tdi_1 td_block_template_1\">\n<center><a target=\"_blank\" href=\"https:\/\/fr.tipeee.com\/mr-mondialisation\" class=\"tipeee-project-small\">Je m&rsquo;abonne \u00e0 Mr Mondialisation<\/a>&#13;<br \/>\n<\/center>&amp;nbsp<\/div>\n<p>Selon <a target=\"_blank\" href=\"https:\/\/beh.santepubliquefrance.fr\/beh\/2022\/26\/2022_26_1.html\" target=\"_blank\" rel=\"noopener\"><span style=\"font-weight: 400;\">une \u00e9tude du Barom\u00e8tre de sant\u00e9<\/span><\/a><span style=\"font-weight: 400;\">, la pr\u00e9valence du tabagisme quotidien reste en 2021 nettement plus \u00e9lev\u00e9e lorsque le niveau de dipl\u00f4me est plus faible\u202f: <strong>elle varie de 32,0% parmi les personnes n\u2019ayant aucun dipl\u00f4me ou un dipl\u00f4me inf\u00e9rieur au baccalaur\u00e9at \u00e0 17,1% parmi les titulaires d\u2019un dipl\u00f4me sup\u00e9rieur au\u202fbaccalaur\u00e9at.<\/strong><\/span><\/p>\n<p>Elle ajoute que <strong><em>\u00ab <\/em><\/strong><i><span style=\"font-weight: 400;\"><strong>plus le revenu est \u00e9lev\u00e9, plus la pr\u00e9valence du tabagisme quotidien est faible\u202f:<\/strong> de 32,3% parmi les personnes dont le revenu correspondait au tercile le plus bas \u00e0 17,0% pour le tercile le plus \u00e9lev\u00e9. Enfin, parmi les 18-64 ans, la pr\u00e9valence du tabagisme quotidien reste nettement plus \u00e9lev\u00e9e parmi les personnes au ch\u00f4mage (45,7%), que parmi les personnes actives occup\u00e9es (26,6%) <em>\u00bb<\/em><\/span><\/i><span style=\"font-weight: 400;\">.\u00a0<\/span><\/p>\n<p><b>Les plus pauvres sont davantage touch\u00e9\u00b7es par des maladies graves de longue dur\u00e9e<\/b><span style=\"font-weight: 400;\"><strong>.<\/strong> Par exemple, les 10\u2009% les plus pauvres ont 2,8 fois plus de risques de d\u00e9velopper un diab\u00e8te que les 10\u2009% les plus riches. <strong>Les plus pauvres ont aussi une alimentation moins saine et \u00e9quilibr\u00e9e que les personnes cadres,<\/strong> comme en t\u00e9moigne <\/span><a target=\"_blank\" href=\"https:\/\/www.inrae.fr\/dossiers\/alimentation-sortir-inegalites\/manger-sain-sa-faim-question-revenus\" target=\"_blank\" rel=\"noopener\"><span style=\"font-weight: 400;\">ce dossier de l\u2019INRAE<\/span><\/a><span style=\"font-weight: 400;\"> :\u00a0<\/span><\/p>\n<p><span style=\"font-weight: 400;\">Enfin, selon une <a target=\"_blank\" href=\"https:\/\/www.medecinesciences.org\/en\/articles\/medsci\/full_html\/2016\/09\/medsci20163210p889\/medsci20163210p889.html\" target=\"_blank\" rel=\"noopener\">\u00e9tude<\/a> intitul\u00e9e <em>\u00ab <\/em><\/span><em><span style=\"font-weight: 400;\">Relations causales entre sant\u00e9 et travail, le regard des \u00e9conomistes<\/span> <span style=\"font-weight: 400;\"> \u00bb<\/span><\/em><span style=\"font-weight: 400;\"><em>,<\/em> il existe une <\/span><b>relation bidirectionnelle entre sant\u00e9 et niveau de vie : une mauvaise sant\u00e9 peut ainsi limiter les opportunit\u00e9s d\u2019\u00e9ducation et d\u2019emploi, conduisant \u00e0 un faible niveau\u00a0de vie.<\/b><span style=\"font-weight: 400;\"> Ces in\u00e9galit\u00e9s sociales en mati\u00e8re de sant\u00e9 persistent et sont souvent plus marqu\u00e9es en France que dans d\u2019autres pays europ\u00e9ens, selon l\u2019<a target=\"_blank\" href=\"https:\/\/www.insee.fr\/fr\/statistiques\/7666907?sommaire=7666953\" target=\"_blank\" rel=\"noopener\">Insee.<\/a><\/span><\/p>\n<figure id=\"attachment_714977\" aria-describedby=\"caption-attachment-714977\" style=\"width: 1024px\" class=\"wp-caption alignnone\"><img loading=\"lazy\" decoding=\"async\" class=\"wp-image-714977 size-medium\" src=\"https:\/\/mrmondialisation.org\/wp-content\/uploads\/2025\/02\/benjamin-disinger-2xzeiqfzw0g-unsplash-11zon-1024x835.jpg\" alt=\"\" width=\"1024\" height=\"835\" srcset=\"https:\/\/mrmondialisation.org\/wp-content\/uploads\/2025\/02\/benjamin-disinger-2xzeiqfzw0g-unsplash-11zon-1024x835.jpg 1024w, https:\/\/mrmondialisation.org\/wp-content\/uploads\/2025\/02\/benjamin-disinger-2xzeiqfzw0g-unsplash-11zon-1524x1243.jpg 1524w, https:\/\/mrmondialisation.org\/wp-content\/uploads\/2025\/02\/benjamin-disinger-2xzeiqfzw0g-unsplash-11zon-768x627.jpg 768w, https:\/\/mrmondialisation.org\/wp-content\/uploads\/2025\/02\/benjamin-disinger-2xzeiqfzw0g-unsplash-11zon-1536x1253.jpg 1536w, https:\/\/mrmondialisation.org\/wp-content\/uploads\/2025\/02\/benjamin-disinger-2xzeiqfzw0g-unsplash-11zon-2048x1671.jpg 2048w, https:\/\/mrmondialisation.org\/wp-content\/uploads\/2025\/02\/benjamin-disinger-2xzeiqfzw0g-unsplash-11zon-696x568.jpg 696w, https:\/\/mrmondialisation.org\/wp-content\/uploads\/2025\/02\/benjamin-disinger-2xzeiqfzw0g-unsplash-11zon-1068x871.jpg 1068w, https:\/\/mrmondialisation.org\/wp-content\/uploads\/2025\/02\/benjamin-disinger-2xzeiqfzw0g-unsplash-11zon-515x420.jpg 515w\" sizes=\"auto, (max-width: 1024px) 100vw, 1024px\"\/><figcaption id=\"caption-attachment-714977\" class=\"wp-caption-text\">Entre in\u00e9galit\u00e9s de genre, de classe, mal logement\u2026 l\u2019\u00e9cart se creuse. \u2013 Cr\u00e9dits : Benjamin Disinger \u2013 Unsplash<\/figcaption><\/figure>\n<h3><span style=\"font-weight: 400;\"><strong>Demain, tous\u00b7tes pr\u00e9caires ?<\/strong>\u00a0<\/span><\/h3>\n<p><span style=\"font-weight: 400;\">Malheureusement, ce n\u2019est pas tout : Sous la pr\u00e9sidence Macron, la pr\u00e9carit\u00e9 alimentaire est \u00e0 la hausse, comme en t\u00e9moigne, l\u2019\u00e9tude de l\u2019INRAE <\/span><a target=\"_blank\" href=\"https:\/\/www.inrae.fr\/dossiers\/alimentation-sortir-inegalites\/manger-sain-sa-faim-question-revenus\" target=\"_blank\" rel=\"noopener\"><span style=\"font-weight: 400;\">Manger sain et \u00e0 sa faim, une question de revenus<\/span><\/a><span style=\"font-weight: 400;\">. En 2022, on estime que <strong>9,1 millions de Fran\u00e7ais\u00b7es sont concern\u00e9s par cette situation de pr\u00e9carit\u00e9 alimentaire, soit 14,4% de la population.<\/strong><\/span><\/p>\n<p>R\u00e9sultat ? Le recours \u00e0 l\u2019aide alimentaire est de plus en plus pr\u00e9sent dans le quotidien de nombreux\u00b7ses fran\u00e7ais\u00b7es. <strong>Entre 2009 et 2019, le nombre de b\u00e9n\u00e9ficiaires a plus que doubl\u00e9, atteignant 5,5 millions de personnes.<\/strong><\/p>\n<p><span style=\"font-weight: 400;\">La crise sanitaire a encore accentu\u00e9 cette tendance, avec une hausse de 10\u2009% en 2020-2021, suivie d\u2019une augmentation de 6\u2009% au premier semestre 2022. <strong>De nouveaux publics, comme <\/strong><\/span><strong>les \u00e9tudiant\u00b7es particuli\u00e8rement touch\u00e9s par les confinements, ont rejoint les rangs des b\u00e9n\u00e9ficiaires.<br \/><\/strong><\/p>\n<p><iframe loading=\"lazy\" title=\"ETUDIANTS ET PR\u00c9CARIT\u00c9 : LES OUBLI\u00c9S DU GOUVERNEMENT\" width=\"1110\" height=\"624\" src=\"https:\/\/www.youtube.com\/embed\/ZYk0br2SaHo?feature=oembed\" frameborder=\"0\" allow=\"accelerometer; autoplay; clipboard-write; encrypted-media; gyroscope; picture-in-picture; web-share\" referrerpolicy=\"strict-origin-when-cross-origin\" allowfullscreen><\/iframe><\/p>\n<p><b>La crise des gilets jaunes en 2018 a mis en lumi\u00e8re une autre facette de la pr\u00e9carit\u00e9 alimentaire, touchant des personnes qui, bien qu\u2019ayant un emploi et un logement, peinent \u00e0 s\u2019offrir une alimentation \u00e9quilibr\u00e9e.<\/b> Ces individus, souvent au-dessus des seuils d\u2019\u00e9ligibilit\u00e9 pour l\u2019aide alimentaire, se voient contraints de faire des choix difficiles, privil\u00e9giant par exemple les d\u00e9penses de carburant au d\u00e9triment de produits frais.<\/p>\n<p><span style=\"font-weight: 400;\"><strong>Cette r\u00e9alit\u00e9 complexe souligne l\u2019importance de repenser les politiques de lutte contre la pauvret\u00e9 et la pr\u00e9carit\u00e9 alimentaire en France,<\/strong> pour mieux r\u00e9pondre aux besoins d\u2019une population de plus en plus diverse et fragilis\u00e9e.\u00a0<\/span><\/p>\n<h2><strong>Les politiques publiques tardives et inefficaces<\/strong><\/h2>\n<p><span style=\"font-weight: 400;\">D\u00e9j\u00e0 en 2022, le gouvernement publiait ironiquement une \u00e9tude sur la lutte contre la pr\u00e9carit\u00e9 alimentaire, alors qu\u2019<strong>inflations et superprofits permettaient \u00e0 <\/strong><\/span><span style=\"font-weight: 400;\"><strong>certaines entreprises de l\u2019agroalimentaire,<\/strong> par exemple, <strong>d\u2019<a target=\"_blank\" href=\"https:\/\/www.novethic.fr\/actualite\/economie\/economie\/isr-rse\/les-superprofits-des-geants-de-l-agroalimentaire-font-gonfler-l-inflation-151458.html\" target=\"_blank\" rel=\"noopener\">engranger des millions<\/a><\/strong><\/span><strong> sur le dos des Fran\u00e7ais\u00b7es.\u00a0<\/strong><\/p>\n<p><span style=\"font-weight: 400;\">Fin 2023, le gouvernement a tout de m\u00eame allou\u00e9 un <strong>budget de 60 millions d\u2019euros contre la pr\u00e9carit\u00e9 alimentaire,<\/strong> ventil\u00e9s comme suit \u00e0 travers le programme <\/span><a target=\"_blank\" href=\"https:\/\/solidarites.gouv.fr\/programme-mieux-manger-pour-tous?source=36884f36-85b0-4856-aba5-53bfec8a010b\" target=\"_blank\" rel=\"noopener\"><span style=\"font-weight: 400;\"><em>\u00ab Mieux manger pour tous \u00bb<\/em><\/span><\/a><span style=\"font-weight: 400;\"> : distributions de colis ou paniers alimentaires, les distributions de paniers solidaires de produits frais, les distributions de repas, les \u00e9piceries sociales et solidaires, les groupements d\u2019achats citoyens, les jardins collectifs, les maraudes alimentaires, les restaurants sociaux et solidaires, les transferts mon\u00e9taires\u2026<\/span><\/p>\n<p>Cela ne permettra pas<strong> aux foyers <em>\u00ab juste au-dessus des seuils de survivre <\/em><\/strong><em>\u00e0 une augmentation moyenne de 25\u2009% du prix des denr\u00e9es alimentaires \u00bb.<\/em><\/p>\n<p><span style=\"font-weight: 400;\">De m\u00eame, l\u2019acc\u00e8s aux soins est dans le viseur \u00e9tatique, avec le plan <\/span><em><a target=\"_blank\" href=\"https:\/\/www.info.gouv.fr\/actualite\/ameliorer-lacces-aux-soins-dans-les-territoires#:~:text=Le%20plan%20%C2%AB%20Pour%20des%20solutions,sur%20l'ensemble%20du%20territoire.&amp;text=Permettre%20%C3%A0%20plus%20de%202,avoir%20acc%C3%A8s%20%C3%A0%20un%20m%C3%A9decin.\" target=\"_blank\" rel=\"noopener\"><span style=\"font-weight: 400;\">\u00ab Pour des solutions concr\u00e8tes d\u2019acc\u00e8s aux soins dans les territoires \u00bb<\/span><\/a><\/em><span style=\"font-weight: 400;\">. <strong>Pourtant, le budget 2025 montre une diminution importante des cr\u00e9dits de la mission Sant\u00e9, <\/strong><\/span><a target=\"_blank\" href=\"https:\/\/www.senat.fr\/rap\/a24-147-4\/a24-147-4_mono.html\" target=\"_blank\" rel=\"noopener\"><span style=\"font-weight: 400;\">avec une baisse de pr\u00e8s de 40% par rapport \u00e0 2024<\/span><\/a><span style=\"font-weight: 400;\">, des <strong>coupes budg\u00e9taires<\/strong> affectant le programme 204 \u00ab <em>Pr\u00e9vention, s\u00e9curit\u00e9 sanitaire et offre de soins \u00bb<\/em>.<\/span><\/p>\n<p>Ce n\u2019est certainement pas l\u2019introduction d\u2019une \u00ab <em>taxe lapin<\/em> <em>\u00bb<\/em> de 5 euros pour les rendez-vous m\u00e9dicaux non honor\u00e9s, visant \u00e0 <strong>r\u00e9cup\u00e9rer 15 \u00e0 20 millions<\/strong> <strong>de rendez-vous qui vont aider les plus pauvres \u00e0 \u00eatre en meilleure sant\u00e9.\u00a0<\/strong><\/p>\n<blockquote>\n<p><strong>\u00ab Rien sur la sant\u00e9 mentale, qui touche davantage les <a target=\"_blank\" href=\"https:\/\/www.franceinfo.fr\/sante\/enfant-ado\/sante-mentale-les-enfants-les-plus-pauvres-sont-trois-fois-plus-souvent-hospitalises-pour-des-problemes-psychiatriques-que-les-autres_6291105.html\" target=\"_blank\" rel=\"noopener\">ENFANTS DES PLUS PAUVRES,<\/a> dont ceux vivant sous le seuil de pauvret\u00e9 sont trois fois plus souvent hospitalis\u00e9s pour des probl\u00e8mes psychiatriques que les autres enfants. \u00bb\u00a0<\/strong><\/p>\n<\/blockquote>\n<p><span style=\"font-weight: 400;\">La France a mis en place diverses mesures pour <strong>lutter contre le mal-logement, un probl\u00e8me qui touche encore de nombreux\u00b7ses citoyen\u00b7nes.<\/strong> Ces initiatives comprennent le Plan quinquennal pour le Logement, visant \u00e0 orienter les personnes sans-abri vers des logements durables, et <strong>la loi DALO garantissant le droit \u00e0 un logement d\u00e9cent.<\/strong><\/span><\/p>\n<p>La loi ELAN renforce la lutte contre les copropri\u00e9t\u00e9s d\u00e9grad\u00e9es et les marchands de sommeil. L\u2019\u00c9tat poursuit \u00e9galement la construction de logements sociaux, avec un <strong>objectif de 25\u2009% dans certaines communes d\u2019ici 2025.<\/strong> Parall\u00e8lement, <strong>le budget global de MaPrimeR\u00e9nov\u2019 pour 2025, qui s\u2019\u00e9l\u00e8ve \u00e0 2,3 milliards d\u2019euros, s\u2019est amoindri d\u2019un milliard d\u2019euros par rapport \u00e0 l\u2019ann\u00e9e pr\u00e9c\u00e9dente.<\/strong><\/p>\n<p style=\"text-align: right;\">\u2013 <strong><em>Mauricette Baelen<\/em><\/strong><\/p>\n<hr\/>\n<p>Photo de couverture de <a target=\"_blank\" href=\"https:\/\/unsplash.com\/fr\/@philinit\" target=\"_blank\" rel=\"noopener\">Philippe L\u00e9one<\/a> sur <a target=\"_blank\" href=\"https:\/\/unsplash.com\/fr\/photos\/deux-femmes-et-un-homme-marchant-dans-la-rue-pendant-la-journee-Y5VBtBgswLQ\" target=\"_blank\" rel=\"noopener\">Unsplash<\/a><\/p>\n<div class=\"td-a-rec td-a-rec-id-content_bottom  tdi_2 td_block_template_1\">\n<span class=\"td-adspot-title\">&#8211; Cet article gratuit, ind\u00e9pendant et sans IA existe gr\u00e2ce aux abonn\u00e9s &#8211;<\/span><\/p>\n<div class=\"td-all-devices\">\n    <a target=\"_blank\" href=\"https:\/\/mrmondialisation.org\/donation\/\" title=\"Faire_un_don\"><img decoding=\"async\" class=\"donationArticle\" src=\"https:\/\/mrmondialisation.org\/wp-content\/uploads\/2022\/12\/220405-flikalicious-final.jpg\" alt=\"Donation\"\/><\/a>\n<\/div>\n<\/div><\/div>\n<p><br \/>\n<br \/><a href=\"https:\/\/mrmondialisation.org\/lutte-classes-mort\/\" target=\"_blank\"\">Source link <\/a><\/p>\n","protected":false},"excerpt":{"rendered":"<p>13 ans. C\u2019est le nombre d\u2019ann\u00e9es qui s\u00e9pare l\u2019esp\u00e9rance de vie d\u2019un\u00b7e fran\u00e7ais\u00b7e riche et l\u2019esp\u00e9rance de vie d\u2019un\u00b7e fran\u00e7ais\u00b7e pauvre, chiffre quasiment identique depuis les ann\u00e9es 70. La lutte&hellip; <\/p>\n","protected":false},"author":1,"featured_media":22419,"comment_status":"open","ping_status":"open","sticky":false,"template":"","format":"standard","meta":{"footnotes":""},"categories":[1],"tags":[],"class_list":["post-22418","post","type-post","status-publish","format-standard","has-post-thumbnail","hentry","category-non-classe"],"_links":{"self":[{"href":"https:\/\/monde25.info\/index.php\/wp-json\/wp\/v2\/posts\/22418","targetHints":{"allow":["GET"]}}],"collection":[{"href":"https:\/\/monde25.info\/index.php\/wp-json\/wp\/v2\/posts"}],"about":[{"href":"https:\/\/monde25.info\/index.php\/wp-json\/wp\/v2\/types\/post"}],"author":[{"embeddable":true,"href":"https:\/\/monde25.info\/index.php\/wp-json\/wp\/v2\/users\/1"}],"replies":[{"embeddable":true,"href":"https:\/\/monde25.info\/index.php\/wp-json\/wp\/v2\/comments?post=22418"}],"version-history":[{"count":0,"href":"https:\/\/monde25.info\/index.php\/wp-json\/wp\/v2\/posts\/22418\/revisions"}],"wp:featuredmedia":[{"embeddable":true,"href":"https:\/\/monde25.info\/index.php\/wp-json\/wp\/v2\/media\/22419"}],"wp:attachment":[{"href":"https:\/\/monde25.info\/index.php\/wp-json\/wp\/v2\/media?parent=22418"}],"wp:term":[{"taxonomy":"category","embeddable":true,"href":"https:\/\/monde25.info\/index.php\/wp-json\/wp\/v2\/categories?post=22418"},{"taxonomy":"post_tag","embeddable":true,"href":"https:\/\/monde25.info\/index.php\/wp-json\/wp\/v2\/tags?post=22418"}],"curies":[{"name":"wp","href":"https:\/\/api.w.org\/{rel}","templated":true}]}}