{"id":22420,"date":"2026-01-15T07:04:35","date_gmt":"2026-01-15T06:04:35","guid":{"rendered":"https:\/\/monde25.info\/index.php\/2026\/01\/15\/le-rapport-sur-la-desinformation-en-sante-un-panel-biaise-vers-lestablishement-loin-des-attentes-des-francais\/"},"modified":"2026-01-15T07:04:35","modified_gmt":"2026-01-15T06:04:35","slug":"le-rapport-sur-la-desinformation-en-sante-un-panel-biaise-vers-lestablishement-loin-des-attentes-des-francais","status":"publish","type":"post","link":"https:\/\/monde25.info\/index.php\/2026\/01\/15\/le-rapport-sur-la-desinformation-en-sante-un-panel-biaise-vers-lestablishement-loin-des-attentes-des-francais\/","title":{"rendered":"Le rapport sur la d\u00e9sinformation en Sant\u00e9 : un panel biais\u00e9 vers \u00ab\u00a0l\u2019establishement\u00a0\u00bb, loin des attentes des Fran\u00e7ais"},"content":{"rendered":"<p> <br \/>\n<\/p>\n<div>\n<p>Le <a target=\"_blank\" href=\"https:\/\/edition.francesoir.fr\/sites\/default\/files\/2026-01\/rapport_information.pdf\">rapport Molimard-Costagliola-Maisonneuve<\/a>, remis le 12 janvier 2026 au ministre de la Sant\u00e9, suscite d\u00e9j\u00e0 de vives interrogations, notamment pour tous ceux qui d\u00e9fendent sans rel\u00e2che la libert\u00e9 d&rsquo;expression et une information \u00e9quilibr\u00e9e. Mais \u00e9galement pour les partisans des trois auteurs qui regrettent l&rsquo;\u00e9dulcoration du rapport\u00a0!<\/p>\n<p>Tout d\u2019abord il est bon de rappeler que la ministre de la Sant\u00e9 <strong>n\u2019a pas r\u00e9pondu \u00e0 la demande de r\u00e9cusation<\/strong> des trois auteurs de ce rapport, rendant <a target=\"_blank\" href=\"https:\/\/media.francesoir.fr\/politique-france-societe-sante-science-tech\/victoire-implicite-pour-la-transparence-en-sante\">la d\u00e9cision de leur r\u00e9cusation implicite<\/a>. Les motifs invoqu\u00e9s par l\u2019association BonSens.org pour justifier la demande de retrait des trois experts \u00e9taient clairs : violations des obligations de d\u00e9claration publique d&rsquo;int\u00e9r\u00eats, financement opaque de la mission (contraire \u00e0 la Loi organique relative aux lois de finances et au Code de la sant\u00e9 publique), et manque d&rsquo;ind\u00e9pendance flagrant. Il est int\u00e9ressant de noter que la demande de l\u2019association BonSens.org fait l\u2019objet d\u2019une proc\u00e9dure juridique. Leur nomination avait \u00e9t\u00e9 <a target=\"_blank\" href=\"https:\/\/www.francesoir.fr\/opinions-editos\/la-mission-sur-la-desinformation-en-sante-de-neuder-un-pari-risque-pour-la-verite\">qualifi\u00e9e de \u00ab\u00a0<em>pari risqu\u00e9 pour la v\u00e9rit\u00e9 et la R\u00e9publique<\/em>\u00a0\u00bb<\/a>, soulignant le risque de partialit\u00e9 dans une mission cens\u00e9e restaurer la confiance dans la science.<\/p>\n<p>R\u00e9sum\u00e9 vid\u00e9o de l&rsquo;analyse :\u00a0<br \/><iframe loading=\"lazy\" title=\"Le rapport sur la d\u00e9nformation en Sant\u00e9 : un panel biais\u00e9 vers \u00ab l\u2019establishement \u00bb,\" width=\"1110\" height=\"624\" src=\"https:\/\/www.youtube.com\/embed\/ZqcbkhHNA1I?feature=oembed\" frameborder=\"0\" allow=\"accelerometer; autoplay; clipboard-write; encrypted-media; gyroscope; picture-in-picture; web-share\" referrerpolicy=\"strict-origin-when-cross-origin\" allowfullscreen><\/iframe><\/p>\n<p>Ce document, cens\u00e9 proposer <strong>une strat\u00e9gie nationale contre la d\u00e9sinformation en sant\u00e9,<\/strong> repose sur 156 entretiens avec 270 acteurs (267 uniques apr\u00e8s d\u00e9duplication). <strong>Mais, qui compose vraiment ce panel ? <\/strong>\u00c0 partir de leurs profils publics \u2013 un profilage a \u00e9t\u00e9 effectu\u00e9 par IA pour chaque personne interrog\u00e9e sur plusieurs crit\u00e8res\u00a0:<\/p>\n<ul>\n<li>Le <a target=\"_blank\" href=\"https:\/\/youtu.be\/N_Tk5g5bXIc\">LancetGate<\/a>\u00a0: ont-ils oui ou non identifi\u00e9 les biais du lancetgate en 2020\u00a0avant sa r\u00e9tractation\u00a0?<\/li>\n<li><a target=\"_blank\" href=\"https:\/\/www.youtube.com\/watch?v=Eilw0U6O7ic\">L\u2019\u00e9tude ReCoveRy\u00a0:<\/a> ont-ils oui ou non d\u00e9nonc\u00e9 les biais de l\u2019\u00e9tude ReCoVery sur l\u2019hydroxychloroquine (doses toxiques sur des patients hospitalis\u00e9s)\u00a0?<\/li>\n<li>Position sur la vaccination en g\u00e9n\u00e9ral\u00a0: ont-ils une id\u00e9ologie pro-vax d\u00e9clar\u00e9e\u00a0?<\/li>\n<li>Position sur la vaccination covid-19\u00a0: ont-ils soutenu ou non la campagne de vaccination covid\u00a0?<\/li>\n<li>Existence des effets secondaires de la vaccination\u00a0: ont-ils ni\u00e9 l\u2019existence d\u2019effets secondaires des vaccins covid-19\u00a0? \u00a0<\/li>\n<li><a target=\"_blank\" href=\"https:\/\/www.francesoir.fr\/societe-sante-science-tech\/quand-la-propagande-institutionnelle-remplace-le-journalisme-le-cas-du\">Position publique sur Robert Kennedy Jr secr\u00e9taire d&rsquo;\u00c9tat \u00e0 la Sant\u00e9 am\u00e9ricain\u00a0<\/a>: ont-ils pris ou non une position sur RFK Jr en le traitant d\u2019antivax, antiscience ou complotiste\u00a0?<\/li>\n<\/ul>\n<p>Une analyse approfondie de leurs profils publics r\u00e9v\u00e8le-t-il des tropismes\u00a0? Le philosophe Rico Hauswald, <a target=\"_blank\" href=\"https:\/\/www.francesoir.fr\/societe-sante-science-tech\/les-echecs-des-mecanismes-de-controle-scientifique-quand-les-biais\">dans son article publi\u00e9 dans Synthese le 6 janvier 2026<\/a> d\u00e9nonce les <strong>dysfonctionnements des m\u00e9canismes de contr\u00f4le scientifique<\/strong>, qui m\u00e8nent \u00e0 des consensus \u00ab\u00a0<em>d\u00e9g\u00e9n\u00e9ratifs<\/em>\u00a0\u00bb et \u00e9rodent la confiance publique. Existe-t-il un lien ?<\/p>\n<blockquote>\n<p>Loin d&rsquo;\u00eatre ind\u00e9pendant, ce panel r\u00e9v\u00e8le des tendances id\u00e9ologiques et des positions qui trahissent une non-ind\u00e9pendance et un biais flagrant vers l\u2019establishment m\u00e9dical. L\u2019application des <a target=\"_blank\" href=\"https:\/\/www.francesoir.fr\/societe-sante-science-tech\/les-echecs-des-mecanismes-de-controle-scientifique-quand-les-biais\">th\u00e8mes explor\u00e9s par Hauswald<\/a>, illustre comment un gardiennage restrictif exclut les voix dissidentes, favorisant des biais de confirmation et une d\u00e9f\u00e9rence excessive \u00e0 la science \u00ab\u00a0<em>officielle<\/em>\u00a0\u00bb. Le panel est domin\u00e9 par des figures align\u00e9es sur les narratives officielles qui <strong>minimisent les critiques des scandales pass\u00e9s<\/strong> comme le LancetGate ou l&rsquo;\u00e9tude RECOVERY, tout <strong>en promouvant une id\u00e9ologie pro-vaccinale sans nuance<\/strong>.<\/p>\n<p>Pire, <strong>il n&rsquo;est pas repr\u00e9sentatif des Fran\u00e7ais<\/strong>, comme le montre le <a target=\"_blank\" href=\"https:\/\/media.francesoir.fr\/politique-france-societe-sante-science-tech\/de-l-adhesion-la-mefiance-81-des-francais-rejettent-la\">sondage MIS Group pour France-Soir\/BonSens.org de d\u00e9cembre 2025<\/a>, qui <strong>r\u00e9v\u00e8le un scepticisme massif envers les campagnes vaccinales COVID<\/strong>. Un tel rapport, avec ses biais \u00e9vidents, risque non pas de restaurer la confiance, mais d&rsquo;alimenter la d\u00e9fiance envers les institutions, en excluant des experts de tous bords.<\/p>\n<\/blockquote>\n<h5>\u00a0<\/h5>\n<h5><strong>Les experts &#8211; d&rsquo;o\u00f9 viennent-ils ?<\/strong><\/h5>\n<p>Examinons l&rsquo;origine de ces experts. Le panel des 268 profils analys\u00e9s couvre l&rsquo;int\u00e9gralit\u00e9 de l&rsquo;\u00e9cosyst\u00e8me institutionnel fran\u00e7ais, des agences d&rsquo;\u00c9tat aux m\u00e9dias, en passant par les ordres professionnels et le monde acad\u00e9mique. \u00a0<\/p>\n<p><img decoding=\"async\" data-entity-uuid=\"5164bc30-7c0e-4aeb-a0ce-a78a03ff04e8\" data-entity-type=\"file\" alt=\"RD02\" width=\"1834\" height=\"1024\" loading=\"lazy\" class=\"lazyload\" src=\"https:\/\/www.francesoir.fr\/sites\/default\/files\/inline-images\/Tropisme%20Institutionnel%20Une%20Enqu%C3%AAte%20D%C3%A9sinformation%20%286%29.png\"\/><\/p>\n<p>Cependant, quand on regroupe par sources de financements ou d\u00e9pendances de l&rsquo;\u00c9tat, <strong>80 % <\/strong>des acteurs viennent d&rsquo;agences gouvernementales, d&rsquo;ordres professionnels, d&rsquo;instituts de recherche, d&rsquo;universit\u00e9s, ou d&rsquo;acad\u00e9mies qui d\u00e9pendent financi\u00e8rement de l&rsquo;Etat fran\u00e7ais. 12% des m\u00e9dias ou fact checkers dont certains comme l&rsquo;AFP ou les m\u00e9dias subventionn\u00e9s ont encore une d\u00e9pendance financi\u00e8re \u00e0 l&rsquo;\u00c9tat. Et 8% d&rsquo;autres associations ou entreprises priv\u00e9es. Et z\u00e9ro association citoyenne critique comme BonSens.org, ReinfoLibert\u00e9, Verity France ou d&rsquo;autres associations de victimes d&rsquo;effets secondaires de la vaccination covid. Le tropisme institutionnel est v\u00e9ritablement \u00e9crasant.\u00a0<\/p>\n<p><img decoding=\"async\" data-entity-uuid=\"c7dd0b54-7dd7-4aa2-a5e7-79d19ae9e994\" data-entity-type=\"file\" alt=\"RD01\" width=\"945\" height=\"528\" loading=\"lazy\" class=\"lazyload\" src=\"https:\/\/www.francesoir.fr\/sites\/default\/files\/inline-images\/image_936.png\"\/><\/p>\n<p>\u00a0<\/p>\n<h5><strong>Tropisme sur la <\/strong><a target=\"_blank\" href=\"https:\/\/youtu.be\/N_Tk5g5bXIc\"><strong>fraude du LancetGate<\/strong><\/a><strong> ou une confiance aveugle dans les publications officielles<\/strong><\/h5>\n<p>Le premier crit\u00e8re \u00e9value si la personne ou son institution a identifi\u00e9 a priori la fraude du LancetGate (article r\u00e9tract\u00e9 en 2020 sur l&rsquo;hydroxychloroquine, bas\u00e9 sur des donn\u00e9es falsifi\u00e9es). Ce scandale a eu des r\u00e9percussions mondiales, influen\u00e7ant des interdictions pr\u00e9matur\u00e9es en France.<\/p>\n<p><img decoding=\"async\" data-entity-uuid=\"4990f942-7381-4c4f-bd0f-4c0838472e59\" data-entity-type=\"file\" alt=\"RD03\" width=\"945\" height=\"528\" loading=\"lazy\" class=\"lazyload\" src=\"https:\/\/www.francesoir.fr\/sites\/default\/files\/inline-images\/image_937.png\"\/><\/p>\n<p>Aucune des personnes interview\u00e9es <strong>n&rsquo;avait \u00e9mis de r\u00e9serve sur cette \u00e9tude r\u00e9tract\u00e9e en 14 jours en 2020 qui entraina l\u2019arr\u00eat des recherches<\/strong> sur l\u2019hydroxychloroquine alors que les trop nombreux biais de cette \u00e9tude pouvaient \u00eatre identifi\u00e9s rapidement.\u00a0Et, aucun des r\u00e9pondants n\u2019a contact\u00e9 Mandeep Mehra l\u2019auteur principal de l\u2019\u00e9tude.\u00a0<\/p>\n<p>Parmi ce panel, on observe un tropisme vers <strong>une absence de d\u00e9tection proactive (83 %)<\/strong> qui illustre <strong>un biais de confiance institutionnelle<\/strong> ou encore des prises de positions publiques \u00ab\u00a0pro-lancet\u00a0\u00bb qui ont entrain\u00e9 une d\u00e9sinformation.\u00a0<\/p>\n<p>Des organisations comme l\u2019AFP ou des figures comme Alain Fischer ou Olivier V\u00e9ran, issues d&rsquo;acad\u00e9mies ou d&rsquo;anciens minist\u00e8res, <strong>ont soutenu initialement l&rsquo;article<\/strong>, minimisant la fraude. Cela <strong>questionne l&rsquo;ind\u00e9pendance du panel<\/strong> : comment lutter contre la d\u00e9sinformation si l&rsquo;on ignore les \u00e9checs des revues dites \u00ab\u00a0prestigieuses\u00a0\u00bb et que l&rsquo;on tombe dans un biais de confirmation ou un argument d\u2019autorit\u00e9 ?\u00a0<\/p>\n<blockquote>\n<p>En France, et en Europe, seul France-Soir a interview\u00e9 Mandeep Mehra <a target=\"_blank\" href=\"https:\/\/www.francesoir.fr\/opinions-entretiens-societe-sante\/interview-exclusive-mandeep-mehra-lhydroxychloroquine-pas\">indiquant une r\u00e9serve lors de la publication<\/a>.<\/p>\n<\/blockquote>\n<h5><strong>Position sur <\/strong><a target=\"_blank\" href=\"https:\/\/www.youtube.com\/watch?v=Eilw0U6O7ic\"><strong>l&rsquo;\u00e9tude RECOVERY<\/strong><\/a><strong> : un suivisme sans critique<\/strong><\/h5>\n<p>Le deuxi\u00e8me crit\u00e8re analyse <a target=\"_blank\" href=\"https:\/\/www.francesoir.fr\/societe-sante-science-tech\/recovery-etude-britannique-un-scandale-mortel-denonce-en-2020-par-france\">la position sur l&rsquo;\u00e9tude RECOVERY (2020)<\/a>, qui a conclu \u00e0 l&rsquo;inefficacit\u00e9 de l&rsquo;hydroxychloroquine malgr\u00e9 des controverses sur les doses utilis\u00e9es sur des patients affaiblis et hospitalis\u00e9s \u2013 on est loin du traitement pr\u00e9coce.<\/p>\n<p><img decoding=\"async\" data-entity-uuid=\"3273a3ec-970a-4a8f-b138-71857cda1574\" data-entity-type=\"file\" alt=\"RD04\" width=\"945\" height=\"528\" loading=\"lazy\" class=\"lazyload\" src=\"https:\/\/www.francesoir.fr\/sites\/default\/files\/inline-images\/image_938.png\"\/><\/p>\n<p>Aucun des trois auteurs du rapport n\u2019a critiqu\u00e9 l\u2019\u00e9tude ReCoVery sur ces nombreux biais qui contribuent \u00e0 la d\u00e9sinformation du public. Avec 90 % sans critique observ\u00e9e, le tropisme <strong>\u00ab\u00a0<\/strong><em><strong>suiveur de tendance<\/strong><\/em><strong>\u00a0\u00bb domine<\/strong>.\u00a0<\/p>\n<p>Des personnalit\u00e9s dont l\u2019opposition aux traitements pr\u00e9coces est notoire, comme J\u00e9r\u00f4me Marty ou R\u00e9mi Salomon, souvent li\u00e9s \u00e0 des f\u00e9d\u00e9rations hospitali\u00e8res, <strong>ont suivi sans questionner,<\/strong> renfor\u00e7ant un gardiennage restrictif qui exclut les alternatives, <a target=\"_blank\" href=\"https:\/\/www.francesoir.fr\/societe-sante-science-tech\/le-biais-ideologique-dans-la-recherche-scientifique-quand-les-opinions\">comme illustr\u00e9 dans les biais de l&rsquo;\u00e9tude EPI-PHARE<\/a>. Ce biais renforce <strong>l&rsquo;id\u00e9e d&rsquo;un panel non ind\u00e9pendant<\/strong>, align\u00e9 sur les \u00e9tudes institutionnelles, au d\u00e9triment d&rsquo;analyses critiques.<\/p>\n<p><strong>\u00a0<\/strong><\/p>\n<h5><strong>Id\u00e9ologie vaccinale g\u00e9n\u00e9rale : un panel pro-vax sans nuance<\/strong><\/h5>\n<p>Le troisi\u00e8me crit\u00e8re sur lequel on peut \u00e9valuer la position des membres du panel est l\u2019id\u00e9ologie vaccinale globale. Aucune des personnes du panel est identifi\u00e9e <strong>comme ayant des positions vaccino-sceptiques d\u00e9clar\u00e9es <\/strong>ou s&rsquo;interrogeant sur la vaccination. 23% ont des positions publiques affich\u00e9es pour la vaccination <strong>en \u00e9tant soit un promoteur actif de la vaccination <\/strong>(16%) ou juste pro-vaccin d\u00e9clar\u00e9 (7%). Des acteurs comme Karine Lacombe ou Olivier V\u00e9ran, issus d&rsquo;universit\u00e9s ou de gouvernements pass\u00e9s, <strong>illustrent ce consensus<\/strong>. Ce panel, domin\u00e9 par des personnes issues du monde acad\u00e9mique (11 %), illustre une \u00ab\u00a0<em>arrogance \u00e9pist\u00e9mique<\/em>\u00a0\u00bb qui \u00e9rode la confiance publique.<\/p>\n<p>Cela d\u00e9note <strong>une non-ind\u00e9pendance flagrante<\/strong>, o\u00f9 le panel exclut les <strong>perspectives sceptiques<\/strong> qui sont bien pr\u00e9sentes dans la population avec une baisse flagrante de l\u2019adh\u00e9sion \u00e0 la vaccination.\u00a0<\/p>\n<p><img decoding=\"async\" data-entity-uuid=\"18d3f706-f4dc-4dae-b0a3-2474522ff160\" data-entity-type=\"file\" alt=\"RD05\" width=\"945\" height=\"528\" loading=\"lazy\" class=\"lazyload\" src=\"https:\/\/www.francesoir.fr\/sites\/default\/files\/inline-images\/image_939.png\"\/><\/p>\n<h5><strong>Tropisme sur le vaccin COVID : une recommandation dominante<\/strong><\/h5>\n<p>Le quatri\u00e8me crit\u00e8re mesure le niveau de recommandation du vaccin COVID.<\/p>\n<p>Parmi les membres du panel, 7% ont recommand\u00e9 fortement et proactivement la vaccination covid-19, 16% l\u2019ont juste recommand\u00e9 et 76% n\u2019affichent pas de position publique. Cependant, aucune des personnes interview\u00e9es n\u2019est <strong>connue pour avoir pris une position neutre ou h\u00e9sitante <\/strong>envers les vaccins covid-19.<\/p>\n<p>Parmi les personnes dont l\u2019avis est connu, ~70 % recommandent (dont 29 % fortement) la vaccination. Des figures institutionnelles comme Alain Fischer <strong>dominent ce tropisme pro-vaccination.<\/strong> Cela confirme un biais vers l&rsquo;establishment, ignorant les pr\u00e9occupations citoyennes.<\/p>\n<p>\u00a0<\/p>\n<h5><strong>Effets secondaires du vaccin COVID : une minimisation syst\u00e9matique<\/strong><\/h5>\n<p>Le cinqui\u00e8me crit\u00e8re \u00e9value la reconnaissance des effets ind\u00e9sirables (EI). Aucune des personnalit\u00e9s interview\u00e9es n\u2019a reconnu a priori, l\u2019existence possible d\u2019effets ind\u00e9sirables de la vaccination soutenant pour la plupart soit publiquement soit au travers de leurs institutions le \u00ab\u00a0tous vaccin\u00e9s tous prot\u00e9g\u00e9s\u00a0\u00bb promu par le minist\u00e8re de la Sant\u00e9 et l\u2019inexistence d\u2019effets ind\u00e9sirables comment\u00e9e publiquement par <a target=\"_blank\" href=\"https:\/\/www.francesoir.fr\/societe-sante\/aurelien-rousseau-absence-d-effets-secondaires-lea-salame\">plusieurs ministres de la Sant\u00e9, dont l&rsquo;\u00e9ph\u00e9m\u00e8re non m\u00e9decin Aur\u00e9lien Rousseau<\/a>. 76% n\u2019ont pas de position personnelle publique connue. 19% des individus ayant des positions publiques identifiables n\u2019ont pas reconnu les effets ind\u00e9sirables et seuls 3% ont reconnu leur existence \u2013 apr\u00e8s coup et souvent du bout des l\u00e8vres.<\/p>\n<p><img decoding=\"async\" data-entity-uuid=\"5aacbd89-3fe3-4569-9355-2656e1adf0e9\" data-entity-type=\"file\" alt=\"RD06\" width=\"945\" height=\"528\" loading=\"lazy\" class=\"lazyload\" src=\"https:\/\/www.francesoir.fr\/sites\/default\/files\/inline-images\/image_940.png\"\/><\/p>\n<p>Parmi le panel, <strong>aucune personnalit\u00e9 n\u2019a mis en doute la vaccination covid, <\/strong>ni \u00e9mis de doutes sur les \u00e9tudes promues par Pfizer, qui, on le sait aujourd&rsquo;hui, n&rsquo;avaient pas test\u00e9 la transmission.\u00a0<\/p>\n<p>Il n\u2019y a donc aucune personne dans le panel qui a exprim\u00e9 <strong>la moindre interrogation sur la mise \u00e0 disposition de produits exp\u00e9rimentaux <\/strong>ou le <strong>consentement libre et \u00e9clair\u00e9<\/strong>. M\u00eame si une majorit\u00e9 ne s&rsquo;est publiquement exprim\u00e9e, 19% du panel ont donc minimis\u00e9 constamment les EI. Hauswald critique ce \u00ab\u00a0<em>biais d&rsquo;autorit\u00e9 excessive<\/em>\u00a0\u00bb, o\u00f9 un gardiennage d\u00e9faillant m\u00e8ne \u00e0 des consensus d\u00e9g\u00e9n\u00e9ratifs, comme dans les \u00e9tudes biais\u00e9es sur les vaccins ARNm n&rsquo;ayant pas test\u00e9 pour la transmission.<\/p>\n<p>Des pro-vax comme Karine Lacombe illustrent ce d\u00e9ni, align\u00e9 sur des institutions comme la HAS. <strong>Ce tropisme sous-estime les risques<\/strong>, renfor\u00e7ant la non-ind\u00e9pendance du panel.<\/p>\n<p>\u00a0<\/p>\n<h5><strong>Id\u00e9ologie politique vis-\u00e0-vis RFK Jr. : une condamnation des voix dissidentes<\/strong><\/h5>\n<p>Le sixi\u00e8me crit\u00e8re mesure la condamnation de Robert Kennedy Jr. <a target=\"_blank\" href=\"https:\/\/www.francesoir.fr\/societe-sante-science-tech\/quand-la-propagande-institutionnelle-remplace-le-journalisme-le-cas-du\">comme \u00ab\u00a0<em>antivax complotiste<\/em>\u00a0\u00bb<\/a> tel que l&rsquo;illustre l&rsquo;article de B\u00e9n\u00e9dicte Lutaud qui ne respecte pas les principales r\u00e8gles de d\u00e9ontologie journalistique et confond journalisme et propagande.\u00a0<\/p>\n<p><img decoding=\"async\" data-entity-uuid=\"5df533a9-6cec-4f9c-8e50-aaa302fce88f\" data-entity-type=\"file\" alt=\"RD08\" width=\"945\" height=\"528\" loading=\"lazy\" class=\"lazyload\" src=\"https:\/\/www.francesoir.fr\/sites\/default\/files\/inline-images\/image_941.png\"\/><\/p>\n<p>Parmi le panel, aucune personne n\u2019a salu\u00e9 la nomination de Robert Kennedy Jr comme secr\u00e9taire d\u2019Etat am\u00e9ricain \u00e0 la Sant\u00e9 ou m\u00eame \u00e9voqu\u00e9 le renouveau du d\u00e9bat scientifique. Bien au contraire pour 22% des personnes qui expriment publiquement leur position, <strong>elles sont tr\u00e8s critiques, voire agressives envers RFK Jr<\/strong>, et vont jusqu\u2019\u00e0 condamner les actions de RFK Jr., comme des fact-checkers (Rudy Reichstadt) ou des m\u00e9decins (J\u00e9r\u00f4me Marty,&#8230;). Ce tropisme <strong>anti-alternatif discr\u00e9dite les critiques<\/strong>, indiquant un panel non ind\u00e9pendant, ferm\u00e9 aux d\u00e9bats ouverts.<br \/>\u00a0<\/p>\n<p>En r\u00e9sum\u00e9, le panel pr\u00e9sente un profil, a priori de consensus, sur les crit\u00e8res analys\u00e9s avec une convergence des positions. Sur les six sujets distincts et potentiellement clivants, <strong>une seule et m\u00eame ligne directrice \u00e9merge syst\u00e9matiquement<\/strong> au sein du bloc institutionnel majoritaire du panel.<\/p>\n<p><img decoding=\"async\" data-entity-uuid=\"cccf8af1-9366-447f-bd63-e113147de20f\" data-entity-type=\"file\" alt=\"RD10\" width=\"945\" height=\"528\" loading=\"lazy\" class=\"lazyload\" src=\"https:\/\/www.francesoir.fr\/sites\/default\/files\/inline-images\/image_943.png\"\/><\/p>\n<p>Au-del\u00e0 de l&rsquo;affiliation, l&rsquo;analyse des positions publiques du panel montre un alignement quasi total sur le discours officiel pendant la crise sanitaire. Pour quantifier ce tropisme, 96% des personnes ayant pris une position publique correspondent au profil du consensus.\u00a0<\/p>\n<p><img decoding=\"async\" data-entity-uuid=\"774ebb5f-539d-4b3e-ba0e-5d4d3c960027\" data-entity-type=\"file\" alt=\"RD11\" width=\"945\" height=\"528\" loading=\"lazy\" class=\"lazyload\" src=\"https:\/\/www.francesoir.fr\/sites\/default\/files\/inline-images\/image_944.png\"\/><\/p>\n<blockquote>\n<p>Le panel semble donc avoir \u00e9t\u00e9 s\u00e9lectionn\u00e9 <strong>non pas pour sa diversit\u00e9 <\/strong>mais pour <strong>sa conformit\u00e9 \u00e0 une ligne pr\u00e9\u00e9tablie<\/strong>.\u00a0<\/p>\n<\/blockquote>\n<p>Ce ph\u00e9nom\u00e8ne pose des questions fondamentales sur la vitalit\u00e9 du d\u00e9bat contradictoire, la gestion de l&rsquo;incertitude scientifique et la confiance des citoyens envers des institutions qui parlent d&rsquo;une m\u00eame voix.<\/p>\n<p>\u00a0<\/p>\n<h5><strong>Un panel non repr\u00e9sentatif des Fran\u00e7ais : les le\u00e7ons du sondage France-Soir \/ BonSens.org<\/strong><\/h5>\n<p>Au-del\u00e0 de ces biais internes, <strong>le panel n&rsquo;est pas repr\u00e9sentatif des opinions des Fran\u00e7ais<\/strong>. Le <a target=\"_blank\" href=\"https:\/\/www.francesoir.fr\/politique-france-societe-sante-science-tech\/de-l-adhesion-la-mefiance-81-des-francais-rejettent-la\">sondage MIS Group pour France-Soir\/BonSens.org du 30 novembre 2025<\/a> (1200 r\u00e9pondants, repr\u00e9sentatifs) r\u00e9v\u00e8le un scepticisme massif : 81 % rejettent la nouvelle campagne vaccinale COVID, marquant une fracture durable de la confiance sanitaire. L&rsquo;adh\u00e9sion g\u00e9n\u00e9rale \u00e0 la vaccination est \u00e0 69 %, mais l&rsquo;opposition \u00e0 certains vaccins atteint 59 % \u2013 en hausse depuis mai 2025 (52 %). De plus, 87 % ont re\u00e7u au moins une dose initiale, mais cela n&#8217;emp\u00eache pas une d\u00e9fiance croissante envers les autorit\u00e9s.<\/p>\n<p><img decoding=\"async\" data-entity-uuid=\"0487bd02-69a9-4758-be04-6c7dce8693f2\" data-entity-type=\"file\" alt=\"RD11\" width=\"945\" height=\"528\" loading=\"lazy\" class=\"lazyload\" src=\"https:\/\/www.francesoir.fr\/sites\/default\/files\/inline-images\/image_945.png\"\/><\/p>\n<p>Or, le panel du rapport \u2013 surrepr\u00e9sentant les institutions publiques et acad\u00e9mies\u2013 ignore ce scepticisme. Pas de voix comme celles de BonSens.org ou de m\u00e9dias ind\u00e9pendants, renfor\u00e7ant un tropisme progouvernemental. Ce d\u00e9calage alimente la d\u00e9fiance : comment restaurer la confiance sans inclure des perspectives citoyennes ?<\/p>\n<p><strong><img decoding=\"async\" data-entity-uuid=\"5d805c0c-48bb-4230-94b3-36328ebb682c\" data-entity-type=\"file\" alt=\"RD12\" width=\"945\" height=\"528\" loading=\"lazy\" class=\"lazyload\" src=\"https:\/\/www.francesoir.fr\/sites\/default\/files\/inline-images\/image_946.png\"\/><\/strong><\/p>\n<h5>\u00a0<\/h5>\n<h5><strong>Conclusion : un rapport qui alimente la d\u00e9fiance plut\u00f4t que la confiance<\/strong><\/h5>\n<p>Hauswald nous rappelle que moduler la confiance face aux \u00e9checs de gardiennage est l\u00e9gitime. Ce rapport, avec son panel biais\u00e9 et non ind\u00e9pendant, ne sera pas l&rsquo;outil de restauration de la confiance esp\u00e9r\u00e9. Il apporte d&rsquo;ailleurs plus de questions que de r\u00e9ponses.<\/p>\n<p><img decoding=\"async\" data-entity-uuid=\"bd574b56-641e-4d17-baaf-9c2115b51ccd\" data-entity-type=\"file\" alt=\"RD13\" width=\"945\" height=\"528\" loading=\"lazy\" class=\"lazyload\" src=\"https:\/\/www.francesoir.fr\/sites\/default\/files\/inline-images\/image_947.png\"\/><\/p>\n<p>Au contraire, en excluant des experts de tous bords \u2013 critiques des vaccins, associations citoyennes ou m\u00e9dias alternatifs \u2013 il risque d&rsquo;alimenter davantage la d\u00e9fiance envers les institutions. Les tropismes pro-vax et anti-critique, coupl\u00e9s \u00e0 un manque de repr\u00e9sentativit\u00e9 (comme r\u00e9v\u00e9l\u00e9 par le sondage), font de ce rapport <strong>un \u00e9ni\u00e8me exercice institutionnel d\u00e9connect\u00e9 des r\u00e9alit\u00e9s fran\u00e7aises<\/strong>.\u00a0<\/p>\n<p>\u00c0 France-Soir, nous appelons \u00e0 une inclusivit\u00e9 r\u00e9elle : seule voie pour reconstruire un contrat sanitaire bris\u00e9. Restez vigilants : la transparence commence par questionner les biais et la science vraie tol\u00e8re le d\u00e9bat.\u00a0<\/p>\n<blockquote>\n<p>Quand l&rsquo;unanimit\u00e9 des institutions remplace le d\u00e9bat scientifique la parole officielle devient-elle un dogme ?<\/p>\n<\/blockquote>\n<\/div>\n<p><script>(function(d, s, id) {  var js, fjs = d.getElementsByTagName(s)[0];  if (d.getElementById(id)) return;  js = d.createElement(s); js.id = id;  js.src = \"\/\/connect.facebook.net\/fr_FR\/sdk.js#xfbml=1&version=v2.3\";  fjs.parentNode.insertBefore(js, fjs);}(document, \"script\", \"facebook-jssdk\"));<\/script><br \/>\n<br \/><br \/>\n<br \/><a href=\"https:\/\/www.francesoir.fr\/opinions-tribunes-societe-science-tech\/le-rapport-sur-la-desinformation-en-sante\" target=\"_blank\"\">Source link <\/a><\/p>\n","protected":false},"excerpt":{"rendered":"<p>Le rapport Molimard-Costagliola-Maisonneuve, remis le 12 janvier 2026 au ministre de la Sant\u00e9, suscite d\u00e9j\u00e0 de vives interrogations, notamment pour tous ceux qui d\u00e9fendent sans rel\u00e2che la libert\u00e9 d&rsquo;expression et&hellip; <\/p>\n","protected":false},"author":1,"featured_media":0,"comment_status":"open","ping_status":"open","sticky":false,"template":"","format":"standard","meta":{"footnotes":""},"categories":[1],"tags":[],"class_list":["post-22420","post","type-post","status-publish","format-standard","hentry","category-non-classe"],"_links":{"self":[{"href":"https:\/\/monde25.info\/index.php\/wp-json\/wp\/v2\/posts\/22420","targetHints":{"allow":["GET"]}}],"collection":[{"href":"https:\/\/monde25.info\/index.php\/wp-json\/wp\/v2\/posts"}],"about":[{"href":"https:\/\/monde25.info\/index.php\/wp-json\/wp\/v2\/types\/post"}],"author":[{"embeddable":true,"href":"https:\/\/monde25.info\/index.php\/wp-json\/wp\/v2\/users\/1"}],"replies":[{"embeddable":true,"href":"https:\/\/monde25.info\/index.php\/wp-json\/wp\/v2\/comments?post=22420"}],"version-history":[{"count":0,"href":"https:\/\/monde25.info\/index.php\/wp-json\/wp\/v2\/posts\/22420\/revisions"}],"wp:attachment":[{"href":"https:\/\/monde25.info\/index.php\/wp-json\/wp\/v2\/media?parent=22420"}],"wp:term":[{"taxonomy":"category","embeddable":true,"href":"https:\/\/monde25.info\/index.php\/wp-json\/wp\/v2\/categories?post=22420"},{"taxonomy":"post_tag","embeddable":true,"href":"https:\/\/monde25.info\/index.php\/wp-json\/wp\/v2\/tags?post=22420"}],"curies":[{"name":"wp","href":"https:\/\/api.w.org\/{rel}","templated":true}]}}