{"id":22421,"date":"2026-01-15T07:37:56","date_gmt":"2026-01-15T06:37:56","guid":{"rendered":"https:\/\/monde25.info\/index.php\/2026\/01\/15\/lanimateur-jean-marc-morandini-definitivement-condamne-pour-corruption-de-mineurs-rt-en-francais\/"},"modified":"2026-01-15T07:37:56","modified_gmt":"2026-01-15T06:37:56","slug":"lanimateur-jean-marc-morandini-definitivement-condamne-pour-corruption-de-mineurs-rt-en-francais","status":"publish","type":"post","link":"https:\/\/monde25.info\/index.php\/2026\/01\/15\/lanimateur-jean-marc-morandini-definitivement-condamne-pour-corruption-de-mineurs-rt-en-francais\/","title":{"rendered":"l\u2019animateur Jean-Marc Morandini d\u00e9finitivement condamn\u00e9 pour corruption de mineurs \u2014 RT en fran\u00e7ais"},"content":{"rendered":"<p> <br \/>\n<br \/><img decoding=\"async\" src=\"https:\/\/mf.b37mrtl.ru\/french\/images\/2026.01\/thumbnail\/6967b71a87f3ec30cc36b01d.jpg\" \/><\/p>\n<div>\n<p class=\"text__summary\">\n                                        La Cour de cassation a confirm\u00e9 le 14 janvier la condamnation de Jean-Marc Morandini pour corruption de mineurs, apr\u00e8s le rejet de son pourvoi. L\u2019animateur avait \u00e9t\u00e9 condamn\u00e9 en premi\u00e8re instance, puis en appel, pour des messages \u00e0 caract\u00e8re sexuel adress\u00e9s \u00e0 trois adolescents entre 2009 et 2016.\n                                    <\/p>\n<p>Jean-Marc Morandini a \u00e9t\u00e9 d\u00e9finitivement reconnu coupable ce 14 janvier par la Cour de cassation apr\u00e8s que son pourvoi a \u00e9t\u00e9 d\u00e9clar\u00e9 \u00ab\u00a0non admis\u00a0\u00bb. L\u2019animateur de t\u00e9l\u00e9vision, \u00e2g\u00e9 de 60 ans, a \u00e9t\u00e9 condamn\u00e9 en mars 2025 par la cour d\u2019appel de Paris \u00e0 deux ans de prison avec sursis et \u00e0 20 000 euros d\u2019amende. Une d\u00e9cision qui comportait \u00e9galement une interdiction d\u00e9finitive d\u2019exercer toute profession en contact avec des mineurs et le maintien de son inscription au fichier des auteurs d\u2019infractions sexuelles ou violentes (Fijais).<\/p>\n<p>La peine prononc\u00e9e \u00e0 l\u2019issue de ce second proc\u00e8s alourdissait celle prononc\u00e9e en premi\u00e8re instance. En d\u00e9cembre 2022, le tribunal correctionnel de Paris avait condamn\u00e9 Jean-Marc Morandini \u00e0 un an de prison avec sursis probatoire de deux ans. Il \u00e9tait alors poursuivi pour l\u2019envoi de messages \u00e0 deux adolescents de 15 ans, en 2013 et en 2015-2016, \u00e9voquant des sc\u00e8nes sexuelles et demandant, dans un cas, une photo d\u00e9nud\u00e9e. Jean-Marc Morandini \u00e9tait \u00e9galement accus\u00e9 d\u2019avoir incit\u00e9, en 2009, un adolescent de 16 ans \u00e0 se d\u00e9nuder et \u00e0 se masturber lors d\u2019une audition \u00e0 son domicile.<\/p>\n<p>Par ailleurs, en janvier 2025, la cour d\u2019appel de Paris avait condamn\u00e9 l\u2019animateur pour harc\u00e8lement sexuel \u00e0 18 mois de prison avec sursis, 10\u00a0000 euros d\u2019amende ainsi qu\u2019\u00e0 d\u00e9dommager \u00e0 hauteur de 13\u00a0000 euros un jeune com\u00e9dien d\u00e9nomm\u00e9 Gabriel. La cour avait, d\u00e9j\u00e0, alourdi de six mois la peine prononc\u00e9e en premi\u00e8re instance.<\/p>\n<p>Il \u00e9tait reproch\u00e9 \u00e0 Jean-Marc Morandini d\u2019avoir encourag\u00e9 des com\u00e9diens, alors \u00e2g\u00e9s de 19 \u00e0 26 ans, entre juin et septembre 2015, de s\u2019exhiber nus pour des castings de la web-s\u00e9rie \u00ab\u00a0Les Faucons\u00a0\u00bb dont il \u00e9tait le producteur. Un tournage dans le cadre duquel la soci\u00e9t\u00e9 de production de Jean-Marc Morandini \u00ab\u00a0Ne zappez pas ! Production\u00a0\u00bb (NZPP) avait \u00e9cop\u00e9 d\u2019une amende de 10\u00a0000 euros pour \u00ab\u00a0travail dissimul\u00e9\u00a0\u00bb de cinq plaignants.<\/p>\n<p>Gabriel, sans agent, avait notamment re\u00e7u deux courriels d\u2019une directrice de casting d\u00e9nomm\u00e9 Catherine Leclerc \u2212 un \u00ab\u00a0personnage totalement fictif\u00a0\u00bb, selon les enqu\u00eateurs, et qui n\u2019\u00e9tait autre que l\u2019accus\u00e9 \u2212 lui demandant s\u2019il \u00e9tait pr\u00eat \u00e0 faire une fellation \u00e0 Jean-Marc Morandini, \u00ab\u00a0qui n&rsquo;est pas n&rsquo;importe qui\u00a0\u00bb. Une autre proc\u00e9dure, dans laquelle l\u2019animateur avait \u00e9galement d\u00e9pos\u00e9 un pourvoi en cassation, qui n\u2019a pas encore \u00e9t\u00e9 examin\u00e9.<\/p>\n<\/div>\n<p><br \/>\n<br \/><a href=\"https:\/\/francais.rt.com\/france\/129393-france-animateur-cassation-morandini-condamnation\" target=\"_blank\"\">Source link <\/a><\/p>\n","protected":false},"excerpt":{"rendered":"<p>La Cour de cassation a confirm\u00e9 le 14 janvier la condamnation de Jean-Marc Morandini pour corruption de mineurs, apr\u00e8s le rejet de son pourvoi. L\u2019animateur avait \u00e9t\u00e9 condamn\u00e9 en premi\u00e8re&hellip; <\/p>\n","protected":false},"author":1,"featured_media":22422,"comment_status":"open","ping_status":"open","sticky":false,"template":"","format":"standard","meta":{"footnotes":""},"categories":[1],"tags":[],"class_list":["post-22421","post","type-post","status-publish","format-standard","has-post-thumbnail","hentry","category-non-classe"],"_links":{"self":[{"href":"https:\/\/monde25.info\/index.php\/wp-json\/wp\/v2\/posts\/22421","targetHints":{"allow":["GET"]}}],"collection":[{"href":"https:\/\/monde25.info\/index.php\/wp-json\/wp\/v2\/posts"}],"about":[{"href":"https:\/\/monde25.info\/index.php\/wp-json\/wp\/v2\/types\/post"}],"author":[{"embeddable":true,"href":"https:\/\/monde25.info\/index.php\/wp-json\/wp\/v2\/users\/1"}],"replies":[{"embeddable":true,"href":"https:\/\/monde25.info\/index.php\/wp-json\/wp\/v2\/comments?post=22421"}],"version-history":[{"count":0,"href":"https:\/\/monde25.info\/index.php\/wp-json\/wp\/v2\/posts\/22421\/revisions"}],"wp:featuredmedia":[{"embeddable":true,"href":"https:\/\/monde25.info\/index.php\/wp-json\/wp\/v2\/media\/22422"}],"wp:attachment":[{"href":"https:\/\/monde25.info\/index.php\/wp-json\/wp\/v2\/media?parent=22421"}],"wp:term":[{"taxonomy":"category","embeddable":true,"href":"https:\/\/monde25.info\/index.php\/wp-json\/wp\/v2\/categories?post=22421"},{"taxonomy":"post_tag","embeddable":true,"href":"https:\/\/monde25.info\/index.php\/wp-json\/wp\/v2\/tags?post=22421"}],"curies":[{"name":"wp","href":"https:\/\/api.w.org\/{rel}","templated":true}]}}