{"id":22425,"date":"2026-01-15T10:23:05","date_gmt":"2026-01-15T09:23:05","guid":{"rendered":"https:\/\/monde25.info\/index.php\/2026\/01\/15\/pesticides-interdits-prison-ferme-requise-contre-le-roi-de-la-salade\/"},"modified":"2026-01-15T10:23:05","modified_gmt":"2026-01-15T09:23:05","slug":"pesticides-interdits-prison-ferme-requise-contre-le-roi-de-la-salade","status":"publish","type":"post","link":"https:\/\/monde25.info\/index.php\/2026\/01\/15\/pesticides-interdits-prison-ferme-requise-contre-le-roi-de-la-salade\/","title":{"rendered":"Pesticides interdits\u00a0: prison ferme requise contre \u00ab\u00a0le roi de la salade\u00a0\u00bb"},"content":{"rendered":"<p> <br \/>\n<br \/><img loading=\"lazy\" decoding=\"async\" src=\"https:\/\/reporterre.net\/local\/cache-vignettes\/L700xH467\/dsc_0340-35fbf.jpg?1768467528\" class=\"spip_logo\" width=\"700\" height=\"467\" alt=\"\" \/><\/p>\n<p>Bilan de 2 jours de proc\u00e8s, \u00e0 Marseille, contre un large r\u00e9seau d&rsquo;importation d&rsquo;Espagne de pesticides interdits\u00a0: des peines de prison ferme contre un mastodonte du mara\u00eechage et son fournisseur, et de fortes amendes. <br class=\"autobr\" \/><br \/>\nMarseille, reportage <br class=\"autobr\" \/><br \/>\nC&rsquo;est un proc\u00e8s d&rsquo;exception qui se terminait le 14\u00a0janvier \u00e0 Marseille, apr\u00e8s trois jours d&rsquo;audience.\u00a0En mati\u00e8re d&rsquo;infractions agricoles, il est rare que l&rsquo;affaire aboutisse \u00e0 un proc\u00e8s. \u00ab<small class=\"fine d-inline\">\u00a0<\/small>Cette affaire est hors normes, de par la taille des\u00a0(\u2026)<\/p>\n<p>                    <a target=\"_blank\" href=\"https:\/\/reporterre.net\/Pesticides-interdits-prison-ferme-requise-contre-le-roi-de-la-salade?utm_source=RSS&amp;utm_medium=RSS\">Lire la suite<\/a><\/p>\n<p>                    &#8211;<br \/>\n                        <a target=\"_blank\" href=\"https:\/\/reporterre.net\/Reportage\" rel=\"directory\">Reportage<\/a><\/p>\n<p>                    \/<br \/>\n                        <a target=\"_blank\" href=\"https:\/\/reporterre.net\/Pesticides\" rel=\"tag\">Pesticides<\/a><br \/>\n                    ,<br \/>\n                        <a target=\"_blank\" href=\"https:\/\/reporterre.net\/Agriculture\" rel=\"tag\">Agriculture<\/a><br \/>\n                    ,<br \/>\n                        <a target=\"_blank\" href=\"https:\/\/reporterre.net\/Justice\" rel=\"tag\">Justice<\/a><br \/>\n<br \/><br \/>\n<br \/><a href=\"https:\/\/reporterre.net\/Pesticides-interdits-prison-ferme-requise-contre-le-roi-de-la-salade\" target=\"_blank\"\">Source link <\/a><\/p>\n","protected":false},"excerpt":{"rendered":"<p>Bilan de 2 jours de proc\u00e8s, \u00e0 Marseille, contre un large r\u00e9seau d&rsquo;importation d&rsquo;Espagne de pesticides interdits\u00a0: des peines de prison ferme contre un mastodonte du mara\u00eechage et son fournisseur,&hellip; <\/p>\n","protected":false},"author":1,"featured_media":0,"comment_status":"open","ping_status":"open","sticky":false,"template":"","format":"standard","meta":{"footnotes":""},"categories":[1],"tags":[],"class_list":["post-22425","post","type-post","status-publish","format-standard","hentry","category-non-classe"],"_links":{"self":[{"href":"https:\/\/monde25.info\/index.php\/wp-json\/wp\/v2\/posts\/22425","targetHints":{"allow":["GET"]}}],"collection":[{"href":"https:\/\/monde25.info\/index.php\/wp-json\/wp\/v2\/posts"}],"about":[{"href":"https:\/\/monde25.info\/index.php\/wp-json\/wp\/v2\/types\/post"}],"author":[{"embeddable":true,"href":"https:\/\/monde25.info\/index.php\/wp-json\/wp\/v2\/users\/1"}],"replies":[{"embeddable":true,"href":"https:\/\/monde25.info\/index.php\/wp-json\/wp\/v2\/comments?post=22425"}],"version-history":[{"count":0,"href":"https:\/\/monde25.info\/index.php\/wp-json\/wp\/v2\/posts\/22425\/revisions"}],"wp:attachment":[{"href":"https:\/\/monde25.info\/index.php\/wp-json\/wp\/v2\/media?parent=22425"}],"wp:term":[{"taxonomy":"category","embeddable":true,"href":"https:\/\/monde25.info\/index.php\/wp-json\/wp\/v2\/categories?post=22425"},{"taxonomy":"post_tag","embeddable":true,"href":"https:\/\/monde25.info\/index.php\/wp-json\/wp\/v2\/tags?post=22425"}],"curies":[{"name":"wp","href":"https:\/\/api.w.org\/{rel}","templated":true}]}}