{"id":22439,"date":"2026-01-15T15:20:26","date_gmt":"2026-01-15T14:20:26","guid":{"rendered":"https:\/\/monde25.info\/index.php\/2026\/01\/15\/conference-internationale-en-soutien-a-larmee-libanaise-le-5-mars-rt-en-francais\/"},"modified":"2026-01-15T15:20:26","modified_gmt":"2026-01-15T14:20:26","slug":"conference-internationale-en-soutien-a-larmee-libanaise-le-5-mars-rt-en-francais","status":"publish","type":"post","link":"https:\/\/monde25.info\/index.php\/2026\/01\/15\/conference-internationale-en-soutien-a-larmee-libanaise-le-5-mars-rt-en-francais\/","title":{"rendered":"Conf\u00e9rence internationale en soutien \u00e0 l\u2019arm\u00e9e libanaise le 5 mars \u2014 RT en fran\u00e7ais"},"content":{"rendered":"<p> <br \/>\n<br \/><img decoding=\"async\" src=\"https:\/\/mf.b37mrtl.ru\/french\/images\/2026.01\/thumbnail\/6968e36387f3ec75da3e08da.jpg\" \/><\/p>\n<div>\n<p class=\"text__summary\">\n                                        Une conf\u00e9rence internationale de soutien \u00e0 l\u2019arm\u00e9e libanaise sera organis\u00e9e le 5 mars \u00e0 Paris, a annonc\u00e9 Joseph Aoun, \u00e0 l\u2019issue d\u2019une r\u00e9union avec des ambassadeurs et \u00e9missaires du Quintette, dont l\u2019envoy\u00e9 fran\u00e7ais Jean-Yves Le Drian et le conseiller du ministre saoudien des Affaires \u00e9trang\u00e8res, Yazid ben Farhane.\n                                    <\/p>\n<\/div>\n<p><br \/>\n<br \/><a href=\"https:\/\/francais.rt.com\/news\/129421-conference-internationale-soutien-armee-libanaise\" target=\"_blank\"\">Source link <\/a><\/p>\n","protected":false},"excerpt":{"rendered":"<p>Une conf\u00e9rence internationale de soutien \u00e0 l\u2019arm\u00e9e libanaise sera organis\u00e9e le 5 mars \u00e0 Paris, a annonc\u00e9 Joseph Aoun, \u00e0 l\u2019issue d\u2019une r\u00e9union avec des ambassadeurs et \u00e9missaires du Quintette,&hellip; <\/p>\n","protected":false},"author":1,"featured_media":22440,"comment_status":"open","ping_status":"open","sticky":false,"template":"","format":"standard","meta":{"footnotes":""},"categories":[1],"tags":[],"class_list":["post-22439","post","type-post","status-publish","format-standard","has-post-thumbnail","hentry","category-non-classe"],"_links":{"self":[{"href":"https:\/\/monde25.info\/index.php\/wp-json\/wp\/v2\/posts\/22439","targetHints":{"allow":["GET"]}}],"collection":[{"href":"https:\/\/monde25.info\/index.php\/wp-json\/wp\/v2\/posts"}],"about":[{"href":"https:\/\/monde25.info\/index.php\/wp-json\/wp\/v2\/types\/post"}],"author":[{"embeddable":true,"href":"https:\/\/monde25.info\/index.php\/wp-json\/wp\/v2\/users\/1"}],"replies":[{"embeddable":true,"href":"https:\/\/monde25.info\/index.php\/wp-json\/wp\/v2\/comments?post=22439"}],"version-history":[{"count":0,"href":"https:\/\/monde25.info\/index.php\/wp-json\/wp\/v2\/posts\/22439\/revisions"}],"wp:featuredmedia":[{"embeddable":true,"href":"https:\/\/monde25.info\/index.php\/wp-json\/wp\/v2\/media\/22440"}],"wp:attachment":[{"href":"https:\/\/monde25.info\/index.php\/wp-json\/wp\/v2\/media?parent=22439"}],"wp:term":[{"taxonomy":"category","embeddable":true,"href":"https:\/\/monde25.info\/index.php\/wp-json\/wp\/v2\/categories?post=22439"},{"taxonomy":"post_tag","embeddable":true,"href":"https:\/\/monde25.info\/index.php\/wp-json\/wp\/v2\/tags?post=22439"}],"curies":[{"name":"wp","href":"https:\/\/api.w.org\/{rel}","templated":true}]}}