{"id":2244,"date":"2024-12-15T12:17:40","date_gmt":"2024-12-15T11:17:40","guid":{"rendered":"https:\/\/monde25.info\/index.php\/2024\/12\/15\/bande-de-gaza-un-soldat-israelien-qualifie-son-armee-de-noire-plus-que-le-noir-la-vie-des-palestiniens-est-pire-que-celle-dun-chien-22-martyrs-ce-samedi\/"},"modified":"2024-12-15T12:17:40","modified_gmt":"2024-12-15T11:17:40","slug":"bande-de-gaza-un-soldat-israelien-qualifie-son-armee-de-noire-plus-que-le-noir-la-vie-des-palestiniens-est-pire-que-celle-dun-chien-22-martyrs-ce-samedi","status":"publish","type":"post","link":"https:\/\/monde25.info\/index.php\/2024\/12\/15\/bande-de-gaza-un-soldat-israelien-qualifie-son-armee-de-noire-plus-que-le-noir-la-vie-des-palestiniens-est-pire-que-celle-dun-chien-22-martyrs-ce-samedi\/","title":{"rendered":"Bande de Gaza : Un soldat isra\u00e9lien qualifie son arm\u00e9e de \u00abnoire plus que le noir\u00bb \u00ab la vie des Palestiniens est pire que celle d\u2019un chien\u00bb. 22 martyrs ce samedi"},"content":{"rendered":"<p> <br \/>\n<\/p>\n<div>\n<ol class=\"campaign-loop campaign-list\">\n<li id=\"campaign-433393\" class=\"post-433393 campaign type-campaign status-publish hentry campaign-has-goal campaign-has-not-achieved-goal campaign-has-end-date campaign-has-not-ended\">\n\t<a target=\"_blank\" href=\"https:\/\/reseauinternational.net\/campaigns\/campagne-de-dons-decembre-2024\/\"><\/p>\n<h3>Campagne de dons D\u00e9cembre 2024<\/h3>\n<p>\t\t\t<\/a><\/p>\n<p>\n\tChers amis lecteurs, R\u00e9seau International a de nouveau besoin de vous. Gr\u00e2ce \u00e0 vous, nous avons pu nous doter d\u2019un serveur plus s\u00e9curis\u00e9, avec des capacit\u00e9s bien plus aptes \u00e0 g\u00e9rer la tr\u00e8s grosse taille des donn\u00e9es du site et son important trafic. C\u2019est gr\u00e2ce \u00e0 vos dons que nous pouvons garder notre ind\u00e9pendance et\u00a0 vous fournir le meilleur de l\u2019information internationale alternative. Votre soutien nous est indispensable; nous comptons sur vous.<\/p>\n<p>\n<span class=\"amount\">3 920,00\u00a0\u20ac<\/span> de l\u2019objectif de <span class=\"goal-amount\">25 000,00\u00a0\u20ac<\/span> atteint<\/p>\n<\/li>\n<\/ol>\n<p>par <strong>Al-Manar<\/strong><\/p>\n<p>Un soldat revenu apr\u00e8s avoir servi dans la bande de Gaza a assur\u00e9 pour le quotidien isra\u00e9lien <em>Haaretz<\/em> que l\u2019arm\u00e9e d\u2019occupation y commet \u00ab<em>des crimes de guerre m\u00e9thodiques<\/em>\u00bb.<\/p>\n<p>\u00ab<em>Ce qui se passe dans l\u2019enclave ne peut \u00eatre dig\u00e9r\u00e9, la vie des Palestiniens est pire que celle des chiens<\/em>\u00bb, a assur\u00e9 Ha\u00efm Har Zhav qui faisait son service dans le passage de Netzarim occupee par l\u2019arm\u00e9e d\u2019occupation.<\/p>\n<p>Et d\u2019ajouter qu\u2019il n\u2019y a aucune restriction pour les tirs de feu contre les Palestiniens. \u00ab<em>Des b\u00e2timents sont d\u00e9truits et on tire sur chaque palestinien qui s\u2019approche d\u2019une ligne frontali\u00e8re qui n\u2019est pas claire au nord de la bande de Gaza<\/em>\u00bb.<\/p>\n<p>\u00ab<em>Les crimes et les destructions s\u2019alternent sans distinction<\/em>\u00bb, a-t-il aussi indiqu\u00e9 estimant que cette politique ne sert pas les objectifs de la guerre.<\/p>\n<p>Selon lui, les objectifs d\u00e9clar\u00e9 de la guerre tel que la restitution des captifs ne font plus partie du discours. \u00ab<em>La majeure partie de cette guerre est grise et complexe. Cette guerre \u00e9tait justifi\u00e9e au d\u00e9but apr\u00e8s les \u00e9v\u00e8nements du 7 octobre 2023, mais en v\u00e9rit\u00e9 d\u2019apr\u00e8s son d\u00e9roulement, elle n\u2019a jamais \u00e9t\u00e9 une guerre juste<\/em>\u00bb.<\/p>\n<p>\u00ab<em>L\u2019arm\u00e9e est plus noire que le noir<\/em>\u00bb, a conclu le soldat isra\u00e9lien.<\/p>\n<div class=\"wp-block-image\">\n<figure class=\"aligncenter size-full\"><a target=\"_blank\" href=\"https:\/\/i0.wp.com\/reseauinternational.net\/wp-content\/uploads\/2024\/12\/image-165.png?quality=100&amp;ssl=1\"><img data-recalc-dims=\"1\" decoding=\"async\" width=\"600\" height=\"400\" src=\"https:\/\/i0.wp.com\/reseauinternational.net\/wp-content\/uploads\/2024\/12\/image-165.png?resize=600%2C400&amp;quality=100&amp;ssl=1\" alt=\"\" class=\"wp-image-435296\" loading=\"lazy\" srcset=\"https:\/\/i0.wp.com\/reseauinternational.net\/wp-content\/uploads\/2024\/12\/image-165.png?w=600&amp;quality=100&amp;ssl=1 600w, https:\/\/i0.wp.com\/reseauinternational.net\/wp-content\/uploads\/2024\/12\/image-165.png?resize=300%2C200&amp;quality=100&amp;ssl=1 300w\" sizes=\"auto, (max-width: 600px) 100vw, 600px\"\/><\/a><\/figure>\n<\/div>\n<p>L\u2019arm\u00e9e d\u2019occupation poursuit son g\u00e9nocide dans la bande de Gaza en bombardant les maisons sur la t\u00eate de leurs habitants. Les bombardements se concentrent dans le nord et le centre.<\/p>\n<p>Un bombardement d\u2019artillerie sur le nord-ouest du camp de Nusseirat dans le centre a d\u00e9truit \u00e0 l\u2019aube de ce samedi des b\u00e2timents r\u00e9sidentiels. Des familles enti\u00e8res y ont \u00e9t\u00e9 d\u00e9cim\u00e9es. Les bombardements a\u00e9riens et d\u2019artillerie ont frapp\u00e9 des maisons \u00e0 Jabalia, l\u2019\u00e9cole al-Majida qui h\u00e9berge des d\u00e9plac\u00e9s au nord-est de Gaza o\u00f9 5 martyrs et 20 bless\u00e9s ont \u00e9t\u00e9 d\u00e9plor\u00e9s, l\u2019h\u00f4pital Kamal Adwan, le seul encore en activit\u00e9 au nord de l\u2019enclave o\u00f9 une ambulance a \u00e9t\u00e9 frapp\u00e9e de plein fouet, les maisons dans le quartier Zeytoun o\u00f9 trois membres de la famille Rachid sont tomb\u00e9s en martyrs et 5 autres bless\u00e9s, le quartier al-Touffah \u00e0 l\u2019est de Gaza City o\u00f9 des h\u00e9licopt\u00e8res ouvrent le feu sur tout ce qui bouge dans ses r\u00e9gions nord, le quartier al-Amal \u00e0 Khan Younes au sud, sur la localit\u00e9 Absane Jadida a l\u2019est de Khan Younes o\u00f9 2 martyrs ont \u00e9t\u00e9 signal\u00e9s, Rafah o\u00f9 2 martyrs ont succomb\u00e9\u2026<\/p>\n<div class=\"wp-block-image\">\n<figure class=\"aligncenter size-full\"><a target=\"_blank\" href=\"https:\/\/i0.wp.com\/reseauinternational.net\/wp-content\/uploads\/2024\/12\/image-166.png?quality=100&amp;ssl=1\"><img data-recalc-dims=\"1\" decoding=\"async\" width=\"600\" height=\"424\" src=\"https:\/\/i0.wp.com\/reseauinternational.net\/wp-content\/uploads\/2024\/12\/image-166.png?resize=600%2C424&amp;quality=100&amp;ssl=1\" alt=\"\" class=\"wp-image-435297\" loading=\"lazy\" srcset=\"https:\/\/i0.wp.com\/reseauinternational.net\/wp-content\/uploads\/2024\/12\/image-166.png?w=600&amp;quality=100&amp;ssl=1 600w, https:\/\/i0.wp.com\/reseauinternational.net\/wp-content\/uploads\/2024\/12\/image-166.png?resize=300%2C212&amp;quality=100&amp;ssl=1 300w, https:\/\/i0.wp.com\/reseauinternational.net\/wp-content\/uploads\/2024\/12\/image-166.png?resize=90%2C63&amp;quality=100&amp;ssl=1 90w, https:\/\/i0.wp.com\/reseauinternational.net\/wp-content\/uploads\/2024\/12\/image-166.png?resize=320%2C225&amp;quality=100&amp;ssl=1 320w\" sizes=\"auto, (max-width: 600px) 100vw, 600px\"\/><\/a><\/figure>\n<\/div>\n<p>Des dizaines de maisons dans le quartier al-Khoulafa \u00e0 Jabalia ont \u00e9t\u00e9 incendi\u00e9es. D\u2019autres maisons ont \u00e9t\u00e9 dynamit\u00e9es \u00e0 Beit Lahia\u2026<\/p>\n<p>Depuis l\u2019aube, 22 martyrs palestiniens ont \u00e9t\u00e9 recens\u00e9s. Le photographe de l\u2019Unversit\u00e9 Palestine Abdel Rahman al-Qasas et le journaliste Mohamad Baaloucha en font partie.<\/p>\n<p>Le bilan des martyrs est mont\u00e9 \u00e0 44 875 et celui des bless\u00e9s \u00e0 106 454. Sachant que celui de ceux qui ont p\u00e9ri sous les d\u00e9combres et n\u2019ont pas \u00e9t\u00e9 d\u00e9gag\u00e9s d\u00e9passe les 10 000.<\/p>\n<p>\u00ab<em>Il n\u2019y a plus de m\u00e9decins sp\u00e9cialistes, ni services, ni m\u00e9dicaments, ni \u00e9quipements m\u00e9dicaux et nos patients meurent en raison du manque des m\u00e9dicaments et la p\u00e9nurie d\u2019oxyg\u00e8ne<\/em>\u00bb, a d\u00e9plor\u00e9 le minist\u00e8re de la Sant\u00e9 \u00e0 Gaza, assurant que \u00ab<em>l\u2019occupation \u0153uvre pour annihiler la vie dans la bande de Gaza afin qu\u2019elle ne soit plus vivable<\/em>\u00bb.<\/p>\n<p>source\u00a0: <a target=\"_blank\" href=\"https:\/\/french.almanartv.com.lb\/3142328\" target=\"_blank\" rel=\"noopener\" title=\"\">Al-Manar<\/a><\/p>\n<div class=\"sharedaddy sd-block sd-like jetpack-likes-widget-wrapper jetpack-likes-widget-unloaded\" id=\"like-post-wrapper-237719536-435294-675eb92d55b8e\" data-src=\"https:\/\/widgets.wp.com\/likes\/?ver=14.1#blog_id=237719536&amp;post_id=435294&amp;origin=reseauinternational.net&amp;obj_id=237719536-435294-675eb92d55b8e&amp;n=1\" data-name=\"like-post-frame-237719536-435294-675eb92d55b8e\" data-title=\"Aimer ou rebloguer\">\n<h3 class=\"sd-title\">J\u2019aime \u00e7a\u00a0:<\/h3>\n<p><span class=\"button\"><span>J\u2019aime<\/span><\/span> <span class=\"loading\">chargement\u2026<\/span><\/p>\n<p><span class=\"sd-text-color\"\/><a target=\"_blank\" class=\"sd-link-color\"\/><\/div>\n<p><meta itemscope=\"\" itemprop=\"mainEntityOfPage\" itemtype=\"https:\/\/schema.org\/WebPage\" itemid=\"https:\/\/reseauinternational.net\/bande-de-gaza-un-soldat-israelien-qualifie-son-armee-de-noire-plus-que-le-noir-la-vie-des-palestiniens-est-pire-que-celle-dun-chien-22-martyrs-ce-samedi\/\"\/><meta itemprop=\"headline\" content=\"Bande de Gaza : Un soldat isra\u00e9lien qualifie son arm\u00e9e de \u00abnoire plus que le noir\u00bb \u00ab la vie des Palestiniens est pire que celle d\u2019un chien\u00bb. 22 martyrs ce samedi\"\/><span style=\"display: none;\" itemprop=\"author\" itemscope=\"\" itemtype=\"https:\/\/schema.org\/Person\"><meta itemprop=\"name\" content=\"R\u00e9seau International\"\/><\/span><span style=\"display: none;\" itemprop=\"image\" itemscope=\"\" itemtype=\"https:\/\/schema.org\/ImageObject\"><meta itemprop=\"url\" content=\"https:\/\/i0.wp.com\/reseauinternational.net\/wp-content\/uploads\/2024\/12\/Sans-titre-19-9.png?fit=800%2C467&amp;quality=100&amp;ssl=1\"\/><meta itemprop=\"width\" content=\"800\"\/><meta itemprop=\"height\" content=\"467\"\/><\/span><span style=\"display: none;\" itemprop=\"publisher\" itemscope=\"\" itemtype=\"https:\/\/schema.org\/Organization\"><span style=\"display: none;\" itemprop=\"logo\" itemscope=\"\" itemtype=\"https:\/\/schema.org\/ImageObject\"><meta itemprop=\"url\" content=\"https:\/\/reseauinternational.net\/wp-content\/uploads\/2022\/06\/Capture-de\u0301cran-2022-06-14-a\u0300-16.51.07.png\"\/><\/span><meta itemprop=\"name\" content=\"R\u00e9seau International\"\/><\/span><meta itemprop=\"datePublished\" content=\"2024-12-15T12:10:04+00:00\"\/><meta itemprop=\"dateModified\" content=\"2024-12-15T12:10:14+00:00\"\/><\/div>\n<p><br \/>\n<br \/><a href=\"https:\/\/reseauinternational.net\/bande-de-gaza-un-soldat-israelien-qualifie-son-armee-de-noire-plus-que-le-noir-la-vie-des-palestiniens-est-pire-que-celle-dun-chien-22-martyrs-ce-samedi\/\" target=\"_blank\"\">Source link <\/a><\/p>\n","protected":false},"excerpt":{"rendered":"<p>Campagne de dons D\u00e9cembre 2024 Chers amis lecteurs, R\u00e9seau International a de nouveau besoin de vous. Gr\u00e2ce \u00e0 vous, nous avons pu nous doter d\u2019un serveur plus s\u00e9curis\u00e9, avec des&hellip; <\/p>\n","protected":false},"author":1,"featured_media":2245,"comment_status":"open","ping_status":"open","sticky":false,"template":"","format":"standard","meta":{"footnotes":""},"categories":[1],"tags":[],"class_list":["post-2244","post","type-post","status-publish","format-standard","has-post-thumbnail","hentry","category-non-classe"],"_links":{"self":[{"href":"https:\/\/monde25.info\/index.php\/wp-json\/wp\/v2\/posts\/2244","targetHints":{"allow":["GET"]}}],"collection":[{"href":"https:\/\/monde25.info\/index.php\/wp-json\/wp\/v2\/posts"}],"about":[{"href":"https:\/\/monde25.info\/index.php\/wp-json\/wp\/v2\/types\/post"}],"author":[{"embeddable":true,"href":"https:\/\/monde25.info\/index.php\/wp-json\/wp\/v2\/users\/1"}],"replies":[{"embeddable":true,"href":"https:\/\/monde25.info\/index.php\/wp-json\/wp\/v2\/comments?post=2244"}],"version-history":[{"count":0,"href":"https:\/\/monde25.info\/index.php\/wp-json\/wp\/v2\/posts\/2244\/revisions"}],"wp:featuredmedia":[{"embeddable":true,"href":"https:\/\/monde25.info\/index.php\/wp-json\/wp\/v2\/media\/2245"}],"wp:attachment":[{"href":"https:\/\/monde25.info\/index.php\/wp-json\/wp\/v2\/media?parent=2244"}],"wp:term":[{"taxonomy":"category","embeddable":true,"href":"https:\/\/monde25.info\/index.php\/wp-json\/wp\/v2\/categories?post=2244"},{"taxonomy":"post_tag","embeddable":true,"href":"https:\/\/monde25.info\/index.php\/wp-json\/wp\/v2\/tags?post=2244"}],"curies":[{"name":"wp","href":"https:\/\/api.w.org\/{rel}","templated":true}]}}