{"id":22441,"date":"2026-01-15T15:53:50","date_gmt":"2026-01-15T14:53:50","guid":{"rendered":"https:\/\/monde25.info\/index.php\/2026\/01\/15\/le-pedophile-morandini-maintenu-a-lantenne-cnews-du-tres-catholique-vincent-bollore\/"},"modified":"2026-01-15T15:53:50","modified_gmt":"2026-01-15T14:53:50","slug":"le-pedophile-morandini-maintenu-a-lantenne-cnews-du-tres-catholique-vincent-bollore","status":"publish","type":"post","link":"https:\/\/monde25.info\/index.php\/2026\/01\/15\/le-pedophile-morandini-maintenu-a-lantenne-cnews-du-tres-catholique-vincent-bollore\/","title":{"rendered":"Le p\u00e9dophile Morandini maintenu \u00e0 l&rsquo;antenne CNEWS du tr\u00e8s catholique Vincent Bollor\u00e9 !"},"content":{"rendered":"<p> <br \/>\n<\/p>\n<div>\n<p><span class=\"css-1jxf684 r-bcqeeo r-1ttztb7 r-qvutc0 r-poiln3 r-1adg3ll r-1g7jtus r-1x3r274\"><span class=\"css-1jxf684 r-bcqeeo r-1ttztb7 r-qvutc0 r-poiln3\"><span class=\"css-1jxf684 r-bcqeeo r-1ttztb7 r-qvutc0 r-poiln3 r-b88u0q r-1x3r274\"><span class=\"css-1jxf684 r-bcqeeo r-1ttztb7 r-qvutc0 r-poiln3 r-1x3r274\"><span class=\"dropcap \" style=\"background-color: #ffffff; color: #000000; border-color: #ffffff;\"><strong>J<\/strong><\/span>ean-Marc Morandini<\/span><\/span><span class=\"css-1jxf684 r-bcqeeo r-1ttztb7 r-qvutc0 r-poiln3 r-1x3r274\"> a \u00e9t\u00e9 <\/span><span class=\"css-1jxf684 r-bcqeeo r-1ttztb7 r-qvutc0 r-poiln3 r-b88u0q r-1x3r274\"><span class=\"css-1jxf684 r-bcqeeo r-1ttztb7 r-qvutc0 r-poiln3 r-1x3r274\">d\u00e9finitivement condamn\u00e9<\/span><\/span><span class=\"css-1jxf684 r-bcqeeo r-1ttztb7 r-qvutc0 r-poiln3 r-1x3r274\"> hier par la <\/span><span class=\"css-1jxf684 r-bcqeeo r-1ttztb7 r-qvutc0 r-poiln3 r-b88u0q r-1x3r274\"><span class=\"css-1jxf684 r-bcqeeo r-1ttztb7 r-qvutc0 r-poiln3 r-1x3r274\">Cour de cassation<\/span><\/span><span class=\"css-1jxf684 r-bcqeeo r-1ttztb7 r-qvutc0 r-poiln3 r-1x3r274\"> pour <\/span><span class=\"css-1jxf684 r-bcqeeo r-1ttztb7 r-qvutc0 r-poiln3 r-b88u0q r-1x3r274\"><span class=\"css-1jxf684 r-bcqeeo r-1ttztb7 r-qvutc0 r-poiln3 r-1x3r274\">corruption de mineurs<\/span><\/span><span class=\"css-1jxf684 r-bcqeeo r-1ttztb7 r-qvutc0 r-poiln3 r-1x3r274\">. La haute juridiction a rejet\u00e9 son pourvoi, confirmant ainsi la peine prononc\u00e9e en appel le 21 mars 2025 : <\/span><span class=\"css-1jxf684 r-bcqeeo r-1ttztb7 r-qvutc0 r-poiln3 r-b88u0q r-1x3r274\"><span class=\"css-1jxf684 r-bcqeeo r-1ttztb7 r-qvutc0 r-poiln3 r-1x3r274\">deux ans de prison avec sursis<\/span><\/span><span class=\"css-1jxf684 r-bcqeeo r-1ttztb7 r-qvutc0 r-poiln3 r-1x3r274\">, <\/span><span class=\"css-1jxf684 r-bcqeeo r-1ttztb7 r-qvutc0 r-poiln3 r-b88u0q r-1x3r274\"><span class=\"css-1jxf684 r-bcqeeo r-1ttztb7 r-qvutc0 r-poiln3 r-1x3r274\">20 000 \u20ac d\u2019amende<\/span><\/span><span class=\"css-1jxf684 r-bcqeeo r-1ttztb7 r-qvutc0 r-poiln3 r-1x3r274\">, <\/span><span class=\"css-1jxf684 r-bcqeeo r-1ttztb7 r-qvutc0 r-poiln3 r-b88u0q r-1x3r274\"><span class=\"css-1jxf684 r-bcqeeo r-1ttztb7 r-qvutc0 r-poiln3 r-1x3r274\">interdiction d\u00e9finitive d\u2019exercer une profession en contact avec des mineurs<\/span><\/span><span class=\"css-1jxf684 r-bcqeeo r-1ttztb7 r-qvutc0 r-poiln3 r-1x3r274\"> et inscription au <\/span><span class=\"css-1jxf684 r-bcqeeo r-1ttztb7 r-qvutc0 r-poiln3 r-b88u0q r-1x3r274\"><span class=\"css-1jxf684 r-bcqeeo r-1ttztb7 r-qvutc0 r-poiln3 r-1x3r274\">fichier des auteurs d\u2019infractions sexuelles<\/span><\/span><span class=\"css-1jxf684 r-bcqeeo r-1ttztb7 r-qvutc0 r-poiln3 r-1x3r274\"> (FIJAIS).<\/span><\/span><\/span><\/p>\n<p><span class=\"css-1jxf684 r-bcqeeo r-1ttztb7 r-qvutc0 r-poiln3 r-1adg3ll r-1g7jtus r-1x3r274\"><span class=\"css-1jxf684 r-bcqeeo r-1ttztb7 r-qvutc0 r-poiln3\"><span class=\"css-1jxf684 r-bcqeeo r-1ttztb7 r-qvutc0 r-poiln3 r-1x3r274\">Les faits remontent \u00e0 des \u00e9changes de nature sexuelle (messages \u00e9voquant des sc\u00e9narios sexuels, demande de photos d\u00e9nud\u00e9es) avec trois adolescents (\u00e2g\u00e9s de 15 ans pour deux d\u2019entre eux) entre 2009 et 2016.\u00a0<\/span><\/span><\/span><\/p>\n<p><span class=\"css-1jxf684 r-bcqeeo r-1ttztb7 r-qvutc0 r-poiln3 r-1adg3ll r-1g7jtus r-1x3r274\"><span class=\"css-1jxf684 r-bcqeeo r-1ttztb7 r-qvutc0 r-poiln3\"><span class=\"css-1jxf684 r-bcqeeo r-1ttztb7 r-qvutc0 r-poiln3 r-1x3r274\">Malgr\u00e9 cette condamnation d\u00e9finitive (plus de pr\u00e9somption d\u2019innocence possible), le groupe <\/span><span class=\"css-1jxf684 r-bcqeeo r-1ttztb7 r-qvutc0 r-poiln3 r-b88u0q r-1x3r274\"><span class=\"css-1jxf684 r-bcqeeo r-1ttztb7 r-qvutc0 r-poiln3 r-1x3r274\">Canal+<\/span><\/span><span class=\"css-1jxf684 r-bcqeeo r-1ttztb7 r-qvutc0 r-poiln3 r-1x3r274\"> (propri\u00e9t\u00e9 du tr\u00e8s catholique <\/span><span class=\"css-1jxf684 r-bcqeeo r-1ttztb7 r-qvutc0 r-poiln3 r-b88u0q r-1x3r274\"><span class=\"css-1jxf684 r-bcqeeo r-1ttztb7 r-qvutc0 r-poiln3 r-1x3r274\">Vincent Bollor\u00e9<\/span><\/span><span class=\"css-1jxf684 r-bcqeeo r-1ttztb7 r-qvutc0 r-poiln3 r-1x3r274\">) a annonc\u00e9 qu\u2019il <\/span><span class=\"css-1jxf684 r-bcqeeo r-1ttztb7 r-qvutc0 r-poiln3 r-b88u0q r-1x3r274\"><span class=\"css-1jxf684 r-bcqeeo r-1ttztb7 r-qvutc0 r-poiln3 r-1x3r274\">maintient Morandini \u00e0 l\u2019antenne<\/span><\/span><span class=\"css-1jxf684 r-bcqeeo r-1ttztb7 r-qvutc0 r-poiln3 r-1x3r274\"> sur <\/span><span class=\"css-1jxf684 r-bcqeeo r-1ttztb7 r-qvutc0 r-poiln3 r-b88u0q r-1x3r274\"><span class=\"css-1jxf684 r-bcqeeo r-1ttztb7 r-qvutc0 r-poiln3 r-1x3r274\">CNews<\/span><\/span><span class=\"css-1jxf684 r-bcqeeo r-1ttztb7 r-qvutc0 r-poiln3 r-1x3r274\">. Il pr\u00e9sentait d\u00e9j\u00e0 ce matin son \u00e9mission <\/span><span class=\"css-1jxf684 r-bcqeeo r-1ttztb7 r-qvutc0 r-poiln3 r-1x3r274 r-36ujnk\"><span class=\"css-1jxf684 r-bcqeeo r-1ttztb7 r-qvutc0 r-poiln3 r-1x3r274\">Morandini Live<\/span><\/span><span class=\"css-1jxf684 r-bcqeeo r-1ttztb7 r-qvutc0 r-poiln3 r-1x3r274\"> (10h35-12h), et la cha\u00eene a d\u00e9clar\u00e9 \u00e0 l\u2019AFP : \u00ab Jean-Marc Morandini continue son combat pour la justice et il reste \u00e0 l\u2019antenne sur CNews \u00bb. Le directeur g\u00e9n\u00e9ral de Canal+ France, G\u00e9rald-Brice Viret, a ajout\u00e9 que le groupe \u00ab <a target=\"_blank\" href=\"https:\/\/www.sudouest.fr\/societe\/canal-maintient-jean-marc-morandini-sur-cnews-malgre-sa-condamnation-pour-corruption-de-mineurs-et-assume-completement-27425488.php\"><strong>assume compl\u00e8tement<\/strong><\/a> \u00bb cette d\u00e9cision. Pour lui, Morandini n\u2019est pas en contact avec des mineurs dans l\u2019entreprise Canal. Par contre, on imagine qu\u2019il peut faire ce qu\u2019il veut en dehors du travail ! On a rarement vu une justification aussi hypocrite et d\u00e9nu\u00e9e de toute morale et c\u2019est exactement cela le probl\u00e8me en France aujourd\u2019hui, il n\u2019y a plus aucune morale.<\/span><\/span><\/span><\/p>\n<p>Canal avait affirm\u00e9 l\u2019inverse dans un communiqu\u00e9 en 2016 au d\u00e9but de l\u2019affaire mais il semble que la strat\u00e9gie du boss ait compl\u00e8tement chang\u00e9 ! Bien entendu, on imagine que c\u2019est la faute aux fr\u00e9ristes \u00e0 moins que \u00e7a soit les Russes\u00a0 qui poussent les p\u00e9dophiles \u00e0 d\u00e9truire les vies des jeunes fran\u00e7ais\u2026<\/p>\n<figure id=\"attachment_6062442\" aria-describedby=\"caption-attachment-6062442\" style=\"width: 230px\" class=\"wp-caption alignright\"><a target=\"_blank\" href=\"https:\/\/www.lelibrepenseur.org\/wp-content\/uploads\/2026\/01\/Valet-RN-chez-morandini-le-15-janvier-2026.jpg\"><img loading=\"lazy\" decoding=\"async\" class=\" wp-image-6062442\" data-pagespeed-lazy-src=\"https:\/\/www.lelibrepenseur.org\/wp-content\/uploads\/2026\/01\/Valet-RN-chez-morandini-le-15-janvier-2026.jpg\" alt=\"https:\/\/www.lelibrepenseur.org\/wp-content\/uploads\/2026\/01\/Valet-RN-chez-morandini-le-15-janvier-2026.jpg\" width=\"230\" height=\"126\" data-pagespeed-lazy-srcset=\"https:\/\/www.lelibrepenseur.org\/wp-content\/uploads\/2026\/01\/Valet-RN-chez-morandini-le-15-janvier-2026.jpg 1320w, https:\/\/www.lelibrepenseur.org\/wp-content\/uploads\/2026\/01\/Valet-RN-chez-morandini-le-15-janvier-2026-300x165.jpg 300w, https:\/\/www.lelibrepenseur.org\/wp-content\/uploads\/2026\/01\/Valet-RN-chez-morandini-le-15-janvier-2026-1024x562.jpg 1024w, https:\/\/www.lelibrepenseur.org\/wp-content\/uploads\/2026\/01\/Valet-RN-chez-morandini-le-15-janvier-2026-768x421.jpg 768w, https:\/\/www.lelibrepenseur.org\/wp-content\/uploads\/2026\/01\/Valet-RN-chez-morandini-le-15-janvier-2026-24x13.jpg 24w, https:\/\/www.lelibrepenseur.org\/wp-content\/uploads\/2026\/01\/Valet-RN-chez-morandini-le-15-janvier-2026-36x20.jpg 36w, https:\/\/www.lelibrepenseur.org\/wp-content\/uploads\/2026\/01\/Valet-RN-chez-morandini-le-15-janvier-2026-48x26.jpg 48w, https:\/\/www.lelibrepenseur.org\/wp-content\/uploads\/2026\/01\/Valet-RN-chez-morandini-le-15-janvier-2026-600x329.jpg 600w, https:\/\/www.lelibrepenseur.org\/wp-content\/uploads\/2026\/01\/Valet-RN-chez-morandini-le-15-janvier-2026-750x411.jpg 750w, https:\/\/www.lelibrepenseur.org\/wp-content\/uploads\/2026\/01\/Valet-RN-chez-morandini-le-15-janvier-2026-1140x625.jpg 1140w\" sizes=\"auto, (max-width: 230px) 100vw, 230px\" src=\"\/pagespeed_static\/1.JiBnMqyl6S.gif\" onload=\"pagespeed.lazyLoadImages.loadIfVisibleAndMaybeBeacon(this);\" onerror=\"this.onerror=null;pagespeed.lazyLoadImages.loadIfVisibleAndMaybeBeacon(this);\"\/><\/a><figcaption id=\"caption-attachment-6062442\" class=\"wp-caption-text\">https:\/\/www.lelibrepenseur.org\/wp-content\/uploads\/2026\/01\/Valet-RN-chez-morandini-le-15-janvier-2026.jpg<\/figcaption><\/figure>\n<p>Il est \u00e9vident que tous ceux qui continuent d\u2019aller sur le plateau de Jean-Marc Morandini seront complices ainsi que tous les annonceurs qui acceptent de payer cet abject personnage pour quelques secondes de publicit\u00e9. On imagine que l\u2019extr\u00eame droite moralisatrice et catholique continuera de soutenir ce p\u00e9dophile\u2026<\/p>\n<\/div>\n<p><br \/>\n<br \/><a href=\"https:\/\/www.lelibrepenseur.org\/le-pedophile-morandini-maintenu-a-lantenne-cnews-du-tres-catholique-vincent-bollore\/\" target=\"_blank\"\">Source link <\/a><\/p>\n","protected":false},"excerpt":{"rendered":"<p>Jean-Marc Morandini a \u00e9t\u00e9 d\u00e9finitivement condamn\u00e9 hier par la Cour de cassation pour corruption de mineurs. La haute juridiction a rejet\u00e9 son pourvoi, confirmant ainsi la peine prononc\u00e9e en appel&hellip; <\/p>\n","protected":false},"author":1,"featured_media":0,"comment_status":"open","ping_status":"open","sticky":false,"template":"","format":"standard","meta":{"footnotes":""},"categories":[1],"tags":[],"class_list":["post-22441","post","type-post","status-publish","format-standard","hentry","category-non-classe"],"_links":{"self":[{"href":"https:\/\/monde25.info\/index.php\/wp-json\/wp\/v2\/posts\/22441","targetHints":{"allow":["GET"]}}],"collection":[{"href":"https:\/\/monde25.info\/index.php\/wp-json\/wp\/v2\/posts"}],"about":[{"href":"https:\/\/monde25.info\/index.php\/wp-json\/wp\/v2\/types\/post"}],"author":[{"embeddable":true,"href":"https:\/\/monde25.info\/index.php\/wp-json\/wp\/v2\/users\/1"}],"replies":[{"embeddable":true,"href":"https:\/\/monde25.info\/index.php\/wp-json\/wp\/v2\/comments?post=22441"}],"version-history":[{"count":0,"href":"https:\/\/monde25.info\/index.php\/wp-json\/wp\/v2\/posts\/22441\/revisions"}],"wp:attachment":[{"href":"https:\/\/monde25.info\/index.php\/wp-json\/wp\/v2\/media?parent=22441"}],"wp:term":[{"taxonomy":"category","embeddable":true,"href":"https:\/\/monde25.info\/index.php\/wp-json\/wp\/v2\/categories?post=22441"},{"taxonomy":"post_tag","embeddable":true,"href":"https:\/\/monde25.info\/index.php\/wp-json\/wp\/v2\/tags?post=22441"}],"curies":[{"name":"wp","href":"https:\/\/api.w.org\/{rel}","templated":true}]}}