{"id":22445,"date":"2026-01-15T19:12:49","date_gmt":"2026-01-15T18:12:49","guid":{"rendered":"https:\/\/monde25.info\/index.php\/2026\/01\/15\/mobilisations-agricoles-les-52-paysans-sortis-de-garde-a-vue-denoncent-une-repression-sans-precedent\/"},"modified":"2026-01-15T19:12:49","modified_gmt":"2026-01-15T18:12:49","slug":"mobilisations-agricoles-les-52-paysans-sortis-de-garde-a-vue-denoncent-une-repression-sans-precedent","status":"publish","type":"post","link":"https:\/\/monde25.info\/index.php\/2026\/01\/15\/mobilisations-agricoles-les-52-paysans-sortis-de-garde-a-vue-denoncent-une-repression-sans-precedent\/","title":{"rendered":"Mobilisations agricoles\u00a0: les 52 paysans sortis de garde \u00e0 vue d\u00e9noncent une r\u00e9pression sans pr\u00e9c\u00e9dent"},"content":{"rendered":"<p> <br \/>\n<br \/><img loading=\"lazy\" decoding=\"async\" src=\"https:\/\/reporterre.net\/local\/cache-vignettes\/L700xH467\/ste_phane_galais_porte-parole_national_de_la_confe_de_ration_paysanne_-92974.jpg?1768494246\" class=\"spip_logo\" width=\"700\" height=\"467\" alt=\"\" \/><\/p>\n<p>Les 52 paysans arr\u00eat\u00e9s hier lors d&rsquo;une manifestation avec la Conf\u00e9d\u00e9ration paysanne ont \u00e9t\u00e9 lib\u00e9r\u00e9s apr\u00e8s pr\u00e8s de 18 heures de garde \u00e0 vue. Ils d\u00e9noncent une r\u00e9pression inadmissible et une diff\u00e9rence de traitement scandaleuse. <br class=\"autobr\" \/><br \/>\n13<sup class=\"typo_exposants\">e<\/sup> arrondissement de Paris, reportage <br class=\"autobr\" \/><br \/>\n\u00ab<small class=\"fine d-inline\">\u00a0<\/small>Je suis tr\u00e8s en col\u00e8re, dit St\u00e9phane Galais, porte-parole de la Conf\u00e9d\u00e9ration paysanne. On enferme 52\u00a0paysans et paysannes parce qu&rsquo;on manifeste pacifiquement pour des raisons l\u00e9gitimes. Nous sommes mobilis\u00e9s depuis six mois\u00a0(\u2026)<\/p>\n<p>                    <a target=\"_blank\" href=\"https:\/\/reporterre.net\/Mobilisations-agricoles-les-52-paysans-sortis-de-garde-a-vue-denoncent-une-repression?utm_source=RSS&amp;utm_medium=RSS\">Lire la suite<\/a><\/p>\n<p>                    &#8211;<br \/>\n                        <a target=\"_blank\" href=\"https:\/\/reporterre.net\/Reportage\" rel=\"directory\">Reportage<\/a><\/p>\n<p>                    \/<br \/>\n                        <a target=\"_blank\" href=\"https:\/\/reporterre.net\/Agriculture\" rel=\"tag\">Agriculture<\/a><br \/>\n                    ,<br \/>\n                        <a target=\"_blank\" href=\"https:\/\/reporterre.net\/Luttes\" rel=\"tag\">Luttes<\/a><br \/>\n<br \/><br \/>\n<br \/><a href=\"https:\/\/reporterre.net\/Mobilisations-agricoles-les-52-paysans-sortis-de-garde-a-vue-denoncent-une-repression\" target=\"_blank\"\">Source link <\/a><\/p>\n","protected":false},"excerpt":{"rendered":"<p>Les 52 paysans arr\u00eat\u00e9s hier lors d&rsquo;une manifestation avec la Conf\u00e9d\u00e9ration paysanne ont \u00e9t\u00e9 lib\u00e9r\u00e9s apr\u00e8s pr\u00e8s de 18 heures de garde \u00e0 vue. Ils d\u00e9noncent une r\u00e9pression inadmissible et&hellip; <\/p>\n","protected":false},"author":1,"featured_media":0,"comment_status":"open","ping_status":"open","sticky":false,"template":"","format":"standard","meta":{"footnotes":""},"categories":[1],"tags":[],"class_list":["post-22445","post","type-post","status-publish","format-standard","hentry","category-non-classe"],"_links":{"self":[{"href":"https:\/\/monde25.info\/index.php\/wp-json\/wp\/v2\/posts\/22445","targetHints":{"allow":["GET"]}}],"collection":[{"href":"https:\/\/monde25.info\/index.php\/wp-json\/wp\/v2\/posts"}],"about":[{"href":"https:\/\/monde25.info\/index.php\/wp-json\/wp\/v2\/types\/post"}],"author":[{"embeddable":true,"href":"https:\/\/monde25.info\/index.php\/wp-json\/wp\/v2\/users\/1"}],"replies":[{"embeddable":true,"href":"https:\/\/monde25.info\/index.php\/wp-json\/wp\/v2\/comments?post=22445"}],"version-history":[{"count":0,"href":"https:\/\/monde25.info\/index.php\/wp-json\/wp\/v2\/posts\/22445\/revisions"}],"wp:attachment":[{"href":"https:\/\/monde25.info\/index.php\/wp-json\/wp\/v2\/media?parent=22445"}],"wp:term":[{"taxonomy":"category","embeddable":true,"href":"https:\/\/monde25.info\/index.php\/wp-json\/wp\/v2\/categories?post=22445"},{"taxonomy":"post_tag","embeddable":true,"href":"https:\/\/monde25.info\/index.php\/wp-json\/wp\/v2\/tags?post=22445"}],"curies":[{"name":"wp","href":"https:\/\/api.w.org\/{rel}","templated":true}]}}