{"id":22446,"date":"2026-01-15T19:46:07","date_gmt":"2026-01-15T18:46:07","guid":{"rendered":"https:\/\/monde25.info\/index.php\/2026\/01\/15\/robert-fico-demande-la-demission-de-kaja-kallas\/"},"modified":"2026-01-15T19:46:07","modified_gmt":"2026-01-15T18:46:07","slug":"robert-fico-demande-la-demission-de-kaja-kallas","status":"publish","type":"post","link":"https:\/\/monde25.info\/index.php\/2026\/01\/15\/robert-fico-demande-la-demission-de-kaja-kallas\/","title":{"rendered":"Robert Fico demande la d\u00e9mission de Kaja Kallas"},"content":{"rendered":"<p> <br \/>\n<\/p>\n<div id=\"article-text\">\n<div class=\"article-text-images crayon article-texte-223505 \">\n<div align=\"center\"><img loading=\"lazy\" decoding=\"async\" src=\"https:\/\/www.voltairenet.org\/local\/cache-vignettes\/L800xH500\/400_-_1-627-d3237.jpg?1768486853\" class=\"spip_logo\" width=\"800\" height=\"500\" alt=\"\"\/><\/div>\n<p>Robert Fico, Premier ministre slovaque, a donn\u00e9 <a target=\"_blank\" href=\"https:\/\/www.youtube.com\/watch?v=UZ0PxuhDGdk\" class=\"spip_out\" rel=\"external\">une interview \u00e0 la chaine publique Telev\u00edzia ta3<\/a>, le 11 janvier 2026.<\/p>\n<p>Il a confirm\u00e9 que la Slovaquie, sous sa direction, n\u2019enverra pas de troupes en Ukraine. Au lieu de cela, Bratislava continuera \u00e0 fournir une aide humanitaire. Il a critiqu\u00e9 la France et le Royaume-Uni pour leur projet de d\u00e9ployer des soldats en Ukraine, d\u00e9crivant leurs actions comme provocatrices et risquant potentiellement de provoquer une escalade du conflit.<\/p>\n<p>Surtout, il a soulign\u00e9 que l\u2019ordre mondial de l\u2019apr\u00e8s-guerre a \u00e9t\u00e9 fondamentalement modifi\u00e9 par l\u2019intervention militaire \u00e9tats-unienne au Venezuela. Dans cette perspective, l\u2019Estonienne Kaja Kallas, la haute repr\u00e9sentante de l\u2019Union europ\u00e9enne pour les Affaires \u00e9trang\u00e8res et la Politique de s\u00e9curit\u00e9, a consid\u00e9rablement entrav\u00e9 la capacit\u00e9 de l\u2019UE \u00e0 r\u00e9pondre efficacement aux d\u00e9fis contemporains ou \u00e0 \u00e9tablir une position coh\u00e9rente sur les questions internationales actuelles. \u00ab\u00a0Nous devons la remplacer\u00a0\u00bb, a-t-il affirm\u00e9 avec force.<\/p>\n<p>\u261e Kaja Kallas est partisan de la dissolution de la F\u00e9d\u00e9ration de Russie. Juste avant sa nomination \u00e0 Bruxelles, elle participait \u00e0 un forum o\u00f9 elle prenait parti pour le \u00ab\u00a0Forum des peuples libres de Russie\u00a0\u00bb cr\u00e9\u00e9 par la CIA.<\/p>\n<blockquote class=\"spip\">\n<p>Cet article est extrait du num\u00e9ro 158 de \u00ab\u00a0Voltaire, actualit\u00e9 internationale\u00a0\u00bb. Le monde change vite. <a target=\"_blank\" href=\"https:\/\/buy.stripe.com\/7sI16i222cRI4UgcN9\" class=\"spip_out\" rel=\"external\">Abonnez-vous<\/a> \u00e0 notre lettre confidentielle hebdomadaire\u00a0; une source exceptionnelle d\u2019information sur la transition vers un monde multipolaire.<\/p>\n<\/blockquote>\n<\/div>\n<aside>\n<\/aside>\n<div class=\"follow\" id=\"social\">\n<h4>Restez en contact<\/h4>\n<div class=\"follow-left\">\n<h5>Suivez-nous sur les r\u00e9seaux sociaux<\/h5>\n<p><a target=\"_blank\" href=\"https:\/\/www.facebook.com\/R%C3%A9seau-Voltaire-en-fran%C3%A7ais-106616878523973\" title=\"\" target=\"_blank\"><img decoding=\"async\" src=\"https:\/\/www.voltairenet.org\/squelettes\/images\/follow-fb.png\" alt=\"\"\/><\/a><br \/>\n<a target=\"_blank\" href=\"https:\/\/t.me\/reseauvoltaire\" title=\"\" target=\"_blank\"><img decoding=\"async\" src=\"https:\/\/www.voltairenet.org\/squelettes\/images\/follow-tg.png\" alt=\"\"\/><\/a><br \/>\n<a target=\"_blank\" href=\"https:\/\/twitter.com\/voltairenetFr\" title=\"\" target=\"_blank\"><img decoding=\"async\" src=\"https:\/\/www.voltairenet.org\/squelettes\/images\/follow-tw.png\" alt=\"\"\/><\/a>\n<\/div>\n<p><h5>Subscribe to weekly newsletter<\/h5>\n<\/p>\n<\/div>\n<p><!--\n\n<div><\/div>\n\n--><\/p>\n<\/div>\n<p><script async src=\"\/\/platform.twitter.com\/widgets.js\" charset=\"utf-8\"><\/script><br \/>\n<br \/><br \/>\n<br \/><a href=\"https:\/\/www.voltairenet.org\/article223505.html\" target=\"_blank\"\">Source link <\/a><\/p>\n","protected":false},"excerpt":{"rendered":"<p>Robert Fico, Premier ministre slovaque, a donn\u00e9 une interview \u00e0 la chaine publique Telev\u00edzia ta3, le 11 janvier 2026. Il a confirm\u00e9 que la Slovaquie, sous sa direction, n\u2019enverra pas&hellip; <\/p>\n","protected":false},"author":1,"featured_media":22447,"comment_status":"open","ping_status":"open","sticky":false,"template":"","format":"standard","meta":{"footnotes":""},"categories":[1],"tags":[],"class_list":["post-22446","post","type-post","status-publish","format-standard","has-post-thumbnail","hentry","category-non-classe"],"_links":{"self":[{"href":"https:\/\/monde25.info\/index.php\/wp-json\/wp\/v2\/posts\/22446","targetHints":{"allow":["GET"]}}],"collection":[{"href":"https:\/\/monde25.info\/index.php\/wp-json\/wp\/v2\/posts"}],"about":[{"href":"https:\/\/monde25.info\/index.php\/wp-json\/wp\/v2\/types\/post"}],"author":[{"embeddable":true,"href":"https:\/\/monde25.info\/index.php\/wp-json\/wp\/v2\/users\/1"}],"replies":[{"embeddable":true,"href":"https:\/\/monde25.info\/index.php\/wp-json\/wp\/v2\/comments?post=22446"}],"version-history":[{"count":0,"href":"https:\/\/monde25.info\/index.php\/wp-json\/wp\/v2\/posts\/22446\/revisions"}],"wp:featuredmedia":[{"embeddable":true,"href":"https:\/\/monde25.info\/index.php\/wp-json\/wp\/v2\/media\/22447"}],"wp:attachment":[{"href":"https:\/\/monde25.info\/index.php\/wp-json\/wp\/v2\/media?parent=22446"}],"wp:term":[{"taxonomy":"category","embeddable":true,"href":"https:\/\/monde25.info\/index.php\/wp-json\/wp\/v2\/categories?post=22446"},{"taxonomy":"post_tag","embeddable":true,"href":"https:\/\/monde25.info\/index.php\/wp-json\/wp\/v2\/tags?post=22446"}],"curies":[{"name":"wp","href":"https:\/\/api.w.org\/{rel}","templated":true}]}}