{"id":22448,"date":"2026-01-15T20:18:47","date_gmt":"2026-01-15T19:18:47","guid":{"rendered":"https:\/\/monde25.info\/index.php\/2026\/01\/15\/tandis-quon-celebre-larbre-de-lannee-les-forets-partent-a-la-decoupe\/"},"modified":"2026-01-15T20:18:47","modified_gmt":"2026-01-15T19:18:47","slug":"tandis-quon-celebre-larbre-de-lannee-les-forets-partent-a-la-decoupe","status":"publish","type":"post","link":"https:\/\/monde25.info\/index.php\/2026\/01\/15\/tandis-quon-celebre-larbre-de-lannee-les-forets-partent-a-la-decoupe\/","title":{"rendered":"Tandis qu&#039;on c\u00e9l\u00e8bre \u00ab\u00a0l&#039;arbre de l&#039;ann\u00e9e\u00a0\u00bb, les for\u00eats partent \u00e0 la d\u00e9coupe"},"content":{"rendered":"<p> <br \/>\n<br \/><img loading=\"lazy\" decoding=\"async\" src=\"https:\/\/reporterre.net\/local\/cache-vignettes\/L700xH466\/26-01-15_-_arbres_remarquables-2dc59.jpg?1768488672\" class=\"spip_logo\" width=\"700\" height=\"466\" alt=\"\" \/><\/p>\n<p>Le 15\u00a0janvier, le palmar\u00e8s du concours de l&rsquo;arbre de l&rsquo;ann\u00e9e sera d\u00e9voil\u00e9. Mais s&rsquo;il est aujourd&rsquo;hui indispensable d&rsquo;admirer les vieux arbres, il est surtout n\u00e9cessaire de lutter contre l&rsquo;industrialisation des for\u00eats. <br class=\"autobr\" \/> C&rsquo;est \u00ab<small class=\"fine d-inline\">\u00a0<\/small>l&rsquo;arbre remarquable<small class=\"fine d-inline\">\u00a0<\/small>\u00bb qui cache la for\u00eat. Jeudi 15\u00a0janvier, nos amis de la Ligue pour la protection des oiseaux (<span class=\"caps\">LPO<\/span>), de Terre sauvage et de l&rsquo;association <span class=\"caps\">A.R.B.R.E.<\/span>S.\u2014 en partenariat avec l&rsquo;Office national des for\u00eats (<span class=\"caps\">ONF<\/span>) \u2014 d\u00e9voilent le palmar\u00e8s du concours de\u00a0(\u2026)<\/p>\n<p>                    <a target=\"_blank\" href=\"https:\/\/reporterre.net\/Tout-arbre-est-un-monument-si-on-le-laisse-vivre?utm_source=RSS&amp;utm_medium=RSS\">Lire la suite<\/a><\/p>\n<p>                    &#8211;<br \/>\n                        <a target=\"_blank\" href=\"https:\/\/reporterre.net\/idee\" rel=\"directory\">Id\u00e9e<\/a><\/p>\n<p>                    \/<br \/>\n                        <a target=\"_blank\" href=\"https:\/\/reporterre.net\/Nature\" rel=\"tag\">Nature<\/a><br \/>\n                    ,<br \/>\n                        <a target=\"_blank\" href=\"https:\/\/reporterre.net\/Forets\" rel=\"tag\">For\u00eats<\/a><br \/>\n<br \/><br \/>\n<br \/><a href=\"https:\/\/reporterre.net\/Tout-arbre-est-un-monument-si-on-le-laisse-vivre\" target=\"_blank\"\">Source link <\/a><\/p>\n","protected":false},"excerpt":{"rendered":"<p>Le 15\u00a0janvier, le palmar\u00e8s du concours de l&rsquo;arbre de l&rsquo;ann\u00e9e sera d\u00e9voil\u00e9. Mais s&rsquo;il est aujourd&rsquo;hui indispensable d&rsquo;admirer les vieux arbres, il est surtout n\u00e9cessaire de lutter contre l&rsquo;industrialisation des&hellip; <\/p>\n","protected":false},"author":1,"featured_media":0,"comment_status":"open","ping_status":"open","sticky":false,"template":"","format":"standard","meta":{"footnotes":""},"categories":[1],"tags":[],"class_list":["post-22448","post","type-post","status-publish","format-standard","hentry","category-non-classe"],"_links":{"self":[{"href":"https:\/\/monde25.info\/index.php\/wp-json\/wp\/v2\/posts\/22448","targetHints":{"allow":["GET"]}}],"collection":[{"href":"https:\/\/monde25.info\/index.php\/wp-json\/wp\/v2\/posts"}],"about":[{"href":"https:\/\/monde25.info\/index.php\/wp-json\/wp\/v2\/types\/post"}],"author":[{"embeddable":true,"href":"https:\/\/monde25.info\/index.php\/wp-json\/wp\/v2\/users\/1"}],"replies":[{"embeddable":true,"href":"https:\/\/monde25.info\/index.php\/wp-json\/wp\/v2\/comments?post=22448"}],"version-history":[{"count":0,"href":"https:\/\/monde25.info\/index.php\/wp-json\/wp\/v2\/posts\/22448\/revisions"}],"wp:attachment":[{"href":"https:\/\/monde25.info\/index.php\/wp-json\/wp\/v2\/media?parent=22448"}],"wp:term":[{"taxonomy":"category","embeddable":true,"href":"https:\/\/monde25.info\/index.php\/wp-json\/wp\/v2\/categories?post=22448"},{"taxonomy":"post_tag","embeddable":true,"href":"https:\/\/monde25.info\/index.php\/wp-json\/wp\/v2\/tags?post=22448"}],"curies":[{"name":"wp","href":"https:\/\/api.w.org\/{rel}","templated":true}]}}