{"id":22451,"date":"2026-01-15T21:24:41","date_gmt":"2026-01-15T20:24:41","guid":{"rendered":"https:\/\/monde25.info\/index.php\/2026\/01\/15\/canal-assume-completement-de-garder-morandini-sur-cnews-malgre-sa-condamnation\/"},"modified":"2026-01-15T21:24:41","modified_gmt":"2026-01-15T20:24:41","slug":"canal-assume-completement-de-garder-morandini-sur-cnews-malgre-sa-condamnation","status":"publish","type":"post","link":"https:\/\/monde25.info\/index.php\/2026\/01\/15\/canal-assume-completement-de-garder-morandini-sur-cnews-malgre-sa-condamnation\/","title":{"rendered":"Canal+ \u00ab\u00a0assume compl\u00e8tement\u00a0\u00bb de garder Morandini sur CNews malgr\u00e9 sa condamnation"},"content":{"rendered":"<p> <br \/>\n<\/p>\n<div>\n<p><span class=\"cf0\">\u00ab\u00a0On assume compl\u00e8tement\u00a0\u00bb le maintien \u00e0 l&rsquo;antenne de CNews de l&rsquo;animateur Jean-Marc Morandini malgr\u00e9 sa condamnation d\u00e9finitive pour corruption de mineurs, a d\u00e9clar\u00e9 jeudi le directeur g\u00e9n\u00e9ral de Canal+ France, G\u00e9rald-Brice Viret.<\/span><\/p>\n<p><span class=\"cf0\">\u00ab\u00a0Il n&rsquo;est en contact avec aucun mineur \u00e0 CNews\u00a0\u00bb, et ce \u00ab\u00a0depuis tr\u00e8s longtemps\u00a0\u00bb, a-t-il soulign\u00e9 devant l&rsquo;Association des journalistes m\u00e9dias.<\/span><\/p>\n<p><span class=\"cf0\">Le \u00ab\u00a0Morandini Live\u00a0\u00bb a repris normalement jeudi matin sur la premi\u00e8re cha\u00eene info de France, qui appartient au groupe Canal+, dans le giron du milliardaire conservateur Vincent Bollor\u00e9, avec plusieurs sujets sur la d\u00e9linquance.<\/span><\/p>\n<p><span class=\"cf0\">Dans un communiqu\u00e9, le syndicat +Libres de Canal+ a demand\u00e9 \u00ab\u00a0le d\u00e9part sans indemnit\u00e9 de Jean-Marc Morandini\u00a0\u00bb, comme la direction de la cha\u00eene alors appel\u00e9e iT\u00e9l\u00e9 s&rsquo;y \u00e9tait engag\u00e9e en 2016 en cas de condamnation.<\/span><\/p>\n<p><span class=\"cf0\">Le syndicat a point\u00e9 une \u00ab\u00a0remise en cause de la cr\u00e9dibilit\u00e9 de notre groupe dans sa politique de responsabilit\u00e9 sociale et environnementale\u00a0\u00bb, une \u00ab\u00a0atteinte \u00e0 son image\u00a0\u00bb et un \u00ab\u00a0impact sur la fiert\u00e9 d&rsquo;appartenance des collaborateurs\u00a0\u00bb.<\/span><\/p>\n<p><span class=\"cf0\">+Libres appelle les salari\u00e9s, les personnalit\u00e9s et sportifs passant sur les cha\u00eenes du groupe \u00e0 \u00ab\u00a0faire entendre leur voix face \u00e0 une situation susceptible de heurter leurs valeurs ou leur conscience\u00a0\u00bb.<\/span><\/p>\n<p><span class=\"cf0\">Mais M. Viret l&rsquo;a martel\u00e9 : Jean-Marc Morandini \u00ab\u00a0est \u00e0 l&rsquo;antenne et il le restera\u00a0\u00bb.<\/span><\/p>\n<p><span class=\"cf0\">La Cour de cassation a rendu d\u00e9finitive mercredi la condamnation de l&rsquo;animateur pour corruption de mineurs, pour des messages de nature sexuelle envoy\u00e9s \u00e0 trois adolescents entre 2009 et 2016, en n&rsquo;admettant pas son pourvoi.<\/span><\/p>\n<p><span class=\"cf0\">CNews avait indiqu\u00e9 quelques heures plus tard que \u00ab\u00a0Jean-Marc Morandini continue son combat pour la justice\u00a0\u00bb et \u00ab\u00a0reste \u00e0 l&rsquo;antenne\u00a0\u00bb. La d\u00e9cision a \u00e9t\u00e9 act\u00e9e avec le PDG du groupe Canal+ Maxime Saada.<\/span><\/p>\n<p><span class=\"cf0\">L&rsquo;animateur de 60 ans avait \u00e9t\u00e9 condamn\u00e9 le 21 mars 2025 \u00e0 deux ans de prison avec sursis et 20\u00a0000\u00a0euros d&rsquo;amende par la cour d&rsquo;appel de Paris.<\/span><\/p>\n<p><span class=\"cf0\">Celle-ci avait en outre prononc\u00e9 contre M. Morandini une interdiction d\u00e9finitive d&rsquo;exercer une profession en contact avec des mineurs et confirm\u00e9 son inscription au fichier des auteurs d&rsquo;infractions sexuelles.<\/span><\/p>\n<p><span class=\"cf0\">L&rsquo;animateur, qui a dit envisager de saisir la Cour europ\u00e9enne des droits de l&rsquo;Homme, r\u00e9cuse \u00ab\u00a0le moindre geste d\u00e9plac\u00e9\u00a0\u00bb.<\/span><\/p>\n<p><span class=\"cf0\">Depuis septembre, Jean-Marc Morandini \u00ab\u00a0fait son \u00e9mission directement dans les locaux de CNews et d&rsquo;Europe 1\u00a0\u00bb \u00e0 Paris et \u00ab\u00a0c&rsquo;est tr\u00e8s bien fait\u00a0\u00bb, il n&rsquo;est \u00ab\u00a0pas au m\u00eame \u00e9tage\u00a0\u00bb que les jeunes stagiaires, a pr\u00e9cis\u00e9 le directeur g\u00e9n\u00e9ral de Canal+ France charg\u00e9 des programmes et des cha\u00eenes.<\/span><\/p>\n<p><span class=\"cf0\">Cette absence de contact avec les mineurs \u00e9tait une \u00ab\u00a0condition depuis 2016 d\u00e9j\u00e0\u00a0\u00bb, a rappel\u00e9 M. Viret. Jusqu&rsquo;\u00e0 l&rsquo;\u00e9t\u00e9 dernier, M. Morandini tournait son \u00e9mission hors du si\u00e8ge de la cha\u00eene, dans un studio des Champs-Elys\u00e9es.<\/span><\/p>\n<p><span class=\"cf0\">En 2016, la r\u00e9daction avait fait gr\u00e8ve pendant un mois pour protester contre l&rsquo;arriv\u00e9e de l&rsquo;animateur \u00e0 l&rsquo;antenne. Il venait d&rsquo;\u00eatre mis en examen pour \u00ab\u00a0corruption de mineurs\u00a0\u00bb et avait \u00e9t\u00e9 \u00e9cart\u00e9 d&rsquo;Europe 1.<\/span><\/p>\n<p><span class=\"cf0\">Interrog\u00e9 sur un \u00e9ventuel recul de la publicit\u00e9 sur la cha\u00eene en cons\u00e9quence du maintien de M. Morandini, il a affirm\u00e9 que \u00ab\u00a0c&rsquo;est le public qui d\u00e9cidera\u00a0\u00bb: \u00ab\u00a0Si les audiences sont fortes, les annonceurs seront l\u00e0\u00a0\u00bb.<\/span><\/p>\n<p><span class=\"cf0\">\u00ab\u00a0Ils n&rsquo;ont jamais \u00e9t\u00e9 aussi nombreux aujourd&rsquo;hui\u00a0\u00bb et CNews est \u00ab\u00a0\u00e0 l&rsquo;\u00e9quilibre op\u00e9rationnel en 2025, pour la premi\u00e8re ann\u00e9e\u00a0\u00bb, a-t-il ajout\u00e9.<\/span><\/p>\n<\/div>\n<p><script>(function(d, s, id) {  var js, fjs = d.getElementsByTagName(s)[0];  if (d.getElementById(id)) return;  js = d.createElement(s); js.id = id;  js.src = \"\/\/connect.facebook.net\/fr_FR\/sdk.js#xfbml=1&version=v2.3\";  fjs.parentNode.insertBefore(js, fjs);}(document, \"script\", \"facebook-jssdk\"));<\/script><br \/>\n<br \/><br \/>\n<br \/><a href=\"https:\/\/www.francesoir.fr\/societe-faits-divers\/canal-assume-completement-de-garder-morandini-sur-cnews-malgre-sa-condamnation\" target=\"_blank\"\">Source link <\/a><\/p>\n","protected":false},"excerpt":{"rendered":"<p>\u00ab\u00a0On assume compl\u00e8tement\u00a0\u00bb le maintien \u00e0 l&rsquo;antenne de CNews de l&rsquo;animateur Jean-Marc Morandini malgr\u00e9 sa condamnation d\u00e9finitive pour corruption de mineurs, a d\u00e9clar\u00e9 jeudi le directeur g\u00e9n\u00e9ral de Canal+ France,&hellip; <\/p>\n","protected":false},"author":1,"featured_media":22452,"comment_status":"open","ping_status":"open","sticky":false,"template":"","format":"standard","meta":{"footnotes":""},"categories":[1],"tags":[],"class_list":["post-22451","post","type-post","status-publish","format-standard","has-post-thumbnail","hentry","category-non-classe"],"_links":{"self":[{"href":"https:\/\/monde25.info\/index.php\/wp-json\/wp\/v2\/posts\/22451","targetHints":{"allow":["GET"]}}],"collection":[{"href":"https:\/\/monde25.info\/index.php\/wp-json\/wp\/v2\/posts"}],"about":[{"href":"https:\/\/monde25.info\/index.php\/wp-json\/wp\/v2\/types\/post"}],"author":[{"embeddable":true,"href":"https:\/\/monde25.info\/index.php\/wp-json\/wp\/v2\/users\/1"}],"replies":[{"embeddable":true,"href":"https:\/\/monde25.info\/index.php\/wp-json\/wp\/v2\/comments?post=22451"}],"version-history":[{"count":0,"href":"https:\/\/monde25.info\/index.php\/wp-json\/wp\/v2\/posts\/22451\/revisions"}],"wp:featuredmedia":[{"embeddable":true,"href":"https:\/\/monde25.info\/index.php\/wp-json\/wp\/v2\/media\/22452"}],"wp:attachment":[{"href":"https:\/\/monde25.info\/index.php\/wp-json\/wp\/v2\/media?parent=22451"}],"wp:term":[{"taxonomy":"category","embeddable":true,"href":"https:\/\/monde25.info\/index.php\/wp-json\/wp\/v2\/categories?post=22451"},{"taxonomy":"post_tag","embeddable":true,"href":"https:\/\/monde25.info\/index.php\/wp-json\/wp\/v2\/tags?post=22451"}],"curies":[{"name":"wp","href":"https:\/\/api.w.org\/{rel}","templated":true}]}}