{"id":22453,"date":"2026-01-15T21:57:47","date_gmt":"2026-01-15T20:57:47","guid":{"rendered":"https:\/\/monde25.info\/index.php\/2026\/01\/15\/un-refugie-ukrainien-proprietaire-dune-porsche-contraint-de-rembourser-des-allocations-sociales-rt-en-francais\/"},"modified":"2026-01-15T21:57:47","modified_gmt":"2026-01-15T20:57:47","slug":"un-refugie-ukrainien-proprietaire-dune-porsche-contraint-de-rembourser-des-allocations-sociales-rt-en-francais","status":"publish","type":"post","link":"https:\/\/monde25.info\/index.php\/2026\/01\/15\/un-refugie-ukrainien-proprietaire-dune-porsche-contraint-de-rembourser-des-allocations-sociales-rt-en-francais\/","title":{"rendered":"un r\u00e9fugi\u00e9 ukrainien, propri\u00e9taire d\u2019une Porsche, contraint de rembourser des allocations sociales \u2014 RT en fran\u00e7ais"},"content":{"rendered":"<p> <br \/>\n<br \/><img decoding=\"async\" src=\"https:\/\/mf.b37mrtl.ru\/french\/images\/2026.01\/thumbnail\/6968f05687f3ec757d1bd5b4.jpg\" \/><\/p>\n<div>\n<p class=\"text__summary\">\n                                        Un r\u00e9fugi\u00e9 ukrainien install\u00e9 dans le canton de Vaud, en Suisse, a \u00e9t\u00e9 d\u00e9masqu\u00e9 par une enqu\u00eate pour fraude sociale. Propri\u00e9taire d&rsquo;une Porsche Cayenne et habitu\u00e9 des s\u00e9jours co\u00fbteux \u00e0 travers l&rsquo;Europe, l&rsquo;homme a \u00e9t\u00e9 somm\u00e9 par la justice suisse de restituer l&rsquo;int\u00e9gralit\u00e9 des allocations per\u00e7ues depuis 2022, ses ressources \u00e9tant jug\u00e9es suffisantes.\n                                    <\/p>\n<p>Un Ukrainien de 45 ans, arriv\u00e9 en Suisse en 2022 en tant que r\u00e9fugi\u00e9, a \u00e9t\u00e9 contraint de rembourser les aides sociales per\u00e7ues depuis son arriv\u00e9e, \u00e0 la suite d&rsquo;une enqu\u00eate ouverte en 2024 pour suspicion de fraude aux prestations sociales et dissimulation d&rsquo;actifs financiers.<\/p>\n<p>Le journal <em>20 Minuten<\/em>\u00a0a rapport\u00e9 que l&rsquo;enqu\u00eate avait r\u00e9v\u00e9l\u00e9 que l&rsquo;Ukrainien poss\u00e9dait un SUV de luxe allemand, une Porsche Cayenne, dont la valeur r\u00e9siduelle \u00e9tait estim\u00e9e \u00e0 37 452 francs suisses (environ 40 216 euros). Ses comptes bancaires et postaux ont \u00e9galement montr\u00e9 que, durant la p\u00e9riode o\u00f9 il percevait des allocations, il avait effectu\u00e9 de nombreux voyages en Europe, notamment en Autriche, en France, en Italie, en Allemagne, au Portugal, en Belgique et au Luxembourg, o\u00f9 il avait engag\u00e9 des d\u00e9penses importantes.<\/p>\n<h2>Plus de 72 000 euros \u00e0 rembourser au titre des allocations\u00a0per\u00e7ues ill\u00e9galement<\/h2>\n<p>La n\u00e9cessit\u00e9 de l\u2019aide sociale n\u2019ayant pas \u00e9t\u00e9 \u00e9tablie, les autorit\u00e9s du canton de Vaud ont d\u00e9cid\u00e9 de suspendre les prestations. Elles ont \u00e9galement exig\u00e9 le remboursement de 67 336,20 francs suisses (environ 72 306 euros) correspondant aux allocations per\u00e7ues ill\u00e9galement. Les recours engag\u00e9s par l\u2019int\u00e9ress\u00e9 ont \u00e9t\u00e9 rejet\u00e9s. Selon la Cour de droit administratif et public (CDAP), il dispose \u00ab des ressources n\u00e9cessaires pour subvenir \u00e0 ses besoins \u00bb.<\/p>\n<p>En mars 2023, les autorit\u00e9s suisses ont annonc\u00e9 que les r\u00e9fugi\u00e9s ukrainiens devaient vendre leurs voitures si leur valeur d\u00e9passait le montant des prestations. <em>20 Minuten<\/em> souligne par ailleurs que toute personne percevant des prestations doit faire r\u00e9\u00e9valuer ses actifs un an apr\u00e8s son arriv\u00e9e en Suisse.<\/p>\n<p>Un durcissement similaire est observ\u00e9 en Allemagne, o\u00f9 les autorit\u00e9s <a target=\"_blank\" href=\"https:\/\/francais.rt.com\/international\/124684-allemagne-entend-durcir-sanctions-refugies-ukrainiens-refusent-travailler\">ont cherch\u00e9<\/a> en ao\u00fbt dernier un moyen de renforcer les sanctions visant les b\u00e9n\u00e9ficiaires de l&rsquo;aide sociale B\u00fcrgergeld refusant un emploi, y compris parmi les r\u00e9fugi\u00e9s ukrainiens. En cas d\u2019absence \u00e0 une convocation de l\u2019agence pour l\u2019emploi, les prestations peuvent d\u00e9sormais \u00eatre r\u00e9duites imm\u00e9diatement de 30 %, contre 10 % auparavant.<\/p>\n<p>Les avantages accord\u00e9s aux r\u00e9fugi\u00e9s ukrainiens <a target=\"_blank\" href=\"https:\/\/francais.rt.com\/international\/123970-copresident-afd-appelle-supprimer-aides-les-aides-aux-refugies-ukrainiens-et-la-paix-avec-moscou\">sont de plus en plus critiqu\u00e9s<\/a> en Allemagne. D\u00e9but ao\u00fbt 2025, le copr\u00e9sident de l&rsquo;Alternative pour l&rsquo;Allemagne (AfD), Tino Chrupalla, a affirm\u00e9 que de nombreux r\u00e9fugi\u00e9s ukrainiens percevaient \u00ab de mani\u00e8re injuste \u00bb le B\u00fcrgergeld et \u00ab devraient retourner dans leur pays \u00bb. Sa coll\u00e8gue Alice Weidel a qualifi\u00e9 ces allocations de \u00ab d\u00e9pense abusive \u00bb.<\/p>\n<\/div>\n<p><br \/>\n<br \/><a href=\"https:\/\/francais.rt.com\/international\/129425-suisse-refugie-ukrainien-proprietaire-porsche-oblige-rembourser-allocations-sociales\" target=\"_blank\"\">Source link <\/a><\/p>\n","protected":false},"excerpt":{"rendered":"<p>Un r\u00e9fugi\u00e9 ukrainien install\u00e9 dans le canton de Vaud, en Suisse, a \u00e9t\u00e9 d\u00e9masqu\u00e9 par une enqu\u00eate pour fraude sociale. Propri\u00e9taire d&rsquo;une Porsche Cayenne et habitu\u00e9 des s\u00e9jours co\u00fbteux \u00e0&hellip; <\/p>\n","protected":false},"author":1,"featured_media":22454,"comment_status":"open","ping_status":"open","sticky":false,"template":"","format":"standard","meta":{"footnotes":""},"categories":[1],"tags":[],"class_list":["post-22453","post","type-post","status-publish","format-standard","has-post-thumbnail","hentry","category-non-classe"],"_links":{"self":[{"href":"https:\/\/monde25.info\/index.php\/wp-json\/wp\/v2\/posts\/22453","targetHints":{"allow":["GET"]}}],"collection":[{"href":"https:\/\/monde25.info\/index.php\/wp-json\/wp\/v2\/posts"}],"about":[{"href":"https:\/\/monde25.info\/index.php\/wp-json\/wp\/v2\/types\/post"}],"author":[{"embeddable":true,"href":"https:\/\/monde25.info\/index.php\/wp-json\/wp\/v2\/users\/1"}],"replies":[{"embeddable":true,"href":"https:\/\/monde25.info\/index.php\/wp-json\/wp\/v2\/comments?post=22453"}],"version-history":[{"count":0,"href":"https:\/\/monde25.info\/index.php\/wp-json\/wp\/v2\/posts\/22453\/revisions"}],"wp:featuredmedia":[{"embeddable":true,"href":"https:\/\/monde25.info\/index.php\/wp-json\/wp\/v2\/media\/22454"}],"wp:attachment":[{"href":"https:\/\/monde25.info\/index.php\/wp-json\/wp\/v2\/media?parent=22453"}],"wp:term":[{"taxonomy":"category","embeddable":true,"href":"https:\/\/monde25.info\/index.php\/wp-json\/wp\/v2\/categories?post=22453"},{"taxonomy":"post_tag","embeddable":true,"href":"https:\/\/monde25.info\/index.php\/wp-json\/wp\/v2\/tags?post=22453"}],"curies":[{"name":"wp","href":"https:\/\/api.w.org\/{rel}","templated":true}]}}