{"id":22482,"date":"2026-01-16T14:59:40","date_gmt":"2026-01-16T13:59:40","guid":{"rendered":"https:\/\/monde25.info\/index.php\/2026\/01\/16\/les-10-bonnes-nouvelles-de-la-semaine-27\/"},"modified":"2026-01-16T14:59:40","modified_gmt":"2026-01-16T13:59:40","slug":"les-10-bonnes-nouvelles-de-la-semaine-27","status":"publish","type":"post","link":"https:\/\/monde25.info\/index.php\/2026\/01\/16\/les-10-bonnes-nouvelles-de-la-semaine-27\/","title":{"rendered":"les 10 bonnes nouvelles de la semaine !"},"content":{"rendered":"<p> <br \/>\n<\/p>\n<div>\n<h4>Vous n\u2019avez pas eu le temps de suivre l\u2019actu ? Voici 10 bonnes nouvelles \u00e0 ne surtout pas manquer cette semaine.<\/h4>\n<h3><b>1. A69 : arr\u00eat partiel des travaux pour atteinte \u00e0 l\u2019environnement<\/b><\/h3>\n<p><span style=\"font-weight: 400;\">Un juge a ordonn\u00e9 l\u2019arr\u00eat des travaux de l\u2019<a target=\"_blank\" href=\"https:\/\/mrmondialisation.org\/elus-tarn-contre-a69\/\">A69<\/a> sur <\/span><b>46 parcelles<\/b><span style=\"font-weight: 400;\"> o\u00f9 le chantier d\u00e9passait l\u2019emprise autoris\u00e9e, soit <\/span><b>30 hectares<\/b><span style=\"font-weight: 400;\">. Les terrains doivent \u00eatre lib\u00e9r\u00e9s sous quatre jours et des mesures compensatoires mises en \u0153uvre sous 30 jours, sous peine d\u2019une <\/span><b>astreinte de 20 000 \u20ac par jour<\/b><span style=\"font-weight: 400;\">. La d\u00e9cision ne remet pas en cause la poursuite globale du projet, dont les autorisations ont \u00e9t\u00e9 r\u00e9tablies fin d\u00e9cembre. <\/span><i><span style=\"font-weight: 400;\">(<a target=\"_blank\" href=\"https:\/\/reporterre.net\/A69-les-travaux-suspendus-sur-46-parcelles-ou-le-chantier-debordait\">Reporterre<\/a>)<\/span><\/i><\/p>\n<h3><b>2. Artouste abandonne une piste de ski en plastique<\/b><\/h3>\n<p><span style=\"font-weight: 400;\">La station d\u2019Artouste a renonc\u00e9 \u00e0 son projet de <\/span><b>piste artificielle <a target=\"_blank\" href=\"https:\/\/mrmondialisation.org\/crise-plastiques-contamination-silencieuse-sols-francais\/\">en plastique<\/a><\/b><span style=\"font-weight: 400;\">, jug\u00e9 incompatible avec sa trajectoire de d\u00e9carbonation en raison de son <\/span><b>bilan carbone<\/b><span style=\"font-weight: 400;\">, notamment l\u2019achat d\u2019une dameuse sp\u00e9cifique. Le projet de <\/span><b>372 000 \u20ac<\/b><span style=\"font-weight: 400;\">, partiellement subventionn\u00e9 par la r\u00e9gion, est annul\u00e9.\u00a0 <\/span><i><span style=\"font-weight: 400;\">(<a target=\"_blank\" href=\"https:\/\/reporterre.net\/Piste-de-ski-en-plastique-le-projet-abandonne-dans-les-Pyrenees\">Reporterre<\/a>)<\/span><\/i><\/p>\n<h3><b>3. New York annonce une garde d\u2019enfants universelle et gratuite<\/b><\/h3>\n<p><span style=\"font-weight: 400;\">Huit jours apr\u00e8s son entr\u00e9e en fonction, le maire de New York <\/span><b>Zohran Mamdani<\/b><span style=\"font-weight: 400;\"> a annonc\u00e9 un <\/span><b>service public de <a target=\"_blank\" href=\"https:\/\/mrmondialisation.org\/une-creche-100-ecolo-une-premiere-en-seine-maritime\/\">garde d\u2019enfants<\/a> universel et gratuit<\/b><span style=\"font-weight: 400;\">, une premi\u00e8re aux \u00c9tats-Unis. Le projet pr\u00e9voit <\/span><b>4,5 milliards de dollars<\/b><span style=\"font-weight: 400;\"> pour \u00e9largir l\u2019acc\u00e8s \u00e0 pr\u00e8s de <\/span><b>100 000 enfants<\/b><span style=\"font-weight: 400;\">, sous r\u00e9serve d\u2019un vote du Parlement de l\u2019\u00c9tat. Il vise \u00e0 r\u00e9duire le co\u00fbt de la petite enfance pour les familles. <\/span><i><span style=\"font-weight: 400;\">(<a target=\"_blank\" href=\"https:\/\/www.humanite.fr\/monde\/zohran-mamdani\/new-york-le-maire-zohran-mamdani-annonce-la-mise-en-place-de-la-garde-denfants-universelle\">L\u2019Humanit\u00e9<\/a>)<\/span><\/i><\/p>\n<h3><b>4. Une p\u00e9tition contre le classement du renard comme nuisible<\/b><\/h3>\n<p><span style=\"font-weight: 400;\">Sept associations demandent le retrait du <\/span><a target=\"_blank\" href=\"https:\/\/mrmondialisation.org\/renards-un-massacre-quotidien-qui-defie-le-bon-sens\/\"><b>renard roux<\/b><\/a><span style=\"font-weight: 400;\"> de la liste des <\/span><b>ESOD<\/b><span style=\"font-weight: 400;\">, en vigueur dans 88 d\u00e9partements. Elles d\u00e9noncent une destruction annuelle de <\/span><b>500 000 \u00e0 600 000 animaux<\/b><span style=\"font-weight: 400;\"> sans fondement scientifique et rappellent son r\u00f4le \u00e9cologique. La p\u00e9tition pourra donner lieu \u00e0 un d\u00e9bat public \u00e0 partir de <\/span><b>500 000 signatures<\/b><span style=\"font-weight: 400;\">. <\/span><i><span style=\"font-weight: 400;\">(<a target=\"_blank\" href=\"https:\/\/lareleveetlapeste.fr\/une-petition-a-lassemblee-nationale-veut-stopper-le-massacre-des-renards\/\">La Rel\u00e8ve et La Peste<\/a>)<\/span><\/i><\/p>\n<h3><b>5. Premi\u00e8re nidification de cigogne noire en r\u00e9gion parisienne<\/b><\/h3>\n<p><span style=\"font-weight: 400;\">Trois jeunes <\/span><b>cigognes noires<\/b><span style=\"font-weight: 400;\"> se sont envol\u00e9es d\u2019un nid en <\/span><b>Seine-et-Marne<\/b><span style=\"font-weight: 400;\">, marquant la premi\u00e8re nidification confirm\u00e9e de l\u2019esp\u00e8ce en r\u00e9gion parisienne depuis les ann\u00e9es 1970. Les poussins ont \u00e9t\u00e9 bagu\u00e9s dans le cadre du suivi national. Cette installation refl\u00e8te la progression de l\u2019esp\u00e8ce et <strong>la qualit\u00e9 \u00e9cologique de certaines for\u00eats franciliennes. <\/strong><\/span><i><span style=\"font-weight: 400;\">(<a target=\"_blank\" href=\"https:\/\/www.ornithomedia.com\/breves\/premiere-nidification-confirmee-de-la-cigogne-noire-en-region-parisienne-en-2025\/\">Ornithomedia<\/a>)<\/span><\/i><\/p>\n<h3><b>6. Les oiseaux migrateurs \u00e9vitent massivement les \u00e9oliennes<\/b><\/h3>\n<p><span style=\"font-weight: 400;\">Une \u00e9tude men\u00e9e pr\u00e8s de <\/span><b>Husum (Allemagne)<\/b><span style=\"font-weight: 400;\">\u00a0montre que <\/span><b>99,9 % des oiseaux migrateurs contournent les \u00e9oliennes en fonctionnement<\/b><span style=\"font-weight: 400;\">, r\u00e9duisant par vingt les travers\u00e9es de zones \u00e0 risque. La majorit\u00e9 vole au-dessus des pales. Selon les auteurs, ralentir les \u00e9oliennes lors des migrations aurait donc un effet limit\u00e9 sur les collisions. <\/span><i><span style=\"font-weight: 400;\">(<a target=\"_blank\" href=\"https:\/\/taz.de\/Studie-zeigt-Zugvoegel-erkennen-Gefahr-durch-Windraeder\/!6132436\/\">taz<\/a>)<\/span><\/i><\/p>\n<h3><b>7. La France suspend certaines importations agricoles trait\u00e9es aux pesticides<\/b><\/h3>\n<p><span style=\"font-weight: 400;\">Le gouvernement fran\u00e7ais a suspendu pour un an maximum les <\/span><b>importations de fruits et l\u00e9gumes<\/b><span style=\"font-weight: 400;\"> contenant <\/span><b>cinq pesticides interdits dans l\u2019UE<\/b><span style=\"font-weight: 400;\">. La mesure concerne notamment avocats, mangues et agrumes et r\u00e9pond aux craintes agricoles li\u00e9es \u00e0 la concurrence internationale. L\u2019arr\u00eat\u00e9 doit encore \u00eatre valid\u00e9 par la <\/span><b>Commission europ\u00e9enne<\/b><span style=\"font-weight: 400;\">. <\/span><i><span style=\"font-weight: 400;\">(<a target=\"_blank\" href=\"https:\/\/www.lemonde.fr\/planete\/article\/2026\/01\/07\/le-gouvernement-francais-suspend-les-importations-de-produits-contenant-des-pesticides-interdits-dans-l-union-europeenne_6660879_3244.html\">Le Monde<\/a>)<\/span><\/i><\/p>\n<h3><b>8. L\u2019Angleterre veut renforcer l\u2019\u00e9ducation au climat \u00e0 l\u2019\u00e9cole<\/b><\/h3>\n<p><span style=\"font-weight: 400;\">Une r\u00e9vision des programmes scolaires anglais propose de faire du <\/span><b>climat un enseignement transversal<\/b><span style=\"font-weight: 400;\">, introduit d\u00e8s le primaire et renforc\u00e9 en sciences, g\u00e9ographie et technologie. L\u2019objectif est de pr\u00e9parer les \u00e9l\u00e8ves aux transformations \u00e9cologiques et \u00e9conomiques \u00e0 venir, avec des effets attendus sur la formation des enseignants et les dipl\u00f4mes. <\/span><i><span style=\"font-weight: 400;\">(<a target=\"_blank\" href=\"https:\/\/theconversation.com\/climate-education-proposals-will-prepare-young-people-in-england-for-changing-careers-and-society-270733\">The Conversation<\/a>)<\/span><\/i><\/p>\n<h3><b>9. L\u2019Albanie adopte une loi majeure sur l\u2019\u00e9galit\u00e9 de genre<\/b><\/h3>\n<p><span style=\"font-weight: 400;\">Le Parlement albanais a adopt\u00e9 une loi interdisant les <\/span><b>discriminations de genre<\/b><span style=\"font-weight: 400;\"> et instaurant des <\/span><b>quotas de 30 \u00e0 50 % de femmes<\/b><span style=\"font-weight: 400;\"> dans les institutions publiques. Le texte renforce aussi la lutte contre les violences de genre, tout en ne reconnaissant officiellement que deux genres. La r\u00e9forme est salu\u00e9e par l\u2019Union europ\u00e9enne dans le cadre du processus d\u2019adh\u00e9sion. <\/span><i><span style=\"font-weight: 400;\">(<a target=\"_blank\" href=\"https:\/\/www.humanrightsresearch.org\/post\/albania-s-parliament-passes-landmark-gender-equality-law\">Human Rights Research Center<\/a>)<\/span><\/i><\/p>\n<h3><b>10. Une plainte climatique recevable contre Holcim en Suisse<\/b><\/h3>\n<p><span style=\"font-weight: 400;\">Un tribunal suisse a jug\u00e9 recevable une plainte d\u2019habitants de l\u2019\u00eele indon\u00e9sienne de <\/span><b>Pari<\/b><span style=\"font-weight: 400;\"> contre le cimentier <\/span><b>Holcim<\/b><span style=\"font-weight: 400;\">, accus\u00e9 de contribuer \u00e0 la mont\u00e9e des eaux. <strong>Les plaignants demandent r\u00e9parations, financements de protection et r\u00e9duction des \u00e9missions.<\/strong> Cette d\u00e9cision, in\u00e9dite en Suisse, pourrait faire jurisprudence ; Holcim a annonc\u00e9 faire appel. <\/span><i><span style=\"font-weight: 400;\">(<a target=\"_blank\" href=\"https:\/\/www.franceinfo.fr\/environnement\/crise-climatique\/montee-des-eaux\/montee-des-eaux-une-ile-indonesienne-porte-plainte-contre-le-plus-gros-cimentier-mondial_7695949.html\">France Info<\/a>)<\/span><\/i><\/p>\n<p style=\"text-align: right;\"><em>\u2013\u00a0 Mauricette Baelen\u00a0<\/em><\/p>\n<div class=\"td-a-rec td-a-rec-id-content_inline  tdi_1 td_block_template_1\">\n<center><a target=\"_blank\" href=\"https:\/\/fr.tipeee.com\/mr-mondialisation\" class=\"tipeee-project-small\">Je m&rsquo;abonne \u00e0 Mr Mondialisation<\/a>&#13;<br \/>\n<\/center>&amp;nbsp<\/div>\n<div class=\"td-a-rec td-a-rec-id-content_bottom  tdi_2 td_block_template_1\">\n<span class=\"td-adspot-title\">&#8211; Cet article gratuit, ind\u00e9pendant et sans IA existe gr\u00e2ce aux abonn\u00e9s &#8211;<\/span><\/p>\n<div class=\"td-all-devices\">\n    <a target=\"_blank\" href=\"https:\/\/mrmondialisation.org\/donation\/\" title=\"Faire_un_don\"><img decoding=\"async\" class=\"donationArticle\" src=\"https:\/\/mrmondialisation.org\/wp-content\/uploads\/2022\/12\/220405-flikalicious-final.jpg\" alt=\"Donation\"\/><\/a>\n<\/div>\n<\/div><\/div>\n<p><br \/>\n<br \/><a href=\"https:\/\/mrmondialisation.org\/a69-ski-et-creche-gratuite-les-10-bonnes-nouvelles-de-la-semaine\/\" target=\"_blank\"\">Source link <\/a><\/p>\n","protected":false},"excerpt":{"rendered":"<p>Vous n\u2019avez pas eu le temps de suivre l\u2019actu ? Voici 10 bonnes nouvelles \u00e0 ne surtout pas manquer cette semaine. 1. A69 : arr\u00eat partiel des travaux pour atteinte&hellip; <\/p>\n","protected":false},"author":1,"featured_media":22483,"comment_status":"open","ping_status":"open","sticky":false,"template":"","format":"standard","meta":{"footnotes":""},"categories":[1],"tags":[],"class_list":["post-22482","post","type-post","status-publish","format-standard","has-post-thumbnail","hentry","category-non-classe"],"_links":{"self":[{"href":"https:\/\/monde25.info\/index.php\/wp-json\/wp\/v2\/posts\/22482","targetHints":{"allow":["GET"]}}],"collection":[{"href":"https:\/\/monde25.info\/index.php\/wp-json\/wp\/v2\/posts"}],"about":[{"href":"https:\/\/monde25.info\/index.php\/wp-json\/wp\/v2\/types\/post"}],"author":[{"embeddable":true,"href":"https:\/\/monde25.info\/index.php\/wp-json\/wp\/v2\/users\/1"}],"replies":[{"embeddable":true,"href":"https:\/\/monde25.info\/index.php\/wp-json\/wp\/v2\/comments?post=22482"}],"version-history":[{"count":0,"href":"https:\/\/monde25.info\/index.php\/wp-json\/wp\/v2\/posts\/22482\/revisions"}],"wp:featuredmedia":[{"embeddable":true,"href":"https:\/\/monde25.info\/index.php\/wp-json\/wp\/v2\/media\/22483"}],"wp:attachment":[{"href":"https:\/\/monde25.info\/index.php\/wp-json\/wp\/v2\/media?parent=22482"}],"wp:term":[{"taxonomy":"category","embeddable":true,"href":"https:\/\/monde25.info\/index.php\/wp-json\/wp\/v2\/categories?post=22482"},{"taxonomy":"post_tag","embeddable":true,"href":"https:\/\/monde25.info\/index.php\/wp-json\/wp\/v2\/tags?post=22482"}],"curies":[{"name":"wp","href":"https:\/\/api.w.org\/{rel}","templated":true}]}}