{"id":22484,"date":"2026-01-16T15:32:36","date_gmt":"2026-01-16T14:32:36","guid":{"rendered":"https:\/\/monde25.info\/index.php\/2026\/01\/16\/la-guerre-passee-sous-silence\/"},"modified":"2026-01-16T15:32:36","modified_gmt":"2026-01-16T14:32:36","slug":"la-guerre-passee-sous-silence","status":"publish","type":"post","link":"https:\/\/monde25.info\/index.php\/2026\/01\/16\/la-guerre-passee-sous-silence\/","title":{"rendered":"La guerre pass\u00e9e sous silence"},"content":{"rendered":"<p> <br \/>\n<\/p>\n<div>\n<ol class=\"campaign-loop campaign-list\">\n<li id=\"campaign-482494\" class=\"post-482494 campaign type-campaign status-publish hentry campaign-has-goal campaign-has-achieved-goal campaign-has-end-date campaign-has-not-ended\">\n\t<a target=\"_blank\" href=\"https:\/\/reseauinternational.net\/campaigns\/campagne-de-dons-septembre-octobre-2025\/\"><\/p>\n<h3>Soutenez-nous<\/h3>\n<p>\t\t\t<\/a><\/p>\n<p>\n\tVotre soutien nous est indispensable pour continuer \u00e0 vous fournir le meilleur de l\u2019information internationale alternative. C\u2019est gr\u00e2ce \u00e0 vos dons que nous pourrons maintenir le cap pour une information plurielle et r\u00e9ellement alternative. Nous comptons sur vous.<\/p>\n<\/li>\n<\/ol>\n<p>par <strong>Ramzy Baroud<\/strong><\/p>\n<p><strong>La campagne de choc et de terreur que m\u00e8ne Isra\u00ebl en Cisjordanie.<\/strong><\/p>\n<p>Une politique \u00abchoc et terreur\u00bb. Cette expression d\u00e9crit exactement ce qu\u2019Isra\u00ebl pratique en Cisjordanie occup\u00e9e depuis le 7 octobre 2023 et le d\u00e9but du g\u00e9nocide \u00e0 Gaza.<\/p>\n<p>Dans son livre \u00ab<em>La Strat\u00e9gie du choc<\/em>\u00bb, Naomi Klein d\u00e9finit cette notion de \u00abchoc et de terreur\u00bb non seulement comme une strat\u00e9gie militaire, mais surtout comme une strat\u00e9gie politique et \u00e9conomique exploitant les traumas collectifs, qu\u2019ils r\u00e9sultent de la guerre, d\u2019une catastrophe naturelle ou d\u2019un krach \u00e9conomique, pour imposer des politiques radicales qu\u2019on rejetterait en temps normal. Selon l\u2019auteure, les soci\u00e9t\u00e9s en \u00e9tat de choc sont d\u00e9stabilis\u00e9es et vuln\u00e9rables, permettant ainsi aux d\u00e9tenteurs du pouvoir de proc\u00e9der \u00e0 des transformations radicales alors que l\u2019opposition est divis\u00e9e ou totalement d\u00e9pass\u00e9e.<\/p>\n<p>Si cette pratique fait souvent <a target=\"_blank\" href=\"http:\/\/www.dodccrp.org\/files\/Ullman_Shock.pdf\" target=\"_blank\" rel=\"noopener\" title=\"\">parler d\u2019elle<\/a> dans le contexte de la politique \u00e9trang\u00e8re am\u00e9ricaine, de l\u2019Irak \u00e0 Ha\u00efti, Isra\u00ebl en use plus fr\u00e9quemment dans une plus grande coh\u00e9rence et avec plus de ruse. Contrairement aux \u00c9tats-Unis, qui appliquent cette approche de mani\u00e8re \u00e9pisodique dans des zones de conflit lointaines, Isra\u00ebl y a recours sans rel\u00e2che contre un peuple prisonnier sous son contr\u00f4le militaire direct.<\/p>\n<p>Cette strat\u00e9gie \u00abchoc et terreur\u00bb isra\u00e9lienne est depuis longtemps la politique par d\u00e9faut pour r\u00e9primer les Palestiniens. Elle est mise en \u0153uvre depuis des d\u00e9cennies dans les territoires palestiniens occup\u00e9s, et s\u2019\u00e9tend aux pays arabes voisins chaque fois que les objectifs strat\u00e9giques d\u2019Isra\u00ebl l\u2019exigent.<\/p>\n<p>Au Liban, ce concept a \u00e9t\u00e9 baptis\u00e9 \u00ab<a target=\"_blank\" href=\"https:\/\/imeu.org\/resources\/resources\/explainer-the-dahiya-doctrine-israels-use-of-disproportionate-force\/175\" target=\"_blank\" rel=\"noopener\" title=\"\">doctrine Dahiya<\/a>\u00bb<em>,<\/em> en r\u00e9f\u00e9rence au quartier du m\u00eame nom \u00e0 Beyrouth, syst\u00e9matiquement d\u00e9truit par Isra\u00ebl lors de la <a target=\"_blank\" href=\"https:\/\/www.militarystrategymagazine.com\/article\/the-second-lebanon-war-a-re-assessment\/\" target=\"_blank\" rel=\"noopener\" title=\"\">guerre<\/a> de 2006. Cette strat\u00e9gie pr\u00e9conise le recours \u00e0 une violence disproportionn\u00e9e contre les quartiers r\u00e9sidentiels, le bombardement d\u00e9lib\u00e9r\u00e9 des infrastructures et la destruction de quartiers entiers pour dissuader toute forme de r\u00e9sistance en recourant \u00e0 des punitions collectives.<\/p>\n<p>Gaza a \u00e9t\u00e9 l\u2019\u00e9picentre de sa mise en \u0153uvre par Isra\u00ebl. Dans les ann\u00e9es pr\u00e9c\u00e9dant le g\u00e9nocide, les autorit\u00e9s isra\u00e9liennes ont progressivement pr\u00e9sent\u00e9 leurs <a target=\"_blank\" href=\"https:\/\/www.lemonde.fr\/en\/international\/article\/2024\/03\/18\/israel-s-15-wars-on-gaza_6630789_4.html\" target=\"_blank\" rel=\"noopener\" title=\"\">attaques<\/a> contre Gaza comme des guerres \u00abma\u00eetris\u00e9es\u00bb et localis\u00e9es, destin\u00e9es \u00e0 contenir ponctuellement la r\u00e9sistance palestinienne.<\/p>\n<p>Ces op\u00e9rations ont \u00e9t\u00e9 pr\u00e9sent\u00e9es comme le <a target=\"_blank\" href=\"https:\/\/www.tandfonline.com\/doi\/full\/10.1080\/14623528.2025.2506162\" target=\"_blank\" rel=\"noopener\" title=\"\">concept<\/a> de la \u00abtonte de l\u2019herbe\u00bb par les strat\u00e8ges militaires isra\u00e9liens, une expression d\u00e9signant le recours r\u00e9gulier \u00e0 une brutalit\u00e9 \u00e9crasante pour \u00abr\u00e9tablir la dissuasion\u00bb. Selon cette logique, la situation \u00e0 Gaza ne peut \u00eatre r\u00e9solue politiquement, sauf par des destructions r\u00e9currentes.<\/p>\n<p>Ce qui se d\u00e9roule en Cisjordanie depuis le d\u00e9but du g\u00e9nocide \u00e0 Gaza suit un sch\u00e9ma \u00e9tonnamment similaire.<\/p>\n<div class=\"wp-block-image\">\n<figure class=\"aligncenter size-large is-resized\"><a target=\"_blank\" href=\"https:\/\/i0.wp.com\/reseauinternational.net\/wp-content\/uploads\/2026\/01\/image-209.png?ssl=1\"><img data-recalc-dims=\"1\" decoding=\"async\" width=\"1024\" height=\"683\" src=\"https:\/\/i0.wp.com\/reseauinternational.net\/wp-content\/uploads\/2026\/01\/image-209.png?resize=1024%2C683&amp;ssl=1\" alt=\"\" class=\"wp-image-506140\" style=\"width:600px\" loading=\"lazy\" srcset=\"https:\/\/i0.wp.com\/reseauinternational.net\/wp-content\/uploads\/2026\/01\/image-209.png?resize=1024%2C683&amp;ssl=1 1024w, https:\/\/i0.wp.com\/reseauinternational.net\/wp-content\/uploads\/2026\/01\/image-209.png?resize=300%2C200&amp;ssl=1 300w, https:\/\/i0.wp.com\/reseauinternational.net\/wp-content\/uploads\/2026\/01\/image-209.png?resize=768%2C512&amp;ssl=1 768w, https:\/\/i0.wp.com\/reseauinternational.net\/wp-content\/uploads\/2026\/01\/image-209.png?resize=990%2C660&amp;ssl=1 990w, https:\/\/i0.wp.com\/reseauinternational.net\/wp-content\/uploads\/2026\/01\/image-209.png?w=1200&amp;ssl=1 1200w\" sizes=\"auto, (max-width: 1024px) 100vw, 1024px\"\/><\/a><figcaption class=\"wp-element-caption\"><em>Une Palestinienne assise dans son salon d\u00e9truit \u00e0 Tulkarem, apr\u00e8s le retrait de l\u2019arm\u00e9e isra\u00e9lienne. Cr\u00e9dit photo \u00a9 Jaafar Ashtiyeh.<\/em>6<\/figcaption><\/figure>\n<\/div>\n<p>D\u00e8s octobre 2023, Isra\u00ebl a <a target=\"_blank\" href=\"https:\/\/theconversation.com\/west-bank-violence-is-soaring-fueled-by-a-capitulation-of-israeli-institutions-to-settlers-interests-269162\" target=\"_blank\" rel=\"noopener\" title=\"\">orchestr\u00e9<\/a> une s\u00e9rie d\u2019attaques sans pr\u00e9c\u00e9dent \u00e0 travers la Cisjordanie. Ces op\u00e9rations ont inclus des raids militaires \u00e0 grande \u00e9chelle dans les villes et camps de r\u00e9fugi\u00e9s, des frappes a\u00e9riennes syst\u00e9matiques (rares en Cisjordanie), le d\u00e9ploiement massif de v\u00e9hicules blind\u00e9s, ainsi qu\u2019une recrudescence de la violence des colons, avec le soutien ou la collaboration directe de l\u2019arm\u00e9e isra\u00e9lienne.<\/p>\n<p>Le nombre de morts est mont\u00e9 en fl\u00e8che, avec des centaines de Palestiniens <a target=\"_blank\" href=\"https:\/\/www.un.org\/unispal\/document\/ohchr-press-release-17oct25\/\" target=\"_blank\" rel=\"noopener\" title=\"\">tu\u00e9s<\/a> en quelques mois, dont de nombreux enfants. Des camps de r\u00e9fugi\u00e9s entiers, comme \u00e0 J\u00e9nine, Nur Shams et Tulkarem, ont \u00e9t\u00e9 syst\u00e9matiquement <a target=\"_blank\" href=\"https:\/\/reliefweb.int\/report\/occupied-palestinian-territory\/mass-displacement-and-destruction-west-bank-refugee-camps-deepening-chapter-ongoing-nakba-enar\" target=\"_blank\" rel=\"noopener\" title=\"\">d\u00e9truits<\/a> : les routes ont \u00e9t\u00e9 d\u00e9fonc\u00e9es, les maisons ras\u00e9es, les r\u00e9seaux d\u2019eau et d\u2019\u00e9lectricit\u00e9 d\u00e9truits et l\u2019acc\u00e8s aux soins m\u00e9dicaux s\u00e9v\u00e8rement restreint. L\u2019arm\u00e9e isra\u00e9lienne a assi\u00e9g\u00e9 \u00e0 plusieurs reprises diverses communaut\u00e9s, bloquant l\u2019acc\u00e8s aux ambulances, aux journalistes et aux organisations humanitaires.<\/p>\n<p>Simultan\u00e9ment, Isra\u00ebl a <a target=\"_blank\" href=\"https:\/\/www.972mag.com\/west-bank-villages-israeli-settler-violence\/\" target=\"_blank\" rel=\"noopener\" title=\"\">acc\u00e9l\u00e9r\u00e9<\/a> le nettoyage ethnique des communaut\u00e9s palestiniennes, notamment dans la zone C. Des dizaines de villages b\u00e9douins et ruraux ont \u00e9t\u00e9 <a target=\"_blank\" href=\"https:\/\/www.france24.com\/en\/live-news\/20231029-palestinians-expelled-from-w-bank-village-as-gaza-war-rages\" target=\"_blank\" rel=\"noopener\" title=\"\">vid\u00e9s<\/a> de leur population par la force, gr\u00e2ce \u00e0 une combinaison d\u2019ordres militaires, d\u2019attaques de colons, de d\u00e9molitions de maisons et de restriction d\u2019acc\u00e8s aux terres et \u00e0 l\u2019eau. Les familles ont \u00e9t\u00e9 expuls\u00e9es, victimes d\u2019une terreur syst\u00e9matique, rendant leur vie quotidienne insoutenable.<\/p>\n<p>Pourtant, la p\u00e9riode la plus sanglante de l\u2019agression isra\u00e9lienne en Cisjordanie depuis la deuxi\u00e8me <a target=\"_blank\" href=\"https:\/\/www.palquest.org\/en\/highlight\/33567\/second-intifada-2000-2005\" target=\"_blank\" rel=\"noopener\" title=\"\">Intifada<\/a> (2000-2005) a \u00e9t\u00e9 largement ignor\u00e9e, car l\u2019attention internationale \u00e9tait focalis\u00e9e sur le g\u00e9nocide perp\u00e9tr\u00e9 par Isra\u00ebl \u00e0 Gaza. L\u2019<a target=\"_blank\" href=\"https:\/\/www.ohchr.org\/en\/press-releases\/2025\/09\/israel-has-committed-genocide-gaza-strip-un-commission-finds\" target=\"_blank\" rel=\"noopener\" title=\"\">an\u00e9antissement<\/a> de Gaza a rel\u00e9gu\u00e9 la violence en Cisjordanie au second plan dans l\u2019imaginaire mondial, alors que ses cons\u00e9quences \u00e0 long terme pourraient s\u2019av\u00e9rer tout aussi d\u00e9vastatrices.<\/p>\n<p>Parall\u00e8lement, le Premier ministre isra\u00e9lien, Benjamin Netanyahou, et sa coalition extr\u00e9miste se sont montr\u00e9s sous un jour peu reluisant, sans aucune retenue et motiv\u00e9s par l\u2019id\u00e9ologie, pr\u00eats et capables d\u2019\u00e9tendre le cycle de destruction bien au-del\u00e0 de Gaza, en Cisjordanie et au-del\u00e0 des fronti\u00e8res d\u2019Isra\u00ebl, dans les pays arabes voisins. Cet extr\u00e9misme constitue d\u00e9sormais leur strat\u00e9gie politique.<\/p>\n<p>Les cons\u00e9quences sont d\u00e9sormais irr\u00e9futables. De vastes zones de Cisjordanie ont \u00e9t\u00e9 d\u00e9vast\u00e9es. Des communaut\u00e9s enti\u00e8res ont \u00e9t\u00e9 ray\u00e9es de la carte, leur coh\u00e9sion sociale et physique ayant \u00e9t\u00e9 d\u00e9lib\u00e9r\u00e9ment d\u00e9mantel\u00e9e. Selon l\u2019UNRWA, plus de 12 000 enfants palestiniens sont toujours <a target=\"_blank\" href=\"https:\/\/www.aa.com.tr\/en\/middle-east\/over-12-000-palestinian-children-remain-forcibly-displaced-in-west-bank-un-agency\/3789634\" target=\"_blank\" rel=\"noopener\" title=\"\">d\u00e9plac\u00e9s<\/a>, un chiffre sugg\u00e9rant clairement que ces d\u00e9placements pourraient \u00eatre permanents plut\u00f4t que temporaires.<\/p>\n<p>L\u2019histoire nous offre pourtant un enseignement essentiel. La lutte des Palestiniens contre le colonialisme isra\u00e9lien a d\u00e9montr\u00e9 \u00e0 maintes reprises leur capacit\u00e9 \u00e0 ne pas accepter passivement l\u2019oppression. Malgr\u00e9 la paralysie et la division de ses dirigeants politiques, la soci\u00e9t\u00e9 palestinienne a toujours su renouveler sa r\u00e9silience.<\/p>\n<p>Isra\u00ebl le sait aussi. Il sait que le traumatisme ne dure pas \u00e9ternellement, que la peur finit par faire place \u00e0 la r\u00e9volte et qu\u2019une fois le choc initial estomp\u00e9, les Palestiniens se r\u00e9organisent et ripostent contre les conditions de domination impos\u00e9es par l\u2019\u00c9tat h\u00e9breu.<\/p>\n<p>C\u2019est donc une course contre la montre qui se joue actuellement. Isra\u00ebl cherche \u00e0 ancrer ce qu\u2019il esp\u00e8re voir devenir une nouvelle r\u00e9alit\u00e9 irr\u00e9versible sur le terrain, une r\u00e9alit\u00e9 propice \u00e0 l\u2019annexion officielle, \u00e0 la normalisation du r\u00e9gime militaire permanent et \u00e0 parachever le nettoyage ethnique d\u2019une grande partie de la population palestinienne.<\/p>\n<p>C\u2019est pourquoi il est essentiel de mieux comprendre et analyser les \u00e9v\u00e9nements actuels en Cisjordanie. Si cette r\u00e9alit\u00e9 n\u2019est pas prise en compte, les plans isra\u00e9liens se poursuivront sans opposition. D\u00e9noncer, r\u00e9sister et finalement vaincre ces agissements ne rel\u00e8ve pas seulement de l\u2019analyse politique, mais constitue un imp\u00e9ratif moral indissociable du soutien au peuple palestinien dans sa qu\u00eate de dignit\u00e9 et de libert\u00e9.<\/p>\n<p>source\u00a0: <a target=\"_blank\" href=\"https:\/\/savageminds.substack.com\/p\/a-war-without-headlines?utm_source=substack&amp;utm_campaign=post_embed&amp;utm_medium=web\" target=\"_blank\" rel=\"noopener\" title=\"\">Savage Minds<\/a> via <a target=\"_blank\" href=\"https:\/\/ssofidelis.substack.com\/p\/la-guerre-passee-sous-silence\" target=\"_blank\" rel=\"noopener\" title=\"\">Spirit of Free Speech<\/a><\/p>\n<div class=\"sharedaddy sd-block sd-like jetpack-likes-widget-wrapper jetpack-likes-widget-unloaded\" id=\"like-post-wrapper-237719536-506131-696a49b2895c0\" data-src=\"https:\/\/widgets.wp.com\/likes\/?ver=15.2#blog_id=237719536&amp;post_id=506131&amp;origin=reseauinternational.net&amp;obj_id=237719536-506131-696a49b2895c0\" data-name=\"like-post-frame-237719536-506131-696a49b2895c0\" data-title=\"Aimer ou rebloguer\">\n<h3 class=\"sd-title\">J\u2019aime \u00e7a\u00a0:<\/h3>\n<p><span class=\"button\"><span>J\u2019aime<\/span><\/span> <span class=\"loading\">chargement\u2026<\/span><\/p>\n<p><span class=\"sd-text-color\"\/><a target=\"_blank\" class=\"sd-link-color\"\/><\/div>\n<p><meta itemscope=\"\" itemprop=\"mainEntityOfPage\" itemtype=\"https:\/\/schema.org\/WebPage\" itemid=\"https:\/\/reseauinternational.net\/la-guerre-passee-sous-silence\/\"\/><meta itemprop=\"headline\" content=\"La guerre pass\u00e9e sous silence\"\/><span style=\"display: none;\" itemprop=\"author\" itemscope=\"\" itemtype=\"https:\/\/schema.org\/Person\"><meta itemprop=\"name\" content=\"R\u00e9seau International\"\/><\/span><span style=\"display: none;\" itemprop=\"image\" itemscope=\"\" itemtype=\"https:\/\/schema.org\/ImageObject\"><meta itemprop=\"url\" content=\"https:\/\/i0.wp.com\/reseauinternational.net\/wp-content\/uploads\/2026\/01\/Sans-titre-13-9.png?fit=800%2C467&amp;ssl=1\"\/><meta itemprop=\"width\" content=\"800\"\/><meta itemprop=\"height\" content=\"467\"\/><\/span><span style=\"display: none;\" itemprop=\"publisher\" itemscope=\"\" itemtype=\"https:\/\/schema.org\/Organization\"><span style=\"display: none;\" itemprop=\"logo\" itemscope=\"\" itemtype=\"https:\/\/schema.org\/ImageObject\"><meta itemprop=\"url\" content=\"https:\/\/reseauinternational.net\/wp-content\/uploads\/2022\/06\/Capture-de\u0301cran-2022-06-14-a\u0300-16.51.07.png\"\/><\/span><meta itemprop=\"name\" content=\"R\u00e9seau International\"\/><\/span><meta itemprop=\"datePublished\" content=\"2026-01-16T14:48:09+00:00\"\/><meta itemprop=\"dateModified\" content=\"2026-01-16T14:48:31+00:00\"\/><\/div>\n<p><br \/>\n<br \/><a href=\"https:\/\/reseauinternational.net\/la-guerre-passee-sous-silence\/\" target=\"_blank\"\">Source link <\/a><\/p>\n","protected":false},"excerpt":{"rendered":"<p>Soutenez-nous Votre soutien nous est indispensable pour continuer \u00e0 vous fournir le meilleur de l\u2019information internationale alternative. C\u2019est gr\u00e2ce \u00e0 vos dons que nous pourrons maintenir le cap pour une&hellip; <\/p>\n","protected":false},"author":1,"featured_media":22485,"comment_status":"open","ping_status":"open","sticky":false,"template":"","format":"standard","meta":{"footnotes":""},"categories":[1],"tags":[],"class_list":["post-22484","post","type-post","status-publish","format-standard","has-post-thumbnail","hentry","category-non-classe"],"_links":{"self":[{"href":"https:\/\/monde25.info\/index.php\/wp-json\/wp\/v2\/posts\/22484","targetHints":{"allow":["GET"]}}],"collection":[{"href":"https:\/\/monde25.info\/index.php\/wp-json\/wp\/v2\/posts"}],"about":[{"href":"https:\/\/monde25.info\/index.php\/wp-json\/wp\/v2\/types\/post"}],"author":[{"embeddable":true,"href":"https:\/\/monde25.info\/index.php\/wp-json\/wp\/v2\/users\/1"}],"replies":[{"embeddable":true,"href":"https:\/\/monde25.info\/index.php\/wp-json\/wp\/v2\/comments?post=22484"}],"version-history":[{"count":0,"href":"https:\/\/monde25.info\/index.php\/wp-json\/wp\/v2\/posts\/22484\/revisions"}],"wp:featuredmedia":[{"embeddable":true,"href":"https:\/\/monde25.info\/index.php\/wp-json\/wp\/v2\/media\/22485"}],"wp:attachment":[{"href":"https:\/\/monde25.info\/index.php\/wp-json\/wp\/v2\/media?parent=22484"}],"wp:term":[{"taxonomy":"category","embeddable":true,"href":"https:\/\/monde25.info\/index.php\/wp-json\/wp\/v2\/categories?post=22484"},{"taxonomy":"post_tag","embeddable":true,"href":"https:\/\/monde25.info\/index.php\/wp-json\/wp\/v2\/tags?post=22484"}],"curies":[{"name":"wp","href":"https:\/\/api.w.org\/{rel}","templated":true}]}}