{"id":22492,"date":"2026-01-16T18:17:41","date_gmt":"2026-01-16T17:17:41","guid":{"rendered":"https:\/\/monde25.info\/index.php\/2026\/01\/16\/lannee-2025-a-ete-la-4e-plus-chaude-jamais-enregistree-en-france\/"},"modified":"2026-01-16T18:17:41","modified_gmt":"2026-01-16T17:17:41","slug":"lannee-2025-a-ete-la-4e-plus-chaude-jamais-enregistree-en-france","status":"publish","type":"post","link":"https:\/\/monde25.info\/index.php\/2026\/01\/16\/lannee-2025-a-ete-la-4e-plus-chaude-jamais-enregistree-en-france\/","title":{"rendered":"L&#039;ann\u00e9e 2025 a \u00e9t\u00e9 la 4e plus chaude jamais enregistr\u00e9e en France"},"content":{"rendered":"<p> <br \/>\n<br \/><img loading=\"lazy\" decoding=\"async\" src=\"https:\/\/reporterre.net\/local\/cache-vignettes\/L700xH467\/pixnio-1260x913-2acb9.jpg?1768582976\" class=\"spip_logo\" width=\"700\" height=\"467\" alt=\"\" \/><\/p>\n<p>Avec une temp\u00e9rature globale estim\u00e9e \u00e0 14,0\u00a0\u00b0C, l&rsquo;ann\u00e9e 2025 a \u00e9t\u00e9 la quatri\u00e8me plus chaude jamais enregistr\u00e9e en France \u2014 derri\u00e8re 2020, 2023 et 2022. Et ce, depuis le d\u00e9but des mesures il y a 126\u00a0ans. \u00ab<small class=\"fine d-inline\">\u00a0<\/small>Dans une France \u00e0 +4\u00a0\u00b0C \u00e0 l&rsquo;horizon 2100, une telle temp\u00e9rature moyenne serait tr\u00e8s peu probable et correspondrait plut\u00f4t au niveau des ann\u00e9es les plus fra\u00eeches<small class=\"fine d-inline\">\u00a0<\/small>\u00bb, pr\u00e9vient M\u00e9t\u00e9o-France, \u00e0 l&rsquo;origine de ces donn\u00e9es d\u00e9voil\u00e9es le 15\u00a0janvier. <br class=\"autobr\" \/><br \/>\nCes douze derniers mois, \u00ab<small class=\"fine d-inline\">\u00a0<\/small>1\u00a0jour sur 2 a\u00a0(\u2026)<\/p>\n<p>                    <a target=\"_blank\" href=\"https:\/\/reporterre.net\/2025-est-la-quatrieme-annee-la-plus-chaude-de-l-histoire-en-France?utm_source=RSS&amp;utm_medium=RSS\">Lire la suite<\/a><\/p>\n<p>                    &#8211;<br \/>\n                        <a target=\"_blank\" href=\"https:\/\/reporterre.net\/Breves-20\" rel=\"directory\">En bref<\/a><\/p>\n<p>                    \/<br \/>\n                        <a target=\"_blank\" href=\"https:\/\/reporterre.net\/Climat-18\" rel=\"tag\">Climat <\/a><br \/>\n<br \/><br \/>\n<br \/><a href=\"https:\/\/reporterre.net\/2025-est-la-quatrieme-annee-la-plus-chaude-de-l-histoire-en-France\" target=\"_blank\"\">Source link <\/a><\/p>\n","protected":false},"excerpt":{"rendered":"<p>Avec une temp\u00e9rature globale estim\u00e9e \u00e0 14,0\u00a0\u00b0C, l&rsquo;ann\u00e9e 2025 a \u00e9t\u00e9 la quatri\u00e8me plus chaude jamais enregistr\u00e9e en France \u2014 derri\u00e8re 2020, 2023 et 2022. Et ce, depuis le d\u00e9but&hellip; <\/p>\n","protected":false},"author":1,"featured_media":0,"comment_status":"open","ping_status":"open","sticky":false,"template":"","format":"standard","meta":{"footnotes":""},"categories":[1],"tags":[],"class_list":["post-22492","post","type-post","status-publish","format-standard","hentry","category-non-classe"],"_links":{"self":[{"href":"https:\/\/monde25.info\/index.php\/wp-json\/wp\/v2\/posts\/22492","targetHints":{"allow":["GET"]}}],"collection":[{"href":"https:\/\/monde25.info\/index.php\/wp-json\/wp\/v2\/posts"}],"about":[{"href":"https:\/\/monde25.info\/index.php\/wp-json\/wp\/v2\/types\/post"}],"author":[{"embeddable":true,"href":"https:\/\/monde25.info\/index.php\/wp-json\/wp\/v2\/users\/1"}],"replies":[{"embeddable":true,"href":"https:\/\/monde25.info\/index.php\/wp-json\/wp\/v2\/comments?post=22492"}],"version-history":[{"count":0,"href":"https:\/\/monde25.info\/index.php\/wp-json\/wp\/v2\/posts\/22492\/revisions"}],"wp:attachment":[{"href":"https:\/\/monde25.info\/index.php\/wp-json\/wp\/v2\/media?parent=22492"}],"wp:term":[{"taxonomy":"category","embeddable":true,"href":"https:\/\/monde25.info\/index.php\/wp-json\/wp\/v2\/categories?post=22492"},{"taxonomy":"post_tag","embeddable":true,"href":"https:\/\/monde25.info\/index.php\/wp-json\/wp\/v2\/tags?post=22492"}],"curies":[{"name":"wp","href":"https:\/\/api.w.org\/{rel}","templated":true}]}}