{"id":22493,"date":"2026-01-16T18:50:39","date_gmt":"2026-01-16T17:50:39","guid":{"rendered":"https:\/\/monde25.info\/index.php\/2026\/01\/16\/les-10-infos-de-la-semaine-6\/"},"modified":"2026-01-16T18:50:39","modified_gmt":"2026-01-16T17:50:39","slug":"les-10-infos-de-la-semaine-6","status":"publish","type":"post","link":"https:\/\/monde25.info\/index.php\/2026\/01\/16\/les-10-infos-de-la-semaine-6\/","title":{"rendered":"les 10 infos de la semaine !"},"content":{"rendered":"<p> <br \/>\n<\/p>\n<div>\n<h4>Vous n\u2019avez pas eu le temps de suivre l\u2019actu ? Voici 10 infos \u00e0 ne surtout pas manquer cette semaine.<\/h4>\n<h3><b>1. \u00c9tendre la S\u00e9curit\u00e9 sociale pour r\u00e9duire les co\u00fbts et les in\u00e9galit\u00e9s<\/b><\/h3>\n<p><span style=\"font-weight: 400;\">Le financement mixte de l\u2019Assurance maladie,<strong> partag\u00e9 entre <a target=\"_blank\" href=\"https:\/\/mrmondialisation.org\/fin-securite-sociale\/\">S\u00e9curit\u00e9 sociale et compl\u00e9mentaires sant\u00e9<\/a>, g\u00e9n\u00e8re des frais de gestion \u00e9lev\u00e9s et des in\u00e9galit\u00e9s d\u2019acc\u00e8s.<\/strong> Or, des travaux officiels estiment qu\u2019une extension de la S\u00e9curit\u00e9 sociale permettrait <strong>plus de 5 milliards d\u2019euros d\u2019\u00e9conomies annuelles<\/strong>, tout en am\u00e9liorant l\u2019acc\u00e8s aux soins. (<a target=\"_blank\" href=\"https:\/\/lvsl.fr\/le-paradoxe-de-la-securite-sociale-et-si-pour-faire-des-economies-il-fallait-letendre\/\">Le Vent Se L\u00e8ve<\/a>)<\/span><\/p>\n<h3><b>2. Le proc\u00e8s de Marine Le Pen comme acc\u00e9l\u00e9rateur politique<\/b><\/h3>\n<p><span style=\"font-weight: 400;\">Le proc\u00e8s de Marine Le Pen est analys\u00e9 comme <strong>un moment judiciaire susceptible de renforcer le <a target=\"_blank\" href=\"https:\/\/mrmondialisation.org\/rn-jamais-essayer\/\">Rassemblement national.<\/a><\/strong> Les affaires nourrissent un <strong>r\u00e9cit victimaire et participent \u00e0 la banalisation de l\u2019extr\u00eame droite,<\/strong> d\u00e9sormais trait\u00e9e comme une option de pouvoir ordinaire par une partie du champ politique et m\u00e9diatique. (<a target=\"_blank\" href=\"https:\/\/www.politis.fr\/articles\/2026\/01\/parti-pris-le-pen-un-proces-pour-carburant-politique\/\">Politis<\/a>)<\/span><\/p>\n<h3><b>3.Venezuela : le dollar et le p\u00e9trole au c\u0153ur de l\u2019intervention am\u00e9ricaine<\/b><\/h3>\n<p><span style=\"font-weight: 400;\"><a target=\"_blank\" href=\"https:\/\/mrmondialisation.org\/venezuela-coup-etat-trump-maduro\/\">L\u2019intervention am\u00e9ricaine au Venezuela<\/a>, marqu\u00e9e par le d\u00e9ficit commercial et l\u2019endettement des \u00c9tats-Unis veut renforcer le p\u00e9trodollar, historiquement fort.\u00a0L\u2019op\u00e9ration viserait \u00e0 emp\u00eacher la <strong>d\u00e9dollarisation et \u00e0 s\u00e9curiser une ressource p\u00e9troli\u00e8re strat\u00e9gique<\/strong>, dans la continuit\u00e9 d\u2019interventions pass\u00e9es comme en Irak ou en Libye. (<a target=\"_blank\" href=\"https:\/\/frustrationmagazine.fr\/petrole-maduro\">Frustration Magazine<\/a>)<\/span><\/p>\n<p><iframe loading=\"lazy\" title=\"USA - VENEZUELA : UNE OP\u00c9RATION MAFIEUSE SALU\u00c9E PAR LES \u00ab\u00a0COLLABOS\u00a0\u00bb - Maurice Lemoine\" width=\"1110\" height=\"624\" src=\"https:\/\/www.youtube.com\/embed\/cv3HLXHV798?feature=oembed\" frameborder=\"0\" allow=\"accelerometer; autoplay; clipboard-write; encrypted-media; gyroscope; picture-in-picture; web-share\" referrerpolicy=\"strict-origin-when-cross-origin\" allowfullscreen><\/iframe><\/p>\n<h3><b>4. Le P\u00e9rou, laboratoire de la nouvelle doctrine Monroe<\/b><\/h3>\n<p><span style=\"font-weight: 400;\">Retour assum\u00e9 de la doctrine Monroe: <strong>restaurer la domination am\u00e9ricaine en Am\u00e9rique latine et exclure les concurrents, notamment la Chine.<\/strong> <a target=\"_blank\" href=\"https:\/\/mrmondialisation.org\/perou-interview-migus\/\">Le P\u00e9rou<\/a> en est le mod\u00e8le : pr\u00e9sence militaire am\u00e9ricaine, perte de souverainet\u00e9, ouverture des secteurs strat\u00e9giques aux int\u00e9r\u00eats \u00e9tatsuniens. (<a target=\"_blank\" href=\"https:\/\/www.les2rives.info\/perou-le-modele-de-la-nouvelle-doctrine-monroe-la-linea\/\">Les 2 Rives<\/a>)<\/span><\/p>\n<h3><b>5. Iran : Trump instrumentalise la col\u00e8re populaire<\/b><\/h3>\n<p><span style=\"font-weight: 400;\">En <span class=\"hover:entity-accent entity-underline inline cursor-pointer align-baseline\"><span class=\"whitespace-normal\">Iran<\/span><\/span>, les manifestations continuent malgr\u00e9 plus de 600 morts et une coupure totale d\u2019Internet. <strong><span class=\"hover:entity-accent entity-underline inline cursor-pointer align-baseline\"><span class=\"whitespace-normal\">Donald Trump<\/span><\/span> alterne menaces militaires et ouverture diplomatique<\/strong>, une ambigu\u00eft\u00e9 qui profite \u00e0 la strat\u00e9gie du dictateur, qui instrumentalise la col\u00e8re populaire et <strong data-start=\"393\" data-end=\"442\">affaiblit les revendications des manifestants<\/strong> sur la sc\u00e8ne internationale. <a target=\"_blank\" href=\"https:\/\/www.humanite.fr\/monde\/ali-khamenei\/continuez-a-manifester-prenez-le-controle-de-vos-institutions-laide-arrive-comment-trump-surfe-sur-la-colere-des-iraniens\">(L\u2019Humanit\u00e9<\/a>)<\/span><\/p>\n<h3><b>6. L\u2019Europe bascule dans une \u00e8re de r\u00e9pression s\u00e9curitaire<\/b><\/h3>\n<p><span style=\"font-weight: 400;\">Une offensive s\u00e9curitaire se d\u00e9ploie en Europe, marqu\u00e9e par le recul des libert\u00e9s d\u2019expression, de r\u00e9union et d\u2019association. <strong>En France, la r\u00e9pression touche particuli\u00e8rement les quartiers populaires ; au Royaume-Uni, des militants pro-palestiniens sont criminalis\u00e9s ;<\/strong> en Nouvelle-Cal\u00e9donie, la contestation est assimil\u00e9e \u00e0 une menace. <strong>L\u2019\u00e9tat d\u2019exception tend \u00e0 devenir la norme, avec un affaiblissement des contre-pouvoirs.<\/strong> (<a target=\"_blank\" href=\"https:\/\/www.monde-diplomatique.fr\/2026\/01\/A\/69194\">Le Monde diplomatique<\/a>)<\/span><\/p>\n<h3><b>7. Groenland : une convoitise aux risques climatiques majeurs<\/b><\/h3>\n<p><span style=\"font-weight: 400;\"><span class=\"hover:entity-accent entity-underline inline cursor-pointer align-baseline\"><span class=\"whitespace-normal\">Donald Trump<\/span><\/span> veut exploiter les ressources du <span class=\"hover:entity-accent entity-underline inline cursor-pointer align-baseline\"><span class=\"whitespace-normal\">Groenland<\/span><\/span>, malgr\u00e9 les alertes scientifiques.<br data-start=\"143\" data-end=\"146\"\/>La fonte de la calotte glaciaire et du permafrost rend le territoire <strong data-start=\"215\" data-end=\"227\">instable<\/strong>, avec des risques d\u2019\u00e9boulements et de tsunamis mena\u00e7ant sites miniers, \u00e9nerg\u00e9tiques et militaires.<br data-start=\"326\" data-end=\"329\"\/>La disparition de la calotte ferait <strong data-start=\"365\" data-end=\"413\">monter le niveau des mers d\u2019environ 7 m\u00e8tres.<\/strong>\u00a0(<a target=\"_blank\" href=\"https:\/\/www.futura-sciences.com\/planete\/actualites\/groenland-trump-fonce-groenland-mesurer-ces-risques-pourraient-tout-faire-derailler-129945\/\">Futura<\/a>)<\/span><\/p>\n<p><iframe loading=\"lazy\" title=\"Des habitants du Groenland r\u00e9pondent \u00e0 Donald Trump\" width=\"1110\" height=\"624\" src=\"https:\/\/www.youtube.com\/embed\/CiAlIErhsmg?feature=oembed\" frameborder=\"0\" allow=\"accelerometer; autoplay; clipboard-write; encrypted-media; gyroscope; picture-in-picture; web-share\" referrerpolicy=\"strict-origin-when-cross-origin\" allowfullscreen><\/iframe><\/p>\n<h3 data-start=\"0\" data-end=\"43\"><strong data-start=\"4\" data-end=\"43\">8. Mercosur : trois arnaques d\u00e9nonc\u00e9es<\/strong><\/h3>\n<p data-start=\"45\" data-end=\"516\" data-is-last-node=\"\" data-is-only-node=\"\">L\u2019accord UE-Mercosur reste <strong data-start=\"72\" data-end=\"96\">inchang\u00e9 sur le fond<\/strong>, malgr\u00e9 la communication de la <span class=\"hover:entity-accent entity-underline inline cursor-pointer align-baseline\"><span class=\"whitespace-normal\">Commission europ\u00e9enne<\/span><\/span>. La <strong data-start=\"172\" data-end=\"205\">clause de sauvegarde agricole<\/strong> pr\u00e9sent\u00e9e comme une protection est <strong data-start=\"241\" data-end=\"282\">inefficace et difficilement activable<\/strong>. Les <strong data-start=\"290\" data-end=\"322\">engagements environnementaux<\/strong> mis en avant ne sont <strong data-start=\"344\" data-end=\"365\">pas contraignants<\/strong> et <strong data-start=\"369\" data-end=\"395\">sans sanctions r\u00e9elles<\/strong>. La Commission cherche enfin \u00e0 <strong data-start=\"429\" data-end=\"468\">contourner les parlements nationaux<\/strong> en limitant la ratification au niveau europ\u00e9en. (<a target=\"_blank\" href=\"https:\/\/www.politis.fr\/articles\/2026\/01\/mercosur-les-trois-arnaques-de-la-commission-europeenne\/\">Politis<\/a>)<\/p>\n<h3><b>9. L\u2019Assembl\u00e9e nationale adopte un signal politique contre la d\u00e9sinformation climatique<\/b><\/h3>\n<p><span style=\"font-weight: 400;\">Une r\u00e9solution adopt\u00e9e appelle la France et l\u2019Union europ\u00e9enne \u00e0 renforcer la coordination contre la d\u00e9sinformation climatique et les ing\u00e9rences \u00e9trang\u00e8res. <strong>Les d\u00e9put\u00e9s demandent une feuille de route europ\u00e9enne et sa d\u00e9clinaison nationale, notamment en vue de la COP30.<\/strong> Il demeure non contraignant juridiquement. (<a target=\"_blank\" href=\"https:\/\/reporterre.net\/L-Assemblee-nationale-adopte-une-resolution-contre-la-desinformation-climatique\">Reporterre<\/a>)<\/span><\/p>\n<h3><b>10. Climat : la France tr\u00e8s en retard sur ses objectifs<\/b><\/h3>\n<p><span style=\"font-weight: 400;\">Les \u00e9missions fran\u00e7aises de gaz \u00e0 effet de serre devraient baisser de 1,6 % en 2025. Elles <strong>atteignent environ 363 millions de tonnes \u00e9quivalent CO\u2082.<\/strong> Cette am\u00e9lioration reste insuffisante : pour respecter la trajectoire 2030, <strong>la baisse devrait atteindre 4,6 % par an.<\/strong> L\u2019agriculture et l\u2019industrie progressent timidement, tandis que les transports et le b\u00e2timent restent largement en retard. (<a target=\"_blank\" href=\"https:\/\/www.geo.fr\/environnement\/en-france-la-reduction-des-emissions-de-gaz-a-effet-de-serre-patine-alors-que-l-echeance-de-2050-approche-230403\">G\u00e9o<\/a>)<\/span><\/p>\n<p style=\"text-align: right;\"><em>\u2013\u00a0 Mauricette Baelen<\/em><\/p>\n<div class=\"td-a-rec td-a-rec-id-content_bottom  tdi_1 td_block_template_1\">\n<span class=\"td-adspot-title\">&#8211; Cet article gratuit, ind\u00e9pendant et sans IA existe gr\u00e2ce aux abonn\u00e9s &#8211;<\/span><\/p>\n<div class=\"td-all-devices\">\n    <a target=\"_blank\" href=\"https:\/\/mrmondialisation.org\/donation\/\" title=\"Faire_un_don\"><img decoding=\"async\" class=\"donationArticle\" src=\"https:\/\/mrmondialisation.org\/wp-content\/uploads\/2022\/12\/220405-flikalicious-final.jpg\" alt=\"Donation\"\/><\/a>\n<\/div>\n<\/div><\/div>\n<p><br \/>\n<br \/><a href=\"https:\/\/mrmondialisation.org\/secu-lepen-et-perou-les-10-infos-de-la-semaine\/\" target=\"_blank\"\">Source link <\/a><\/p>\n","protected":false},"excerpt":{"rendered":"<p>Vous n\u2019avez pas eu le temps de suivre l\u2019actu ? Voici 10 infos \u00e0 ne surtout pas manquer cette semaine. 1. \u00c9tendre la S\u00e9curit\u00e9 sociale pour r\u00e9duire les co\u00fbts et&hellip; <\/p>\n","protected":false},"author":1,"featured_media":22494,"comment_status":"open","ping_status":"open","sticky":false,"template":"","format":"standard","meta":{"footnotes":""},"categories":[1],"tags":[],"class_list":["post-22493","post","type-post","status-publish","format-standard","has-post-thumbnail","hentry","category-non-classe"],"_links":{"self":[{"href":"https:\/\/monde25.info\/index.php\/wp-json\/wp\/v2\/posts\/22493","targetHints":{"allow":["GET"]}}],"collection":[{"href":"https:\/\/monde25.info\/index.php\/wp-json\/wp\/v2\/posts"}],"about":[{"href":"https:\/\/monde25.info\/index.php\/wp-json\/wp\/v2\/types\/post"}],"author":[{"embeddable":true,"href":"https:\/\/monde25.info\/index.php\/wp-json\/wp\/v2\/users\/1"}],"replies":[{"embeddable":true,"href":"https:\/\/monde25.info\/index.php\/wp-json\/wp\/v2\/comments?post=22493"}],"version-history":[{"count":0,"href":"https:\/\/monde25.info\/index.php\/wp-json\/wp\/v2\/posts\/22493\/revisions"}],"wp:featuredmedia":[{"embeddable":true,"href":"https:\/\/monde25.info\/index.php\/wp-json\/wp\/v2\/media\/22494"}],"wp:attachment":[{"href":"https:\/\/monde25.info\/index.php\/wp-json\/wp\/v2\/media?parent=22493"}],"wp:term":[{"taxonomy":"category","embeddable":true,"href":"https:\/\/monde25.info\/index.php\/wp-json\/wp\/v2\/categories?post=22493"},{"taxonomy":"post_tag","embeddable":true,"href":"https:\/\/monde25.info\/index.php\/wp-json\/wp\/v2\/tags?post=22493"}],"curies":[{"name":"wp","href":"https:\/\/api.w.org\/{rel}","templated":true}]}}