{"id":22497,"date":"2026-01-16T19:56:39","date_gmt":"2026-01-16T18:56:39","guid":{"rendered":"https:\/\/monde25.info\/index.php\/2026\/01\/16\/avoirs-russes-geles-debut-dun-proces-contre-euroclear-a-moscou\/"},"modified":"2026-01-16T19:56:39","modified_gmt":"2026-01-16T18:56:39","slug":"avoirs-russes-geles-debut-dun-proces-contre-euroclear-a-moscou","status":"publish","type":"post","link":"https:\/\/monde25.info\/index.php\/2026\/01\/16\/avoirs-russes-geles-debut-dun-proces-contre-euroclear-a-moscou\/","title":{"rendered":"Avoirs russes gel\u00e9s, d\u00e9but d&rsquo;un proc\u00e8s contre Euroclear \u00e0 Moscou"},"content":{"rendered":"<p> <br \/>\n<\/p>\n<div>\n<p>Le proc\u00e8s lanc\u00e9 par la Banque centrale russe (BCR) contre la soci\u00e9t\u00e9 belge Euroclear, qui d\u00e9tient l&rsquo;essentiel des avoirs de la Russie gel\u00e9s en Europe, a d\u00e9but\u00e9 vendredi \u00e0 Moscou, ont constat\u00e9 des journalistes de l&rsquo;AFP sur place.<\/p>\n<p>Dans cette audience pr\u00e9liminaire au tribunal arbitral de Moscou, la BCR a reproch\u00e9 \u00e0 Euroclear de lui avoir caus\u00e9 un \u00ab\u00a0pr\u00e9judice\u00a0\u00bb en la privant de la gestion de \u00ab\u00a0liquidit\u00e9s et titres\u00a0\u00bb lui appartenant.<\/p>\n<p>La juge Anna Petroukhina a d\u00e9cid\u00e9 que cette proc\u00e9dure aurait lieu \u00e0 huis clos, \u00e0 la demande de la BCR qui a souhait\u00e9 \u00ab\u00a0prot\u00e9ger le secret bancaire\u00a0\u00bb.<\/p>\n<p>Cette d\u00e9cision a provoqu\u00e9 le m\u00e9contentement des avocats de plusieurs dizaines de d\u00e9tenteurs priv\u00e9s d&rsquo;avoirs gel\u00e9s par Euroclear, qui voulaient participer au proc\u00e8s en tant que tiers mais ont \u00e9t\u00e9 expuls\u00e9s de l&rsquo;audience.<\/p>\n<p>Selon des m\u00e9dias publics russes, la somme revendiqu\u00e9e est compos\u00e9e du montant des avoirs gel\u00e9s et de l&rsquo;indemnisation d&rsquo;un manque \u00e0 gagner, soit 18\u00a0200\u00a0milliards de roubles (environ 200 milliards d&rsquo;euros au taux actuel).<\/p>\n<p>Le gel de ces actifs fait partie des sanctions occidentales prises \u00e0 l&rsquo;encontre de Moscou pour punir son attaque \u00e0 grande \u00e9chelle de l&rsquo;Ukraine lanc\u00e9e en f\u00e9vrier 2022.<\/p>\n<p>La Russie d\u00e9nonce ces mesures comme ill\u00e9gales au regard du droit international et assimile celles visant ses soci\u00e9t\u00e9s \u00e0 de la concurrence d\u00e9loyale.<\/p>\n<p>En d\u00e9cembre, l&rsquo;annonce de ce proc\u00e8s contre Euroclear \u00e9tait intervenue alors que l&rsquo;Union europ\u00e9enne d\u00e9battait de l&rsquo;utilisation des fonds russes gel\u00e9s pour offrir une bou\u00e9e de sauvetage financi\u00e8re \u00e0 l&rsquo;Ukraine.<\/p>\n<p>L&rsquo;accord s&rsquo;est heurt\u00e9 finalement \u00e0 l&rsquo;opposition de plusieurs pays, dont la Belgique, et l&rsquo;UE a opt\u00e9 pour un emprunt garanti par son budget commun plut\u00f4t que pour une saisie des avoirs russes.<\/p>\n<p>Moscou avait d\u00e9nonc\u00e9 les tentatives europ\u00e9ennes de se saisir de ces actifs, les qualifiant de \u00ab\u00a0vol\u00a0\u00bb, et averti de \u00ab\u00a0cons\u00e9quences graves\u00a0\u00bb si elles \u00e9taient men\u00e9es \u00e0 terme. Des responsables russes ont \u00e9voqu\u00e9 de potentielles saisies d&rsquo;avoirs europ\u00e9ens en Russie et des proc\u00e9dures en justice devant les instances internationales.<\/p>\n<\/div>\n<p><script>(function(d, s, id) {  var js, fjs = d.getElementsByTagName(s)[0];  if (d.getElementById(id)) return;  js = d.createElement(s); js.id = id;  js.src = \"\/\/connect.facebook.net\/fr_FR\/sdk.js#xfbml=1&version=v2.3\";  fjs.parentNode.insertBefore(js, fjs);}(document, \"script\", \"facebook-jssdk\"));<\/script><br \/>\n<br \/><br \/>\n<br \/><a href=\"https:\/\/www.francesoir.fr\/societe-economie\/avoirs-russes-geles-debut-d-un-proces-contre-euroclear-moscou\" target=\"_blank\"\">Source link <\/a><\/p>\n","protected":false},"excerpt":{"rendered":"<p>Le proc\u00e8s lanc\u00e9 par la Banque centrale russe (BCR) contre la soci\u00e9t\u00e9 belge Euroclear, qui d\u00e9tient l&rsquo;essentiel des avoirs de la Russie gel\u00e9s en Europe, a d\u00e9but\u00e9 vendredi \u00e0 Moscou,&hellip; <\/p>\n","protected":false},"author":1,"featured_media":22498,"comment_status":"open","ping_status":"open","sticky":false,"template":"","format":"standard","meta":{"footnotes":""},"categories":[1],"tags":[],"class_list":["post-22497","post","type-post","status-publish","format-standard","has-post-thumbnail","hentry","category-non-classe"],"_links":{"self":[{"href":"https:\/\/monde25.info\/index.php\/wp-json\/wp\/v2\/posts\/22497","targetHints":{"allow":["GET"]}}],"collection":[{"href":"https:\/\/monde25.info\/index.php\/wp-json\/wp\/v2\/posts"}],"about":[{"href":"https:\/\/monde25.info\/index.php\/wp-json\/wp\/v2\/types\/post"}],"author":[{"embeddable":true,"href":"https:\/\/monde25.info\/index.php\/wp-json\/wp\/v2\/users\/1"}],"replies":[{"embeddable":true,"href":"https:\/\/monde25.info\/index.php\/wp-json\/wp\/v2\/comments?post=22497"}],"version-history":[{"count":0,"href":"https:\/\/monde25.info\/index.php\/wp-json\/wp\/v2\/posts\/22497\/revisions"}],"wp:featuredmedia":[{"embeddable":true,"href":"https:\/\/monde25.info\/index.php\/wp-json\/wp\/v2\/media\/22498"}],"wp:attachment":[{"href":"https:\/\/monde25.info\/index.php\/wp-json\/wp\/v2\/media?parent=22497"}],"wp:term":[{"taxonomy":"category","embeddable":true,"href":"https:\/\/monde25.info\/index.php\/wp-json\/wp\/v2\/categories?post=22497"},{"taxonomy":"post_tag","embeddable":true,"href":"https:\/\/monde25.info\/index.php\/wp-json\/wp\/v2\/tags?post=22497"}],"curies":[{"name":"wp","href":"https:\/\/api.w.org\/{rel}","templated":true}]}}