{"id":22501,"date":"2026-01-16T21:02:42","date_gmt":"2026-01-16T20:02:42","guid":{"rendered":"https:\/\/monde25.info\/index.php\/2026\/01\/16\/ils-sont-morts-comme-ils-ont-vecu-la-tete-haute\/"},"modified":"2026-01-16T21:02:42","modified_gmt":"2026-01-16T20:02:42","slug":"ils-sont-morts-comme-ils-ont-vecu-la-tete-haute","status":"publish","type":"post","link":"https:\/\/monde25.info\/index.php\/2026\/01\/16\/ils-sont-morts-comme-ils-ont-vecu-la-tete-haute\/","title":{"rendered":"Ils sont morts comme ils ont v\u00e9cu : la t\u00eate haute."},"content":{"rendered":"<p> <br \/>\n<\/p>\n<div id=\"\">\n<p>Parents de nos trente-deux h\u00e9ros, combattants, compatriotes,<\/p>\n<p>En cette matin\u00e9e solennelle, la Patrie souffre et se hausse. Nous nous sommes r\u00e9unis pour recevoir sur notre sol des fr\u00e8res qui sont tomb\u00e9s loin de chez eux, mais non de leur devoir.<\/p>\n<p>En accueillant leurs restes mortels, nous renouvelons devant eux notre serment de loyaut\u00e9 \u00e0 la Patrie et \u00e0 l\u2019unit\u00e9 des peuples d\u2019Am\u00e9rique latine.<\/p>\n<p>Nous l\u2019affirmons d\u2019entr\u00e9e, avec la clart\u00e9 qu\u2019exige l\u2019Histoire\u00a0: nous ne les accueillons pas dans la r\u00e9signation\u00a0; nous le faisons profond\u00e9ment orgueilleux et \u00e9ternellement engag\u00e9s, parce que nous savons \u2013 et le peuple cubain l\u2019a appris dans les plus dures \u00e9preuves \u2013 que la mort ne vainc pas ceux qui tombent, le fusil \u00e0 la main, en d\u00e9fendant une cause juste.<\/p>\n<p>Ils ne nous reviennent pas comme des ombres\u00a0; au contraire, ils sont une lumi\u00e8re nouvelle qui nous fortifie, nous enflamme et nous engage. Ils reviennent, couverts du drapeau national, qui ne repr\u00e9sente pas une absence\u00a0: il consacre une pr\u00e9sence \u00e9ternelle.<\/p>\n<p>Ils ram\u00e8nent avec eux l\u2019exemple imp\u00e9rissable du don de soi, du courage, de la fid\u00e9lit\u00e9 aux plus nobles id\u00e9aux de l\u2019\u00eatre humain.<\/p>\n<p>Quand ils franchissaient la mer et le ciel pour remplir leur mission, ils savaient qu\u2019ils pouvaient ne pas rentrer, mais ils \u00e9taient fermement convaincus qu\u2019ils ne trahiraient jamais ce peuple qui, suivant l\u2019exemple de ses h\u00e9ros, a appris \u00e0 partager son sort avec autrui.<\/p>\n<p>En ces heures difficiles, quand, au petit matin du 3 janvier, l\u2019agression et l\u2019attaque perfide ont assombri le Venezuela, nos combattants \u00e9taient l\u00e0, fid\u00e8les \u00e0 Fidel, \u00e0 Ra\u00fal, au parti et au patrimoine d\u2019internationalisme qui a marqu\u00e9 chaque \u00e9tape de la R\u00e9volution cubaine.<\/p>\n<p>Le Venezuela n\u2019a pas \u00e9t\u00e9 pour eux une terre distante, il a \u00e9t\u00e9 le prolongement naturel de la Patrie, tout comme il l\u2019avait \u00e9t\u00e9 pour nos grands hommes, car c\u2019est l\u00e0 que s\u2019embrassent Bol\u00edvar et Mart\u00ed, Ch\u00e1vez et Fidel, et tous ceux qui ont r\u00eav\u00e9 d\u2019une Am\u00e9rique unie et libre.<\/p>\n<p>Ils sont tomb\u00e9s en combattant et ils se sont \u00e9lev\u00e9s \u00e0 jamais dans l\u2019Histoire. L\u00e0-bas o\u00f9 la violence a voulu imposer le silence, leur sang a \u00e9crit \u00e0 nouveau une v\u00e9rit\u00e9 que nul ne pourra jamais effacer\u00a0: Cuba n\u2019abandonne pas ses enfants. Cuba ne renonce pas \u00e0 ses principes. Cuba ne vacille pas, m\u00eame si, pour d\u00e9fendre la dignit\u00e9, elle doit le payer cher et en souffrir.<\/p>\n<p>Nos fr\u00e8res ont combattu avec la m\u00eame d\u00e9cision et la m\u00eame \u00e9nergie que les <i>mambis<\/i> (*) de la G\u00e9n\u00e9ration du Centenaire, les <i>barbudos<\/i>, les miliciens \u00e0 Playa Gir\u00f3n (**), et que les combattants internationalistes qui ont prouv\u00e9 que, d\u2019une mission sur d\u2019autres terres, on ne rentre qu\u2019avec l\u2019amiti\u00e9 du peuple fr\u00e8re et les restes sacr\u00e9s de ceux qui sont tomb\u00e9s.<\/p>\n<p><i>Compatriotas<\/i>, parents,<\/p>\n<p>Nous accueillons nos compatriotes de lutte dans la Patrie qui les a vu na\u00eetre avec l\u2019orgueil de savoir qu\u2019ils n\u2019ont pas vacill\u00e9, qu\u2019ils n\u2019ont pas dout\u00e9, qu\u2019ils se sont battus jusqu\u2019\u00e0 la derni\u00e8re balle et qu\u2019ils ont offerts leurs pr\u00e9cieuses vie en remplissant la mission assign\u00e9e.<\/p>\n<p>Devant eux, devant leurs proches, devant l\u2019Histoire et devant vous, g\u00e9n\u00e9ral d\u2019arm\u00e9e, nous proclamons qu\u2019il n\u2019y aura jamais de place en terre cubaine pour la l\u00e2chet\u00e9 et pour la trahison. Chaque combat portera l\u2019empreinte morale de ces combattants h\u00e9ro\u00efques qui ont tout donn\u00e9 pour la dignit\u00e9 de leur peuple.<\/p>\n<p>Ils sont morts comme ils ont v\u00e9cu\u00a0: la t\u00eate haute. Ils sont tomb\u00e9s, convaincus de remplir un devoir sacr\u00e9 que les peuples de Notre Am\u00e9rique sauront reconna\u00eetre, leur sachant gr\u00e9 \u00e0 jamais de leur exemple supr\u00eame de sacrifice et de loyaut\u00e9.<\/p>\n<p>Aujourd\u2019hui que leurs noms s\u2019inscrivent d\u00e9finitivement sur l\u2019autel de la Patrie, nous ne leur promettons pas le repos, parce que les v\u00e9ritables h\u00e9ros ne se reposent jamais. Ils continueront de marcher \u00e0 la t\u00eate de chaque bataille, accompagnant chaque jeune d\u00e9cid\u00e9 \u00e0 servir son peuple, inspirant chaque homme et chaque femme qui ne se r\u00e9signe pas \u00e0 l\u2019injustice, donnant de la force \u00e0 tout r\u00e9volutionnaire capable de se relever apr\u00e8s chaque coup.<\/p>\n<p>L\u2019ennemi parle, euphorique, d\u2019op\u00e9rations de haute pr\u00e9cision, de troupes d\u2019\u00e9lite, de supr\u00e9matie. Nous parlons, nous, en revanche, de visages, de familles qui ont perdu le p\u00e8re, le fil, l\u2019\u00e9poux, le fr\u00e8re. Nous parlons de fillettes et de gar\u00e7onnets qui devront grandir sans l\u2019\u00e9treinte de celui qui a offert sa vie en pensant justement \u00e0 eux.<\/p>\n<p>Devant ces filles et ces gar\u00e7ons, devant ces m\u00e8res, ces p\u00e8res et ces \u00e9pouses, auxquels on a arrach\u00e9 une partie de l\u2019\u00e2me, nous faisons n\u00f4tres, une fois de plus, ces paroles \u00e9mues du commandant en chef\u00a0: \u00ab\u00a0On ne saurait dire que la douleur se partage. La douleur se multiplie. Nous sommes aujourd\u2019hui des millions de Cubains \u00e0 pleurer aux c\u00f4t\u00e9s des \u00eatres chers des victimes du crime abominable. Et quand un peuple \u00e9nergique et viril pleure, l\u2019injustice tremble\u00a0!\u00a0\u00bb<\/p>\n<p>La Patrie se dresse devant vous dans le respect et la gratitude. Vos morts sont nos morts. Ce silence fier, de savoir que vous avez donn\u00e9 le meilleur des v\u00f4tres \u00e0 la cause la plus juste, est aussi la fiert\u00e9 de tout un peuple.<\/p>\n<p>Devant vous, devant le peuple, nous r\u00e9affirmons que si cette page douloureuse de l\u2019Histoire a prouv\u00e9 quelque chose, c\u2019est que l\u2019imp\u00e9rialisme pourra bien avoir des armes plus perfectionn\u00e9es, pourra bien disposer d\u2019immenses richesses mat\u00e9rielles, pourra bien acheter le cerveau des h\u00e9sitants, mais qu\u2019il y a quelque chose qu\u2019il ne pourra pas acheter\u00a0: la dignit\u00e9 du peuple cubain.<\/p>\n<p>Les peuples ne deviennent pas grands par leurs richesses mat\u00e9rielles, mais par leur capacit\u00e9 \u00e0 maintenir vivante la m\u00e9moire de leurs h\u00e9ros.<\/p>\n<p>Nous ne vous oublierons jamais. Nous nous souviendrons de vous \u00e0 chaque effort, \u00e0 chaque d\u00e9fi, \u00e0 chaque victoire.<\/p>\n<p>Votre exemple \u00e9clairera le chemin des peuples libres et justes du monde.<\/p>\n<p>Fr\u00e8res, nous vous recevons aujourd\u2019hui convertis en h\u00e9ros\u00a0; vous \u00eates un exemple d\u2019honneur. Vous \u00eates une le\u00e7on pour ceux qui vacillent. Vous \u00eates un avertissement pour ceux qui menacent.<\/p>\n<p>Gloire \u00e9ternelle \u00e0 ceux qui sont tomb\u00e9s dans la patrie de Bol\u00edvar et Ch\u00e1vez\u00a0!<\/p>\n<p>Honneur et gloire \u00e9ternelle aux h\u00e9ros et martyrs de la Patrie\u00a0!<\/p>\n<p>Le peuple cubain vous serre dans ses bras.<\/p>\n<p>Jusqu\u2019\u00e0 la victoire \u00e0 jamais\u00a0!<\/p>\n<p><i>Traduction Jacques-Fran\u00e7ois Bonaldi, depuis la Havane<\/i><\/p>\n<p>Notes de LGS\u00a0:<\/p>\n<p>(*) gu\u00e9rilleros cubains, soldats r\u00e9guliers ou non, qui prirent part aux guerres d\u2019ind\u00e9pendance cubaines du XIX e si\u00e8cle<br class=\"autobr\"\/><br \/>\n(**) plus connu en occident comme La Baie des Cochons<\/p>\n<\/div>\n<p><br \/>\n<br \/><a href=\"https:\/\/www.legrandsoir.info\/ils-sont-morts-comme-ils-ont-vecu-la-tete-haute.html\" target=\"_blank\"\">Source link <\/a><\/p>\n","protected":false},"excerpt":{"rendered":"<p>Parents de nos trente-deux h\u00e9ros, combattants, compatriotes, En cette matin\u00e9e solennelle, la Patrie souffre et se hausse. Nous nous sommes r\u00e9unis pour recevoir sur notre sol des fr\u00e8res qui sont&hellip; <\/p>\n","protected":false},"author":1,"featured_media":22502,"comment_status":"open","ping_status":"open","sticky":false,"template":"","format":"standard","meta":{"footnotes":""},"categories":[1],"tags":[],"class_list":["post-22501","post","type-post","status-publish","format-standard","has-post-thumbnail","hentry","category-non-classe"],"_links":{"self":[{"href":"https:\/\/monde25.info\/index.php\/wp-json\/wp\/v2\/posts\/22501","targetHints":{"allow":["GET"]}}],"collection":[{"href":"https:\/\/monde25.info\/index.php\/wp-json\/wp\/v2\/posts"}],"about":[{"href":"https:\/\/monde25.info\/index.php\/wp-json\/wp\/v2\/types\/post"}],"author":[{"embeddable":true,"href":"https:\/\/monde25.info\/index.php\/wp-json\/wp\/v2\/users\/1"}],"replies":[{"embeddable":true,"href":"https:\/\/monde25.info\/index.php\/wp-json\/wp\/v2\/comments?post=22501"}],"version-history":[{"count":0,"href":"https:\/\/monde25.info\/index.php\/wp-json\/wp\/v2\/posts\/22501\/revisions"}],"wp:featuredmedia":[{"embeddable":true,"href":"https:\/\/monde25.info\/index.php\/wp-json\/wp\/v2\/media\/22502"}],"wp:attachment":[{"href":"https:\/\/monde25.info\/index.php\/wp-json\/wp\/v2\/media?parent=22501"}],"wp:term":[{"taxonomy":"category","embeddable":true,"href":"https:\/\/monde25.info\/index.php\/wp-json\/wp\/v2\/categories?post=22501"},{"taxonomy":"post_tag","embeddable":true,"href":"https:\/\/monde25.info\/index.php\/wp-json\/wp\/v2\/tags?post=22501"}],"curies":[{"name":"wp","href":"https:\/\/api.w.org\/{rel}","templated":true}]}}