{"id":22504,"date":"2026-01-16T22:41:43","date_gmt":"2026-01-16T21:41:43","guid":{"rendered":"https:\/\/monde25.info\/index.php\/2026\/01\/16\/lillusion-dune-intelligence-artificielle-frugale\/"},"modified":"2026-01-16T22:41:43","modified_gmt":"2026-01-16T21:41:43","slug":"lillusion-dune-intelligence-artificielle-frugale","status":"publish","type":"post","link":"https:\/\/monde25.info\/index.php\/2026\/01\/16\/lillusion-dune-intelligence-artificielle-frugale\/","title":{"rendered":"L\u2019illusion d\u2019une Intelligence Artificielle frugale"},"content":{"rendered":"<p> <br \/>\n<\/p>\n<div>\n<h4><strong>L\u2019Intelligence Artificielle (IA) gaspille nos ressources, et pourtant elle se d\u00e9mocratise. Comment faire face \u00e0 cet accaparement grandissant des \u00e9nergies ? Existe-t-il des solutions \u00e9thiques et d\u00e9mocratiques pour r\u00e9guler son usage ?<\/strong><\/h4>\n<blockquote>\n<p><strong><i>\u00ab De toute fa\u00e7on, une requ\u00eate sur Chatgpt, c\u2019est comme une requ\u00eate sur Google, non ? <\/i>\u00bb<\/strong><\/p>\n<\/blockquote>\n<p><span style=\"font-weight: 400;\"><strong>Non !<\/strong> selon une <a target=\"_blank\" href=\"https:\/\/www.iea.org\/reports\/electricity-2024\/executive-summary?ref=disconnect.blog\" target=\"_blank\" rel=\"noopener\">\u00e9tude<\/a> men\u00e9e par l\u2019International Energy Agency, <\/span><b>une requ\u00eate sur ChatGPT n\u00e9cessite jusqu\u2019\u00e0 10 fois plus de puissance qu\u2019une recherche en ligne<\/b><span style=\"font-weight: 400;\"> et ce n\u2019est pas pr\u00e8s de s\u2019am\u00e9liorer puisque <\/span><b>la consommation \u00e9lectrique des <\/b><b>centres de donn\u00e9es de l\u2019IA et des cryptomonnaies pourrait doubler d\u2019ici 2026<\/b><span style=\"font-weight: 400;\">. Entre la production, l\u2019entra\u00eenement et l\u2019utilisation des centres de donn\u00e9es n\u00e9cessaires aux mod\u00e8les de langages des intelligences artificielles (IA), rendre l\u2019IA moins consommatrice en mati\u00e8res premi\u00e8res semble \u00eatre un d\u00e9fi de taille.\u00a0<\/span><\/p>\n<h2><strong>Rendre l\u2019IA frugale : mission impossible ?<\/strong><\/h2>\n<p><span style=\"font-weight: 400;\">L\u2019insoutenable l\u00e9g\u00e8ret\u00e9 de notre utilisation de l\u2019IA est probl\u00e9matique sur le plan \u00e9cologique. Selon <\/span><a target=\"_blank\" href=\"https:\/\/www.polytechnique-insights.com\/tribunes\/energie\/ia-generative-la-consommation-energetique-explose\/\" target=\"_blank\" rel=\"noopener\"><span style=\"font-weight: 400;\">un article de Polytechnique Insights<\/span><\/a><span style=\"font-weight: 400;\">, l\u2019entra\u00eenement du<\/span><b> mod\u00e8le d\u2019IA BLOOM \u00e9met 10 fois plus de gaz \u00e0 effet de serre qu\u2019un Fran\u00e7ais en une ann\u00e9e<\/b><span style=\"font-weight: 400;\">, tandis que les \u00e9missions de carbone de l\u2019entreprise Google <\/span><a target=\"_blank\" href=\"https:\/\/www.liberation.fr\/environnement\/climat\/lia-rechauffe-le-climat-les-emissions-de-carbone-ont-augmente-de-48-en-cinq-ans-chez-google-20240703_5O74T4VIIZA6VEATDPDPYUJAME\/\" target=\"_blank\" rel=\"noopener\"><span style=\"font-weight: 400;\">ont augment\u00e9 de <strong>48 %<\/strong><\/span><\/a><span style=\"font-weight: 400;\"><strong> de 2019 \u00e0 2023<\/strong> ; et que le bilan carbone de Microsoft, lui, s\u2019est alourdi de <strong>29\u2009% entre 2020 et 2023.<\/strong> Bien que tous deux soient cependant engag\u00e9s envers <\/span><span style=\"font-weight: 400;\">des \u00e9missions nettes nulles ou n\u00e9gatives d\u2019ici \u00e0 2030<\/span><span style=\"font-weight: 400;\">, ce <\/span><a target=\"_blank\" href=\"https:\/\/x.com\/DigiEconomist\/status\/1799840140782924174\/photo\/1\"><span style=\"font-weight: 400;\">graphique<\/span><\/a><span style=\"font-weight: 400;\"> tir\u00e9 du bilan trimestriel de Microsoft montre qu\u2019<strong>\u00e0 mesure que ses investissements dans l\u2019IA explosent, le g\u00e9ant technologique s\u2019\u00e9loigne de la neutralit\u00e9 annonc\u00e9e.\u00a0<\/strong><\/span><\/p>\n<p><span style=\"font-weight: 400;\">Les accus\u00e9s ont droit \u00e0 la parole : <strong>les g\u00e9ants du num\u00e9rique s\u2019\u00e9gosillent \u00e0 d\u00e9fendre que l\u2019IA sera tr\u00e8s bient\u00f4t davantage un <\/strong><\/span><strong><i>pharmakon<\/i><\/strong><span style=\"font-weight: 400;\"><strong> \u2014<\/strong> poison, mais surtout rem\u00e8de \u2014 pour le d\u00e9r\u00e8glement climatique, comme le relate un <a target=\"_blank\" href=\"https:\/\/www.lemonde.fr\/planete\/article\/2024\/08\/04\/climat-les-promesses-de-l-ia-grevees-par-un-lourd-bilan-carbone_6266586_3244.html\" target=\"_blank\" rel=\"noopener\">article<\/a> du journal <\/span><span style=\"font-weight: 400;\">Le monde du 4 ao\u00fbt 2024<\/span><span style=\"font-weight: 400;\">. L\u2019argument ? \u00ab <\/span><i><span style=\"font-weight: 400;\">Elle est de plus en plus utilis\u00e9e dans les pr\u00e9visions m\u00e9t\u00e9orologiques, comme s\u2019y emploie le Centre europ\u00e9en pour les pr\u00e9visions m\u00e9t\u00e9orologiques \u00e0 moyen terme (ECMWF), et pour les simulations du climat du futur. \u00bb<\/span><\/i><\/p>\n<h3><strong>Une technologie vorace en eau, en m\u00e9taux et en \u00e9lectricit\u00e9<\/strong><\/h3>\n<p><span style=\"font-weight: 400;\">M\u00eame si ces Big Tech proposent des perspectives technosolutionnistes \u2014 servant avant tout leurs propres int\u00e9r\u00eats \u2014 pour aider \u00e0 <em>\u00ab sauver le climat \u00bb,<\/em> il y a fort \u00e0 parier que l\u2019IA ne fera pas partie des solutions. Au-del\u00e0 d\u2019une empreinte carbone dantesque, <\/span><b>la surconsommation d\u2019eau potable n\u00e9cessaire au refroidissement des centres de donn\u00e9es est plus qu\u2019inqui\u00e9tante<\/b><span style=\"font-weight: 400;\">.\u00a0<\/span><\/p>\n<p><span style=\"font-weight: 400;\">Vous reprendrez bien un peu d\u2019infob\u00e9sit\u00e9 ? Selon le <a target=\"_blank\" href=\"https:\/\/usbeketrica.com\/fr\/article\/et-si-on-rationnait-l-ia\" target=\"_blank\" rel=\"noopener\">n\u00b044 d\u2019Usbek &amp; Rica,<\/a> <em>\u00ab Intelligence artificielle \u00bb<\/em>, <strong>ChatGPT-3 consomme un demi-litre d\u2019eau toutes les 10 \u00e0 50 requ\u00eates.<\/strong><\/span><span style=\"font-weight: 400;\"> Pendant ce temps, <strong><a target=\"_blank\" href=\"https:\/\/theconversation.com\/au-pays-des-puces-electroniques-linnovation-et-les-ressources-coutent-tres-cher-191977\" target=\"_blank\" rel=\"noopener\">la soci\u00e9t\u00e9 TSMC<\/a> a consomm\u00e9 l\u2019\u00e9quivalent de 70 piscines olympiques en 2020 pour polir les tranches de silicium<\/strong> qui forment la base des puces n\u00e9cessaires au num\u00e9rique.\u00a0<\/span><\/p>\n<p><span style=\"font-weight: 400;\">M\u00eame philosophie extractiviste avec deux g\u00e9ants de l\u2019oligarchie num\u00e9rique : le <\/span><span style=\"font-weight: 400;\"><a target=\"_blank\" href=\"https:\/\/www.microsoft.com\/en-us\/corporate-responsibility\/sustainability\/report\/\" target=\"_blank\" rel=\"noopener\">rapport<\/a> sur la durabilit\u00e9<\/span><span style=\"font-weight: 400;\"> de <strong>Microsoft <\/strong>indique que <strong>la consommation d\u2019eau des centres de donn\u00e9es a progress\u00e9 de 34\u2009% entre 2021 et 2022,<\/strong> alors qu\u2019elle a consomm\u00e9 plus de 6,4 milliards de litres d\u2019eau en 2022, soit l\u2019<strong>\u00e9quivalent de 2 500 piscines olympiques<\/strong>, tandis que <strong>Google<\/strong> selon <a target=\"_blank\" href=\"https:\/\/sustainability.google\/reports\/google-2023-environmental-report\/\" target=\"_blank\" rel=\"noopener\">son rapport, <\/a><\/span><span style=\"font-weight: 400;\"><strong>augmente de 20 % sa consommation<\/strong> d\u2019eau<\/span><span style=\"font-weight: 400;\"> sur la m\u00eame p\u00e9riode.<\/span><\/p>\n<p>\u00c0\u00a0l\u2019\u00e8re des m\u00e9gabassines, et des romans dystopiques qui pr\u00e9disent la privatisation de l\u2019eau comme<i><span style=\"font-weight: 400;\"> Aqua\u2122 <\/span><\/i><span style=\"font-weight: 400;\">de Jean-Marc Ligny, <strong>il est plus que temps de se demander comment refroidir diff\u00e9remment les datacenters.\u00a0<\/strong><\/span><\/p>\n<p class=\"my-2 [&amp;+p]:mt-4 [&amp;_strong:has(+br)]:inline-block [&amp;_strong:has(+br)]:pb-2\">Dans\u00a0<em>Contre-Atlas de l\u2019intelligence artificielle<\/em>, Kate Crawford d\u00e9montre le <strong>caract\u00e8re extractiviste de l\u2019IA,<\/strong> notamment via\u00a0<a target=\"_blank\" class=\"reset interactable cursor-pointer decoration-1 underline-offset-1 text-super hover:underline font-semibold\" href=\"https:\/\/mrmondialisation.org\/les-metaux-courent-a-lepuisement\/\" target=\"_blank\" rel=\"noopener\"><span class=\"text-box-trim-both\">les m\u00e9taux<\/span><\/a>, par exemple :<\/p>\n<ul>\n<li><a target=\"_blank\" href=\"https:\/\/ecoinfo.cnrs.fr\/2010\/10\/20\/le-silicium-les-impacts-environnementaux-lies-a-la-production\/\" target=\"_blank\" rel=\"noopener\"><strong>Silicium<\/strong><\/a> (base des semi-conducteurs) : raffinage \u00e9metteur de gaz \u00e0 effet de serre \u00e9normes et polluants ultra-toxiques [lien CNRS].<\/li>\n<li><strong>Cuivre<\/strong>\u00a0: r\u00e9sidus miniers polluant sols et eaux.<\/li>\n<li><strong>Aluminium<\/strong>\u00a0(dissipateurs thermiques) : production \u00e9nergivore, lourde en CO\u2082.<br \/>Sans oublier les\u00a0<a target=\"_blank\" class=\"reset interactable cursor-pointer decoration-1 underline-offset-1 text-super hover:underline font-semibold\" href=\"https:\/\/reporterre.net\/Du-cyanure-pour-extraire-de-l-or-en-Guyane-une-usine-preoccupante\" target=\"_blank\" rel=\"noopener\"><span class=\"text-box-trim-both\">mines d\u2019or au cyanure<\/span><\/a>.<\/li>\n<\/ul>\n<p>Bref, <strong>l\u2019IA d\u00e9vore des m\u00e9taux \u00e0 une \u00e9chelle gargantuesque.<\/strong> Il est n\u00e9cessaire de la freiner pour \u00e9viter un futur fa\u00e7on <em>Matrix<\/em>.<\/p>\n<figure id=\"attachment_701442\" aria-describedby=\"caption-attachment-701442\" style=\"width: 1024px\" class=\"wp-caption alignnone\"><img fetchpriority=\"high\" decoding=\"async\" class=\"wp-image-701442 size-medium\" src=\"https:\/\/mrmondialisation.org\/wp-content\/uploads\/2025\/01\/matrix-1024x596.jpg\" alt=\"\" width=\"1024\" height=\"596\" srcset=\"https:\/\/mrmondialisation.org\/wp-content\/uploads\/2025\/01\/matrix-1024x596.jpg 1024w, https:\/\/mrmondialisation.org\/wp-content\/uploads\/2025\/01\/matrix-1524x887.jpg 1524w, https:\/\/mrmondialisation.org\/wp-content\/uploads\/2025\/01\/matrix-768x447.jpg 768w, https:\/\/mrmondialisation.org\/wp-content\/uploads\/2025\/01\/matrix-1536x894.jpg 1536w, https:\/\/mrmondialisation.org\/wp-content\/uploads\/2025\/01\/matrix-2048x1192.jpg 2048w, https:\/\/mrmondialisation.org\/wp-content\/uploads\/2025\/01\/matrix-696x405.jpg 696w, https:\/\/mrmondialisation.org\/wp-content\/uploads\/2025\/01\/matrix-1068x621.jpg 1068w, https:\/\/mrmondialisation.org\/wp-content\/uploads\/2025\/01\/matrix-722x420.jpg 722w\" sizes=\"(max-width: 1024px) 100vw, 1024px\"\/><figcaption id=\"caption-attachment-701442\" class=\"wp-caption-text\">R\u00e9f\u00e9rence au dilemme de Neo dans Matrix \u2013 Cr\u00e9dits : Anirudh sur Unsplach<\/figcaption><\/figure>\n<p><span style=\"font-weight: 400;\">Enfin, aux \u00c9tats-Unis, la <strong>surcharge des r\u00e9seaux \u00e9lectriques<\/strong> occasionn\u00e9e par l\u2019utilisation de l\u2019IA pourrait entra\u00eener des<strong> p\u00e9nuries potentielles d\u2019\u00e9nergie,<\/strong> faisant craindre \u00e0 certains analystes que les <strong>infrastructures \u00e9lectriques approchent progressivement de leurs limites.<\/strong><\/span><\/p>\n<p>L\u2019Irlande, dont la consommation des centres de donn\u00e9es <strong>accapare d\u00e9sormais <\/strong><strong><a target=\"_blank\" href=\"https:\/\/www.connaissancedesenergies.org\/jusquou-ira-lappetit-croissant-delectricite-des-data-centers-en-irlande-241104#notes\" target=\"_blank\" rel=\"noopener\">20 % de la production nationale<\/a><\/strong><span style=\"font-weight: 400;\"><strong> \u2014<\/strong> la moyenne mondiale \u00e9tant \u00e0 2\u2009% \u2014 a <strong>refus\u00e9 la construction d\u2019un troisi\u00e8me datacenter \u00e0 Grange Castle Business Park,<\/strong> dans le sud de Dublin, au motif d\u2019<strong>insuffisance du projet en mati\u00e8re d\u2019\u00e9nergie renouvelable,<\/strong> selon un <a target=\"_blank\" href=\"https:\/\/dcmag.fr\/lirlande-rejette-le-nouveau-projet-de-datacenter-de-google\/\" target=\"_blank\" rel=\"noopener\">article du DC Mag.<\/a><\/span><\/p>\n<div class=\"td-a-rec td-a-rec-id-content_inline  tdi_1 td_block_template_1\">\n<center><a target=\"_blank\" href=\"https:\/\/fr.tipeee.com\/mr-mondialisation\" class=\"tipeee-project-small\">Je m&rsquo;abonne \u00e0 Mr Mondialisation<\/a>&#13;<br \/>\n<\/center>&amp;nbsp<\/div>\n<figure id=\"attachment_701348\" aria-describedby=\"caption-attachment-701348\" style=\"width: 1024px\" class=\"wp-caption aligncenter\"><img loading=\"lazy\" decoding=\"async\" class=\"wp-image-701348\" src=\"https:\/\/mrmondialisation.org\/wp-content\/uploads\/2025\/01\/utilisateurs-chatgpt.jpg\" alt=\"\" width=\"1024\" height=\"634\" srcset=\"https:\/\/mrmondialisation.org\/wp-content\/uploads\/2025\/01\/utilisateurs-chatgpt.jpg 512w, https:\/\/mrmondialisation.org\/wp-content\/uploads\/2025\/01\/utilisateurs-chatgpt-356x220.jpg 356w\" sizes=\"auto, (max-width: 1024px) 100vw, 1024px\"\/><figcaption id=\"caption-attachment-701348\" class=\"wp-caption-text\">L\u2019augmentation du nombre de visites journali\u00e8re sur Chatgpt. (Avec toutes autorisations, \u00a9 similar web)<\/figcaption><\/figure>\n<h3><strong>Un extractivisme exponentiel\u00a0<\/strong><\/h3>\n<p><span style=\"font-weight: 400;\">Les responsables sont identifi\u00e9s. <\/span>Les g\u00e9ants de l\u2019intelligence artificielle \u2014 prompts \u00e0 <a target=\"_blank\" href=\"https:\/\/www.youtube.com\/watch?v=ce1-63wUlc0&amp;t=872s\" target=\"_blank\" rel=\"noopener\">se rallier \u00e0 Trump<\/a> quand le vent tourne \u2014<strong> investissent des millions dans la recherche pour rendre leurs mod\u00e8les plus efficaces.<\/strong> Mais ces gains d\u2019efficience servent avant tout <strong>une course effr\u00e9n\u00e9e \u00e0 la puissance de calcul et \u00e0 la domination technologique<\/strong> entre les nouveaux g\u00e9ants de la Big Tech. R\u00e9sultat : un effet rebond bien connu.<\/p>\n<p data-start=\"604\" data-end=\"857\"><em>\u00ab Les gains d\u2019efficience permettent soit de d\u00e9velopper des mod\u00e8les toujours plus grands, soit de les rendre plus accessibles \u00bb,<\/em> explique Th\u00e9o Alves Da Costa, responsable IA pour la durabilit\u00e9 et le climat chez Ekimetrics et copr\u00e9sident de Data For Good.<\/p>\n<p><span style=\"font-weight: 400;\">Alors que la <a target=\"_blank\" href=\"https:\/\/www.forbes.fr\/business\/adr-gpt-3-et-chatgpt-sont-ils-vraiment-si-revolutionnaires\/\" target=\"_blank\" rel=\"noopener\">premi\u00e8re version de ChatGPT,<\/a> sortie en 2018, ne comptait que 120 millions de param\u00e8tres, <strong>ChatGPT-3 en affiche 175 milliards.<\/strong><\/span><span style=\"font-weight: 400;\"> Non seulement ces mod\u00e8les sont gourmands, et le sont de plus en plus \u00e0 mesure qu\u2019ils se complexifient, mais m\u00eame Sam Altman, fondateur d\u2019OpenAI, le dit en janvier 2024 dans un article pour <\/span><a target=\"_blank\" href=\"https:\/\/www.lemonde.fr\/economie\/article\/2024\/02\/08\/l-explosion-de-la-demande-d-electricite-liee-a-l-ia-a-deja-des-consequences-locales_6215368_3234.html\" target=\"_blank\" rel=\"noopener\"><span style=\"font-weight: 400;\">Le Monde<\/span><\/a><span style=\"font-weight: 400;\"> : <\/span><b>\u00ab <\/b><b><i>Nous ne mesurons pas encore pleinement les besoins en \u00e9nergie de cette technologie.<\/i><\/b><b> \u00bb<\/b><span style=\"font-weight: 400;\">\u00a0<\/span><\/p>\n<p><span style=\"font-weight: 400;\">Pour aller plus loin, voici une vid\u00e9o sur <\/span><a target=\"_blank\" href=\"https:\/\/www.youtube.com\/watch?v=ZP7T6WAK3Ow&amp;t=80s\" target=\"_blank\" rel=\"noopener\"><span style=\"font-weight: 400;\">le jeu du trombone<\/span><\/a><span style=\"font-weight: 400;\"> qui exprime de mani\u00e8re ludique <\/span><a target=\"_blank\" href=\"https:\/\/www.ladn.eu\/tech-a-suivre\/accelerationisme-ideologie-secrete-silicon-valley\/\" target=\"_blank\" rel=\"noopener\"><span style=\"font-weight: 400;\">l\u2019acc\u00e9l\u00e9rationnisme<\/span><\/a><span style=\"font-weight: 400;\"> de l\u2019IA. (Attention, \u00e7a fait froid dans le dos).\u00a0<\/span><\/p>\n<h2><strong>Poser des limites \u00e0 l\u2019IA : un alternum\u00e9risme possible ?\u00a0<\/strong><\/h2>\n<p><span style=\"font-weight: 400;\">Mettre un cadre \u00e0 l\u2019IA s\u2019impose pour conjurer\u00a0<a target=\"_blank\" class=\"reset interactable cursor-pointer decoration-1 underline-offset-1 text-super hover:underline font-semibold\" href=\"https:\/\/mrmondialisation.org\/dictature-numerique-ce-que-google-vous-prepare\/\" target=\"_blank\" rel=\"nofollow noopener\"><span class=\"text-box-trim-both\">la dictature num\u00e9rique<\/span><\/a>. Comment limiter une technologie dont la <strong>d\u00e9pendance est d\u00e9j\u00e0 ancr\u00e9e dans la population ?<\/strong> Comment <strong>rallier l\u2019adh\u00e9sion face \u00e0 une IA trop utile,<\/strong> au point de menacer les emplois ? Comment freiner l\u2019\u00e9lan de Trump, qui injecte 500 milliards dans <a target=\"_blank\" class=\"reset interactable cursor-pointer decoration-1 underline-offset-1 text-super hover:underline font-semibold\" href=\"https:\/\/www.forbes.com\/sites\/garthfriesen\/2025\/01\/23\/trumps-ai-push-understanding-the-500-billion-stargate-initiative\/\" target=\"_blank\" rel=\"noopener\"><span class=\"text-box-trim-both\">Global AI via Stargate<\/span><\/a>\u00a0? <\/span><\/p>\n<blockquote>\n<p><strong><i>\u00ab La technologie num\u00e9rique ne soutient la d\u00e9carbonation que si elle est correctement g\u00e9r\u00e9e. \u00bb <\/i>(GIEC).\u00a0<\/strong><\/p>\n<\/blockquote>\n<p><em>\u00ab Encore que <strong>certains de ces gains peuvent \u00eatre r\u00e9duits ou contrebalanc\u00e9s par la croissance de la demande<\/strong> de biens et services due au num\u00e9rique \u00bb,<\/em> <a target=\"_blank\" href=\"https:\/\/www.nouvelobs.com\/ecologie\/20220404.OBS56637\/nous-sommes-a-la-croisee-des-chemins-ce-qu-il-faut-retenir-du-rapport-du-giec-sur-la-lutte-contre-le-rechauffement.html\" target=\"_blank\" rel=\"noopener\">nuancent les chercheurs.<\/a><br \/><b><br \/><\/b><strong>Que faudrait-il<\/strong> <strong>limiter ? La quantit\u00e9 ou la qualit\u00e9 de donn\u00e9es ?<\/strong> <strong>L\u2019usage priv\u00e9, l\u2019usage public, Celui des entreprises productrices d\u2019IA ? Celui des consommateurs <\/strong><span style=\"font-weight: 400;\"><strong>?<\/strong> D\u2019apr\u00e8s Fr\u00e9d\u00e9ric Bordage, expert en sobri\u00e9t\u00e9 num\u00e9rique, la quantit\u00e9 de donn\u00e9es consomm\u00e9s n\u2019est rien compar\u00e9 au taux d\u2019\u00e9quipement et la dur\u00e9e de vie, qui repr\u00e9senterait, <\/span><span style=\"font-weight: 400;\">selon une <a target=\"_blank\" href=\"https:\/\/www.arcep.fr\/la-regulation\/grands-dossiers-thematiques-transverses\/lempreinte-environnementale-du-numerique\/etude-ademe-arcep-empreinte-environnemental-numerique-2020-2030-2050.html\" target=\"_blank\" rel=\"noopener\">\u00e9tude<\/a> de l\u2019Arcep et de l\u2019ADEME, 79\u2009% de l\u2019empreinte carbone du num\u00e9rique<\/span><span style=\"font-weight: 400;\">. <\/span><\/p>\n<p>Si on en limite la quantit\u00e9, en sera-t-il <i>in fine<\/i> comme toute denr\u00e9e rare, <strong>accapar\u00e9 par les riches au d\u00e9triment des plus pauvres ?<\/strong> <strong>Va-t-on voir une lutte num\u00e9rique des classes arriver ? Ou comme dit le webzine <a target=\"_blank\" href=\"https:\/\/www.frustrationmagazine.fr\/\" target=\"_blank\" rel=\"noopener\"><i>Frustration<\/i><\/a>, une <em>\u00ab guerre des classes \u00bb<\/em> ?<\/strong> <span style=\"font-weight: 400;\">\u00a0Une autre possibilit\u00e9, plus utopique, existe, celle d\u2019une l\u00e9gif\u00e9ration pour un usage d\u00e9mocratique du num\u00e9rique, afin qu\u2019il devienne un bien commun, comme l\u2019eau.\u00a0<\/span><\/p>\n<p>\u00a0<\/p>\n<figure id=\"attachment_701473\" aria-describedby=\"caption-attachment-701473\" style=\"width: 1024px\" class=\"wp-caption alignnone\"><img loading=\"lazy\" decoding=\"async\" class=\"wp-image-701473 size-medium\" src=\"https:\/\/mrmondialisation.org\/wp-content\/uploads\/2025\/01\/samantha-sophia-zfikq7vek1o-unsplash-1024x683.jpg\" alt=\"\" width=\"1024\" height=\"683\" srcset=\"https:\/\/mrmondialisation.org\/wp-content\/uploads\/2025\/01\/samantha-sophia-zfikq7vek1o-unsplash-1024x683.jpg 1024w, https:\/\/mrmondialisation.org\/wp-content\/uploads\/2025\/01\/samantha-sophia-zfikq7vek1o-unsplash-1524x1016.jpg 1524w, https:\/\/mrmondialisation.org\/wp-content\/uploads\/2025\/01\/samantha-sophia-zfikq7vek1o-unsplash-768x512.jpg 768w, https:\/\/mrmondialisation.org\/wp-content\/uploads\/2025\/01\/samantha-sophia-zfikq7vek1o-unsplash-1536x1024.jpg 1536w, https:\/\/mrmondialisation.org\/wp-content\/uploads\/2025\/01\/samantha-sophia-zfikq7vek1o-unsplash-2048x1365.jpg 2048w, https:\/\/mrmondialisation.org\/wp-content\/uploads\/2025\/01\/samantha-sophia-zfikq7vek1o-unsplash-696x464.jpg 696w, https:\/\/mrmondialisation.org\/wp-content\/uploads\/2025\/01\/samantha-sophia-zfikq7vek1o-unsplash-1068x712.jpg 1068w, https:\/\/mrmondialisation.org\/wp-content\/uploads\/2025\/01\/samantha-sophia-zfikq7vek1o-unsplash-630x420.jpg 630w\" sizes=\"auto, (max-width: 1024px) 100vw, 1024px\"\/><figcaption id=\"caption-attachment-701473\" class=\"wp-caption-text\">Samantha Sophia \u2013 Avec toutes autorisations<\/figcaption><\/figure>\n<h3><strong>Un changement de paradigmes : consommer le num\u00e9rique selon son utilit\u00e9 soci\u00e9tale<\/strong><\/h3>\n<p>Face \u00e0 la <a target=\"_blank\" href=\"https:\/\/www.youtube.com\/watch?v=gwX2pGB59Vk\" target=\"_blank\" rel=\"noopener\">ploutocratie<\/a> num\u00e9rique en cours, une autre voie est possible : <strong>conditionner l\u2019usage des technologies num\u00e9riques \u00e0 leur utilit\u00e9 pour le bien commun,<\/strong> plut\u00f4t qu\u2019aux seuls int\u00e9r\u00eats \u00e9conomiques ou lucratifs.<br data-start=\"413\" data-end=\"416\"\/><strong>Une telle approche suppose un choix collectif in\u00e9dit : hi\u00e9rarchiser les besoins technologiques.<\/strong> Faut-il vraiment mobiliser de l\u2019intelligence artificielle pour jouer les psychologues, \u00e9crire des livres, produire des deepfakes, faire les devoirs des coll\u00e9giens, r\u00e9pondre \u00e0 des sextos ou g\u00e9n\u00e9rer des playlists automatis\u00e9es ?<br data-start=\"737\" data-end=\"740\"\/>\u00c0 l\u2019inverse, <strong>certaines de ces fonctions pourraient rester du domaine de l\u2019intelligence humaine \u2014 ou <em>\u00ab organique \u00bb.<\/em><\/strong> La question n\u2019est donc pas tant ce que l\u2019IA permet de faire, mais ce qu\u2019il est <strong>socialement et \u00e9cologiquement pertinent de lui confier.<\/strong><\/p>\n<h3><strong>Un \u00e9co-score pour les usages du num\u00e9rique<\/strong><\/h3>\n<p><span style=\"font-weight: 400;\">En parall\u00e8le du <\/span><i><span style=\"font-weight: 400;\">Digital Service Act<\/span><\/i><span style=\"font-weight: 400;\"> et de l<\/span><i><span style=\"font-weight: 400;\">\u2019<\/span><\/i><a target=\"_blank\" href=\"https:\/\/www.info.gouv.fr\/actualite\/quest-ce-que-lai-act\" target=\"_blank\" rel=\"noopener\"><i><span style=\"font-weight: 400;\">AI Act<\/span><\/i><\/a><span style=\"font-weight: 400;\"> de l\u2019UE qui n\u2019\u00e9voque absolument pas la question \u00e9cologique, L\u2019\u00c9tat fran\u00e7ais, s\u2019est tardivement empar\u00e9 de la question, en affichant <\/span><strong><a target=\"_blank\" href=\"https:\/\/www.info.gouv.fr\/actualite\/lancement-du-pepr-intelligence-artificielle-un-grand-programme-de-recherche-en-soutien-de-linnovation-et-des-usages-emergents-de-lia#:~:text=Son%20budget%20de%2073%20millions,nationale%20pour%20l'intelligence%20artificielle.&amp;text=Le%20PEPR%20IA%20est%20co,qui%20en%20sera%20l'op%C3%A9rateur\" target=\"_blank\" rel=\"noopener\">un programme de recherche sur l\u2019IA<\/a><\/strong><span style=\"font-weight: 400;\"><strong> dot\u00e9 de 73 millions d\u2019euros sur 6 ans, avec l\u2019envie de la rendre plus frugale.<\/strong>\u00a0<\/span><\/p>\n<p>Pour imposer une r\u00e9glementation en termes d\u2019usage IA, l\u2019\u00c9tat et l\u2019Europe se doivent de jouer leurs r\u00f4les, et d\u2019<strong>imposer des contraintes aux acteurs \u00e9conomiques,<\/strong> afin de mettre en place des <strong>quotas<\/strong> \u00e0 ne pas d\u00e9passer, des <strong>mesures d\u2019empreintes carbones,<\/strong> etc. En somme, l\u2019<strong>utilisation d\u2019un \u00e9co-score<\/strong> \u00e0 l\u2019instar de Yuka pour l\u2019alimentation, \u00e0 l\u2019ensemble du num\u00e9rique, est une solution accessible pour r\u00e9pondre \u00e0 ce probl\u00e8me<span style=\"font-weight: 400;\">.<\/span><\/p>\n<p>\u00c0 une \u00e9poque o\u00f9 tout ou presque est not\u00e9 sur 5 \u00e9toiles, ce score permettrait de<b> d\u00e9terminer le co\u00fbt environnemental de chaque produit en fonction du service rendu<\/b><span style=\"font-weight: 400;\">, et contraindrait certains acteurs \u00e0 r\u00e9duire leur impact au maximum pour un m\u00eame service et obtenir une meilleure note.\u00a0<\/span><\/p>\n<h3><b>R\u00eaver d\u2019un choix d\u00e9mocratique possible<br \/><\/b><\/h3>\n<p><strong>Et si le vote permettait de choisir les usages du num\u00e9rique les plus utiles \u00e0 toutes et tous<\/strong> ? Quitte \u00e0 provoquer, par ricochet, un licenciement \u00e9conomique des entreprises exploitant l\u2019IA sans produire de bien commun. La d\u00e9croissance num\u00e9rique \u2014 parfois qualifi\u00e9e, peut-\u00eatre de mani\u00e8re barbare, de <a target=\"_blank\" href=\"https:\/\/permacomputing.net\/\" target=\"_blank\" rel=\"noopener\"><em data-start=\"1690\" data-end=\"1704\">permacomputing<\/em><\/a> ou d\u2019<em data-start=\"1710\" data-end=\"1726\">alternum\u00e9risme<\/em> \u2014 <strong>cesse alors d\u2019\u00eatre un tabou pour devenir un imaginaire politique possible.<\/strong> <b\/><\/p>\n<p style=\"text-align: right;\"><em><span style=\"color: #202122;\">\u2013 <strong>Mauricette Baelen<\/strong><\/span><\/em><\/p>\n<hr\/>\n<p>Source photo de couverture : <a target=\"_blank\" href=\"https:\/\/pixabay.com\/fr\/illustrations\/homme-visage-surr%c3%a9aliste-845847\/\" target=\"_blank\" rel=\"noopener\">Pixabay<\/a><strong><em>\u00a0<\/em><\/strong><\/p>\n<div class=\"td-a-rec td-a-rec-id-content_bottom  tdi_2 td_block_template_1\">\n<span class=\"td-adspot-title\">&#8211; Cet article gratuit, ind\u00e9pendant et sans IA existe gr\u00e2ce aux abonn\u00e9s &#8211;<\/span><\/p>\n<div class=\"td-all-devices\">\n    <a target=\"_blank\" href=\"https:\/\/mrmondialisation.org\/donation\/\" title=\"Faire_un_don\"><img decoding=\"async\" class=\"donationArticle\" src=\"https:\/\/mrmondialisation.org\/wp-content\/uploads\/2022\/12\/220405-flikalicious-final.jpg\" alt=\"Donation\"\/><\/a>\n<\/div>\n<\/div><\/div>\n<p><br \/>\n<br \/><a href=\"https:\/\/mrmondialisation.org\/illusion-intelligence-artificielle-frugale\/\" target=\"_blank\"\">Source link <\/a><\/p>\n","protected":false},"excerpt":{"rendered":"<p>L\u2019Intelligence Artificielle (IA) gaspille nos ressources, et pourtant elle se d\u00e9mocratise. Comment faire face \u00e0 cet accaparement grandissant des \u00e9nergies ? Existe-t-il des solutions \u00e9thiques et d\u00e9mocratiques pour r\u00e9guler son&hellip; <\/p>\n","protected":false},"author":1,"featured_media":22505,"comment_status":"open","ping_status":"open","sticky":false,"template":"","format":"standard","meta":{"footnotes":""},"categories":[1],"tags":[],"class_list":["post-22504","post","type-post","status-publish","format-standard","has-post-thumbnail","hentry","category-non-classe"],"_links":{"self":[{"href":"https:\/\/monde25.info\/index.php\/wp-json\/wp\/v2\/posts\/22504","targetHints":{"allow":["GET"]}}],"collection":[{"href":"https:\/\/monde25.info\/index.php\/wp-json\/wp\/v2\/posts"}],"about":[{"href":"https:\/\/monde25.info\/index.php\/wp-json\/wp\/v2\/types\/post"}],"author":[{"embeddable":true,"href":"https:\/\/monde25.info\/index.php\/wp-json\/wp\/v2\/users\/1"}],"replies":[{"embeddable":true,"href":"https:\/\/monde25.info\/index.php\/wp-json\/wp\/v2\/comments?post=22504"}],"version-history":[{"count":0,"href":"https:\/\/monde25.info\/index.php\/wp-json\/wp\/v2\/posts\/22504\/revisions"}],"wp:featuredmedia":[{"embeddable":true,"href":"https:\/\/monde25.info\/index.php\/wp-json\/wp\/v2\/media\/22505"}],"wp:attachment":[{"href":"https:\/\/monde25.info\/index.php\/wp-json\/wp\/v2\/media?parent=22504"}],"wp:term":[{"taxonomy":"category","embeddable":true,"href":"https:\/\/monde25.info\/index.php\/wp-json\/wp\/v2\/categories?post=22504"},{"taxonomy":"post_tag","embeddable":true,"href":"https:\/\/monde25.info\/index.php\/wp-json\/wp\/v2\/tags?post=22504"}],"curies":[{"name":"wp","href":"https:\/\/api.w.org\/{rel}","templated":true}]}}