{"id":22506,"date":"2026-01-16T23:14:41","date_gmt":"2026-01-16T22:14:41","guid":{"rendered":"https:\/\/monde25.info\/index.php\/2026\/01\/16\/iran-decapitations-et-immolations-comme-daech-projets-de-scission-400-mille-signalements-retour-a-la-normale\/"},"modified":"2026-01-16T23:14:41","modified_gmt":"2026-01-16T22:14:41","slug":"iran-decapitations-et-immolations-comme-daech-projets-de-scission-400-mille-signalements-retour-a-la-normale","status":"publish","type":"post","link":"https:\/\/monde25.info\/index.php\/2026\/01\/16\/iran-decapitations-et-immolations-comme-daech-projets-de-scission-400-mille-signalements-retour-a-la-normale\/","title":{"rendered":"Iran : D\u00e9capitations et immolations comme Daech. Projets de scission. 400 mille signalements. Retour \u00e0 la normale"},"content":{"rendered":"<p> <br \/>\n<\/p>\n<div>\n<ol class=\"campaign-loop campaign-list\">\n<li id=\"campaign-482494\" class=\"post-482494 campaign type-campaign status-publish hentry campaign-has-goal campaign-has-achieved-goal campaign-has-end-date campaign-has-not-ended\">\n\t<a target=\"_blank\" href=\"https:\/\/reseauinternational.net\/campaigns\/campagne-de-dons-septembre-octobre-2025\/\"><\/p>\n<h3>Soutenez-nous<\/h3>\n<p>\t\t\t<\/a><\/p>\n<p>\n\tVotre soutien nous est indispensable pour continuer \u00e0 vous fournir le meilleur de l\u2019information internationale alternative. C\u2019est gr\u00e2ce \u00e0 vos dons que nous pourrons maintenir le cap pour une information plurielle et r\u00e9ellement alternative. Nous comptons sur vous.<\/p>\n<\/li>\n<\/ol>\n<p>par <strong>Al-Manar<\/strong><\/p>\n<p>Le ministre iranien des Affaires \u00e9trang\u00e8res, Abbas Araghchi a rendu compte de cas de d\u00e9capitations et d\u2019immolations perp\u00e9tr\u00e9es entre jeudi et samedi de la semaine pass\u00e9e par des \u00e9meutiers dans une lettre adress\u00e9e au Secr\u00e9taire g\u00e9n\u00e9ral de l\u2019ONU.<\/p>\n<p>Ce qui selon lui, rappelle curieusement les actes de Daech, soulignant que \u00abdes manifestations pacifiques avaient \u00e9t\u00e9 sabot\u00e9es par des \u00e9l\u00e9ments terroristes\u00bb.<\/p>\n<figure class=\"wp-block-video\"><video controls=\"\" src=\"https:\/\/mnrvids.oss-eu-central-1.aliyuncs.com\/2026\/January\/news\/reports\/15-video_2026-01-15_11-55-06_epee.mp4.mp4\"\/><\/figure>\n<p>\u00c9voquant aussi un usage g\u00e9n\u00e9ralis\u00e9 d\u2019armes \u00e0 feu, Araghchi a appel\u00e9 \u00e0 \u00abla condamnation de tous les actes terroristes commis durant les troubles\u00bb. Il a \u00e9galement qualifi\u00e9 de \u00ab<em>trompeuses et honteuses<\/em>\u00bb les affirmations am\u00e9ricaines concernant le soutien aux droits de l\u2019homme en Iran, insistant sur le rejet par son pays de toute forme d\u2019ing\u00e9rence \u00e9trang\u00e8re et sur son engagement \u00e0 prot\u00e9ger son int\u00e9grit\u00e9 territoriale et ses int\u00e9r\u00eats.<\/p>\n<p class=\"has-text-align-center\"><strong>Vid\u00e9o : Un policier tu\u00e9<\/strong><\/p>\n<figure class=\"wp-block-video\"><video controls=\"\" poster=\"https:\/\/reseauinternational.net\/wp-content\/uploads\/2026\/01\/Sans-titre-24.jpg\" src=\"https:\/\/mnrvids.oss-eu-central-1.aliyuncs.com\/2026\/January\/news\/reports\/15-video_2026-01-15_11-56-14_tir_policier.mp4.mp4\"\/><\/figure>\n<h5 class=\"wp-block-heading\"><strong>Deux \u00e9meutiers poids lourds arr\u00eat\u00e9s<\/strong><\/h5>\n<p>Les services de renseignement des Gardiens de la r\u00e9volution ont annonc\u00e9 jeudi avoir arr\u00eat\u00e9 plusieurs responsables qui ont command\u00e9 les \u00e9meutes qui ont s\u00e9vi en Iran, depuis fin d\u00e9cembre dernier.<\/p>\n<p>Deux d\u2019entre eux sont des poids lourds : le premier est le coordonnateur et principal lien entre les groupuscules favorables au r\u00e9gime du Shah et l\u2019entit\u00e9 isra\u00e9lienne. Il a \u00e9t\u00e9 captur\u00e9 dans le sud du pays.<\/p>\n<p>Le second est le leader d\u2019un groupuscule s\u00e9paratiste, selon les renseignements du CGRI qui n\u2019a pas pr\u00e9cis\u00e9 le lieu o\u00f9 il a \u00e9t\u00e9 arr\u00eat\u00e9. Il s\u2019appr\u00eatait \u00e0 attaquer deux quartiers militaire et policier \u00e0 proximit\u00e9 des fronti\u00e8res lorsqu\u2019il a \u00e9t\u00e9 captur\u00e9.<\/p>\n<p>Des m\u00e9dias iraniens avaient rendu compte ces derniers jours de groupuscules originaires du Sistan-Baloutchistan \u00e0 l\u2019est du pays et d\u2019autres originaires du Kurdistan iranien \u00e0 l\u2019ouest ayant particip\u00e9 activement aux \u00e9meutes.<\/p>\n<h5 class=\"wp-block-heading\"><strong>Des \u00e9quipes arr\u00eat\u00e9es dans 9 gouvernorats<\/strong><\/h5>\n<p>Toujours selon les Renseignements des gardiens de la r\u00e9volution, des \u00e9quipes sp\u00e9ciales charg\u00e9es des combats dans les rues ont \u00e9t\u00e9 d\u00e9mantel\u00e9es. Leurs membres ont \u00e9t\u00e9 arr\u00eat\u00e9s dans 9 gouvernorats iraniens.<\/p>\n<p>Les gardiens ont aussi r\u00e9v\u00e9l\u00e9 avoir identifi\u00e9 31 \u00e9l\u00e9ments qui \u00e9taient sur le point de collaborer avec le Mossad isra\u00e9lien.<\/p>\n<h5 class=\"wp-block-heading\"><strong>Projet de scission : \u00e0 chaque r\u00e9gion sa constitution<\/strong><\/h5>\n<p>Pour sa part, le ministre iranien de la D\u00e9fense Aziz Nassir Zadeh a d\u00e9clar\u00e9 d\u00e9tenir des informations pr\u00e9cises sur un projet am\u00e9ricano-isra\u00e9lien destin\u00e9 \u00e0 diviser l\u2019Iran.<\/p>\n<p>Selon lui, les USA, l\u2019entit\u00e9 sioniste et leurs alli\u00e9s ont \u00e9tabli des si\u00e8ges pour les s\u00e9paratistes et les terroristes pour g\u00e9rer leurs complots s\u00e9paratistes.<\/p>\n<p>\u00ab<em>Nous avons d\u00e9tect\u00e9 que les USA et l\u2019entit\u00e9 isra\u00e9lienne ont soutenu les op\u00e9rations de contrebande d\u2019armes et ont fourni toute l\u2019aide financi\u00e8re et logistique aux s\u00e9paratistes<\/em>\u00bb, a-t-il affirm\u00e9, selon les m\u00e9dias iraniens.<\/p>\n<p>\u00ab<em>Nous avons des informations que les Am\u00e9ricains et les Isra\u00e9liens planifiaient pour que chaque r\u00e9gion s\u00e9par\u00e9e \u00e9crive sa propre constitution<\/em>\u00bb, a ajout\u00e9 Nassir Zadeh.<\/p>\n<h5 class=\"wp-block-heading\"><strong>Tarifs des mercenaires<\/strong><\/h5>\n<p>Et de poursuivre : \u00ab<em>nous avons la liste des tarifs des mercenaires ennemis : en \u00e9change de chaque meurtre 500 millions de tomans, 200 millions pour chaque voiture incendi\u00e9e et 80 millions pour chaque commissariat de police et 15 millions de tomans pour tout autre acte de sabotage<\/em>\u00bb.<\/p>\n<p>Dans ce contexte, l\u2019un \u00e9meutiers arr\u00eat\u00e9 a r\u00e9v\u00e9l\u00e9 avoir re\u00e7u 900 millions de tomans en \u00e9change de tels actes.<\/p>\n<p class=\"has-text-align-center\"><strong>Vid\u00e9o : Un saboteur arr\u00eat\u00e9 a avou\u00e9 : \u00abNous avons incendi\u00e9 le sanctuaire Sabz Qoba dans la province du Khouzestan au sud pour le transformer en bo\u00eete de nuit !!!\u00bb<\/strong><\/p>\n<figure class=\"wp-block-video\"><video controls=\"\" poster=\"https:\/\/reseauinternational.net\/wp-content\/uploads\/2026\/01\/Sans-titre-24-1.jpg\" src=\"https:\/\/mnrvids.oss-eu-central-1.aliyuncs.com\/2026\/January\/news\/reports\/15-video_2026-01-15_11-52-41_mazar.mp4.mp4\"\/><\/figure>\n<p>Les renseignements iraniens ont pr\u00e9cis\u00e9 avoir re\u00e7u quelque 400 000 signalements d\u2019activit\u00e9s suspectes et de menaces terroristes potentielles de la part des citoyens qui ont permis d\u2019arr\u00eater les \u00e9meutiers.<\/p>\n<p>Les correspondants en Iran rapportent ce jeudi que la situation est revenue \u00e0 la normale dans les villes iraniennes.<\/p>\n<p>Selon le chef de la diplomatie iranienne, \u00ab<em>le calme r\u00e8gne<\/em>\u00bb \u00e0 pr\u00e9sent dans le pays et les autorit\u00e9s ont le \u00ab<em>contr\u00f4le total<\/em>\u00bb de la situation.<\/p>\n<h5 class=\"wp-block-heading\"><strong>Pas de peine de mort pour Soltani<\/strong><\/h5>\n<p>En outre, l\u2019Iran a annonc\u00e9 jeudi que l\u2019\u00e9meutier Erfan Soltani ne serait pas condamn\u00e9 \u00e0 mort apr\u00e8s sa r\u00e9cente arrestation<\/p>\n<p>Erfan Soltani est incarc\u00e9r\u00e9 \u00e0 la prison de Karaj, pr\u00e8s de T\u00e9h\u00e9ran, et accus\u00e9 de rassemblements contre la s\u00e9curit\u00e9 nationale et de propagande contre le syst\u00e8me, a d\u00e9clar\u00e9 le pouvoir judiciaire iranien, pr\u00e9cisant que la loi ne pr\u00e9voyait pas la peine capitale pour ces chefs d\u2019accusation.<\/p>\n<p>\u00ab<em>S\u2019il est reconnu coupable il sera condamn\u00e9 \u00e0 une peine de prison<\/em>\u00bb, a ajout\u00e9 le pouvoir judiciaire.<\/p>\n<p>Donald Trump argue s\u2019inqui\u00e9ter pour son sort et celui de ses semblables pour menacer intervenir militairement en Iran.<\/p>\n<p>Mercredi, il avait cependant affirm\u00e9 avoir \u00e9t\u00e9 inform\u00e9 \u00ab<em>par des sources tr\u00e8s importantes<\/em>\u00bb que \u00ab<em>les tueries ont pris fin<\/em>\u00bb et que les ex\u00e9cutions pr\u00e9vues de manifestants n\u2019auraient finalement \u00ab<em>pas lieu<\/em>\u00bb.<\/p>\n<p>\u00ab<em>On observera \u00e7a et on verra quelle est la suite<\/em>\u00bb, a-t-il ajout\u00e9 \u00e0 propos d\u2019une \u00e9ventuelle action militaire.<\/p>\n<p>Les manifestations initialement li\u00e9es au co\u00fbt de la vie qui avaient commenc\u00e9 le 28 d\u00e9cembre ont \u00e9t\u00e9 confisqu\u00e9es par des groupes d\u2019\u00e9meutiers arm\u00e9s d\u2019armes l\u00e9g\u00e8res \u00e0 feu, de poignards, d\u2019\u00e9p\u00e9es et d\u2019autres armes non l\u00e9tales et soutenus par les \u00c9tats-Unis, Isra\u00ebl et les puissances occidentales.<\/p>\n<p>source\u00a0: <a target=\"_blank\" href=\"https:\/\/french.almanar.com.lb\/article\/4527\/\" target=\"_blank\" rel=\"noopener\" title=\"\">Al-Manar<\/a><\/p>\n<div class=\"sharedaddy sd-block sd-like jetpack-likes-widget-wrapper jetpack-likes-widget-unloaded\" id=\"like-post-wrapper-237719536-506153-696aaaf3c4ded\" data-src=\"https:\/\/widgets.wp.com\/likes\/?ver=15.2#blog_id=237719536&amp;post_id=506153&amp;origin=reseauinternational.net&amp;obj_id=237719536-506153-696aaaf3c4ded\" data-name=\"like-post-frame-237719536-506153-696aaaf3c4ded\" data-title=\"Aimer ou rebloguer\">\n<h3 class=\"sd-title\">J\u2019aime \u00e7a\u00a0:<\/h3>\n<p><span class=\"button\"><span>J\u2019aime<\/span><\/span> <span class=\"loading\">chargement\u2026<\/span><\/p>\n<p><span class=\"sd-text-color\"\/><a target=\"_blank\" class=\"sd-link-color\"\/><\/div>\n<p><meta itemscope=\"\" itemprop=\"mainEntityOfPage\" itemtype=\"https:\/\/schema.org\/WebPage\" itemid=\"https:\/\/reseauinternational.net\/iran-decapitations-et-immolations-comme-daech-projets-de-scission-400-mille-signalements-retour-a-la-normale\/\"\/><meta itemprop=\"headline\" content=\"Iran : D\u00e9capitations et immolations comme Daech. Projets de scission. 400 mille signalements. Retour \u00e0 la normale\"\/><span style=\"display: none;\" itemprop=\"author\" itemscope=\"\" itemtype=\"https:\/\/schema.org\/Person\"><meta itemprop=\"name\" content=\"R\u00e9seau International\"\/><\/span><span style=\"display: none;\" itemprop=\"image\" itemscope=\"\" itemtype=\"https:\/\/schema.org\/ImageObject\"><meta itemprop=\"url\" content=\"https:\/\/i0.wp.com\/reseauinternational.net\/wp-content\/uploads\/2026\/01\/Sans-titre-21-11.png?fit=800%2C467&amp;ssl=1\"\/><meta itemprop=\"width\" content=\"800\"\/><meta itemprop=\"height\" content=\"467\"\/><\/span><span style=\"display: none;\" itemprop=\"publisher\" itemscope=\"\" itemtype=\"https:\/\/schema.org\/Organization\"><span style=\"display: none;\" itemprop=\"logo\" itemscope=\"\" itemtype=\"https:\/\/schema.org\/ImageObject\"><meta itemprop=\"url\" content=\"https:\/\/reseauinternational.net\/wp-content\/uploads\/2022\/06\/Capture-de\u0301cran-2022-06-14-a\u0300-16.51.07.png\"\/><\/span><meta itemprop=\"name\" content=\"R\u00e9seau International\"\/><\/span><meta itemprop=\"datePublished\" content=\"2026-01-16T15:42:29+00:00\"\/><meta itemprop=\"dateModified\" content=\"2026-01-16T15:42:46+00:00\"\/><\/div>\n<p><br \/>\n<br \/><a href=\"https:\/\/reseauinternational.net\/iran-decapitations-et-immolations-comme-daech-projets-de-scission-400-mille-signalements-retour-a-la-normale\/\" target=\"_blank\"\">Source link <\/a><\/p>\n","protected":false},"excerpt":{"rendered":"<p>Soutenez-nous Votre soutien nous est indispensable pour continuer \u00e0 vous fournir le meilleur de l\u2019information internationale alternative. C\u2019est gr\u00e2ce \u00e0 vos dons que nous pourrons maintenir le cap pour une&hellip; <\/p>\n","protected":false},"author":1,"featured_media":22507,"comment_status":"open","ping_status":"open","sticky":false,"template":"","format":"standard","meta":{"footnotes":""},"categories":[1],"tags":[],"class_list":["post-22506","post","type-post","status-publish","format-standard","has-post-thumbnail","hentry","category-non-classe"],"_links":{"self":[{"href":"https:\/\/monde25.info\/index.php\/wp-json\/wp\/v2\/posts\/22506","targetHints":{"allow":["GET"]}}],"collection":[{"href":"https:\/\/monde25.info\/index.php\/wp-json\/wp\/v2\/posts"}],"about":[{"href":"https:\/\/monde25.info\/index.php\/wp-json\/wp\/v2\/types\/post"}],"author":[{"embeddable":true,"href":"https:\/\/monde25.info\/index.php\/wp-json\/wp\/v2\/users\/1"}],"replies":[{"embeddable":true,"href":"https:\/\/monde25.info\/index.php\/wp-json\/wp\/v2\/comments?post=22506"}],"version-history":[{"count":0,"href":"https:\/\/monde25.info\/index.php\/wp-json\/wp\/v2\/posts\/22506\/revisions"}],"wp:featuredmedia":[{"embeddable":true,"href":"https:\/\/monde25.info\/index.php\/wp-json\/wp\/v2\/media\/22507"}],"wp:attachment":[{"href":"https:\/\/monde25.info\/index.php\/wp-json\/wp\/v2\/media?parent=22506"}],"wp:term":[{"taxonomy":"category","embeddable":true,"href":"https:\/\/monde25.info\/index.php\/wp-json\/wp\/v2\/categories?post=22506"},{"taxonomy":"post_tag","embeddable":true,"href":"https:\/\/monde25.info\/index.php\/wp-json\/wp\/v2\/tags?post=22506"}],"curies":[{"name":"wp","href":"https:\/\/api.w.org\/{rel}","templated":true}]}}