{"id":22508,"date":"2026-01-16T23:47:34","date_gmt":"2026-01-16T22:47:34","guid":{"rendered":"https:\/\/monde25.info\/index.php\/2026\/01\/16\/lariege-droit-dans-ses-bottes-annule-sa-participation-au-salon-de-lagriculture\/"},"modified":"2026-01-16T23:47:34","modified_gmt":"2026-01-16T22:47:34","slug":"lariege-droit-dans-ses-bottes-annule-sa-participation-au-salon-de-lagriculture","status":"publish","type":"post","link":"https:\/\/monde25.info\/index.php\/2026\/01\/16\/lariege-droit-dans-ses-bottes-annule-sa-participation-au-salon-de-lagriculture\/","title":{"rendered":"L&rsquo;Ari\u00e8ge droit dans ses bottes, annule sa participation au Salon de l&rsquo;agriculture"},"content":{"rendered":"<p> <br \/>\n<\/p>\n<div>\n<p>Droit dans ses bottes, le d\u00e9partement de l&rsquo;Ari\u00e8ge ne participera pas au salon de l&rsquo;agriculture 2026 compte tenu du \u00ab\u00a0contexte agricole particuli\u00e8rement difficile\u00a0\u00bb en lien avec l&rsquo;\u00e9pid\u00e9mie de dermatose nodulaire bovine (DNC), a-t-il annonc\u00e9 jeudi dans un communiqu\u00e9.<\/p>\n<p>\u00ab\u00a0Les r\u00e9cents \u00e9v\u00e9nements touchant la profession agricole ne permettent pas, tant sur le plan \u00e9thique que commercial, de r\u00e9unir les conditions n\u00e9cessaires pour faire de ce rendez-vous national un temps de valorisation et de c\u00e9l\u00e9bration des savoir-faire du territoire\u00a0\u00bb, explique le d\u00e9partement, qui juge qu&rsquo;il serait en outre \u00ab\u00a0malvenu de faire la f\u00eate au salon \u00e0 Paris\u00a0\u00bb.<\/p>\n<p>Le d\u00e9partement pyr\u00e9n\u00e9en de l&rsquo;Ari\u00e8ge a \u00e9t\u00e9 touch\u00e9 par trois cas de DNC et l&rsquo;abattage des troupeaux concern\u00e9s. Le premier, dans une ferme des Bordes-sur-Arize devant laquelle s&rsquo;\u00e9taient mobilis\u00e9s des centaines d&rsquo;agriculteurs refusant le protocole gouvernemental, a mis le feu aux poudres mi-d\u00e9cembre et d\u00e9clench\u00e9 un mouvement de protestation agricole dans toute la France.<\/p>\n<p>La d\u00e9cision du d\u00e9partement a \u00e9t\u00e9 prise via un vote auquel ont particip\u00e9 les \u00ab\u00a0ambassadeurs\u00a0\u00bb ari\u00e9geois, agriculteurs et artisans qui devaient repr\u00e9senter l&rsquo;Ari\u00e8ge au Salon, pr\u00e9cise le communiqu\u00e9.<\/p>\n<p>La Conf\u00e9d\u00e9ration paysanne de l&rsquo;Ari\u00e8ge avait appel\u00e9 lundi, \u00ab\u00a0par respect pour les paysan.ne.s qui ont souffert et par solidarit\u00e9 avec l&rsquo;ensemble des \u00e9leveurs inquiets et d\u00e9courag\u00e9s\u00a0\u00bb, \u00e0 annuler la participation du d\u00e9partement au salon.<\/p>\n<p>Les organisateurs de cette grand-messe de l&rsquo;agriculture fran\u00e7aise ont annonc\u00e9 mardi qu&rsquo;il n&rsquo;y aurait aucun bovin cette ann\u00e9e, pour la premi\u00e8re fois depuis que se tient ce rendez-vous annuel, en raison de l&rsquo;\u00e9pid\u00e9mie de DNC.<\/p>\n<p>La France profonde souffre, et l&rsquo;Ari\u00e8ge reste digne !<\/p>\n<\/div>\n<p><script>(function(d, s, id) {  var js, fjs = d.getElementsByTagName(s)[0];  if (d.getElementById(id)) return;  js = d.createElement(s); js.id = id;  js.src = \"\/\/connect.facebook.net\/fr_FR\/sdk.js#xfbml=1&version=v2.3\";  fjs.parentNode.insertBefore(js, fjs);}(document, \"script\", \"facebook-jssdk\"));<\/script><br \/>\n<br \/><br \/>\n<br \/><a href=\"https:\/\/www.francesoir.fr\/societe-faits-divers\/l-ariege-droit-dans-ses-bottes-annule-sa-participation-au-salon-de-l\" target=\"_blank\"\">Source link <\/a><\/p>\n","protected":false},"excerpt":{"rendered":"<p>Droit dans ses bottes, le d\u00e9partement de l&rsquo;Ari\u00e8ge ne participera pas au salon de l&rsquo;agriculture 2026 compte tenu du \u00ab\u00a0contexte agricole particuli\u00e8rement difficile\u00a0\u00bb en lien avec l&rsquo;\u00e9pid\u00e9mie de dermatose nodulaire&hellip; <\/p>\n","protected":false},"author":1,"featured_media":22509,"comment_status":"open","ping_status":"open","sticky":false,"template":"","format":"standard","meta":{"footnotes":""},"categories":[1],"tags":[],"class_list":["post-22508","post","type-post","status-publish","format-standard","has-post-thumbnail","hentry","category-non-classe"],"_links":{"self":[{"href":"https:\/\/monde25.info\/index.php\/wp-json\/wp\/v2\/posts\/22508","targetHints":{"allow":["GET"]}}],"collection":[{"href":"https:\/\/monde25.info\/index.php\/wp-json\/wp\/v2\/posts"}],"about":[{"href":"https:\/\/monde25.info\/index.php\/wp-json\/wp\/v2\/types\/post"}],"author":[{"embeddable":true,"href":"https:\/\/monde25.info\/index.php\/wp-json\/wp\/v2\/users\/1"}],"replies":[{"embeddable":true,"href":"https:\/\/monde25.info\/index.php\/wp-json\/wp\/v2\/comments?post=22508"}],"version-history":[{"count":0,"href":"https:\/\/monde25.info\/index.php\/wp-json\/wp\/v2\/posts\/22508\/revisions"}],"wp:featuredmedia":[{"embeddable":true,"href":"https:\/\/monde25.info\/index.php\/wp-json\/wp\/v2\/media\/22509"}],"wp:attachment":[{"href":"https:\/\/monde25.info\/index.php\/wp-json\/wp\/v2\/media?parent=22508"}],"wp:term":[{"taxonomy":"category","embeddable":true,"href":"https:\/\/monde25.info\/index.php\/wp-json\/wp\/v2\/categories?post=22508"},{"taxonomy":"post_tag","embeddable":true,"href":"https:\/\/monde25.info\/index.php\/wp-json\/wp\/v2\/tags?post=22508"}],"curies":[{"name":"wp","href":"https:\/\/api.w.org\/{rel}","templated":true}]}}