{"id":22512,"date":"2026-01-17T03:07:36","date_gmt":"2026-01-17T02:07:36","guid":{"rendered":"https:\/\/monde25.info\/index.php\/2026\/01\/17\/gestion-de-la-vilaine-les-agriculteurs-pro-pesticides-perturbent-une-nouvelle-reunion\/"},"modified":"2026-01-17T03:07:36","modified_gmt":"2026-01-17T02:07:36","slug":"gestion-de-la-vilaine-les-agriculteurs-pro-pesticides-perturbent-une-nouvelle-reunion","status":"publish","type":"post","link":"https:\/\/monde25.info\/index.php\/2026\/01\/17\/gestion-de-la-vilaine-les-agriculteurs-pro-pesticides-perturbent-une-nouvelle-reunion\/","title":{"rendered":"Gestion de la Vilaine\u00a0: les agriculteurs pro-pesticides perturbent une nouvelle r\u00e9union"},"content":{"rendered":"<p> <br \/>\n<br \/><img loading=\"lazy\" decoding=\"async\" src=\"https:\/\/reporterre.net\/local\/cache-vignettes\/L700xH467\/la_vilaine__depuis_le_pont_de_la_roche-bernard_1_-95ec8.jpg?1768577550\" class=\"spip_logo\" width=\"700\" height=\"467\" alt=\"\" \/><\/p>\n<p>La saga se poursuit pour l&rsquo;adoption du Sage de la Vilaine, le sch\u00e9ma d&rsquo;am\u00e9nagement et de gestion de l&rsquo;eau du bassin versant de ce fleuve, entre la Bretagne et les Pays de la Loire, le plus grand Sage de France. Ce document propose notamment de r\u00e9duire l&rsquo;utilisation de certains pesticides pr\u00e8s des aires de captage d&rsquo;eau potable. Une mesure qui passe mal aupr\u00e8s d&rsquo;une partie du monde agricole, \u00e0 tel point que la <span class=\"caps\">FNSEA<\/span> \u2014 le syndicat majoritaire productiviste\u00a0\u2014, les Jeunes agriculteurs et la\u00a0(\u2026)<\/p>\n<p>                    <a target=\"_blank\" href=\"https:\/\/reporterre.net\/Gestion-de-la-Vilaine-les-agriculteurs-pro-pesticides-perturbent-une-nouvelle-reunion?utm_source=RSS&amp;utm_medium=RSS\">Lire la suite<\/a><\/p>\n<p>                    &#8211;<br \/>\n                        <a target=\"_blank\" href=\"https:\/\/reporterre.net\/Breves-20\" rel=\"directory\">En bref<\/a><\/p>\n<p>                    \/<br \/>\n                        <a target=\"_blank\" href=\"https:\/\/reporterre.net\/Eau-rivieres-oceans\" rel=\"tag\">Eau et rivi\u00e8res<\/a><br \/>\n<br \/><br \/>\n<br \/><a href=\"https:\/\/reporterre.net\/Gestion-de-la-Vilaine-les-agriculteurs-pro-pesticides-perturbent-une-nouvelle-reunion\" target=\"_blank\"\">Source link <\/a><\/p>\n","protected":false},"excerpt":{"rendered":"<p>La saga se poursuit pour l&rsquo;adoption du Sage de la Vilaine, le sch\u00e9ma d&rsquo;am\u00e9nagement et de gestion de l&rsquo;eau du bassin versant de ce fleuve, entre la Bretagne et les&hellip; <\/p>\n","protected":false},"author":1,"featured_media":0,"comment_status":"open","ping_status":"open","sticky":false,"template":"","format":"standard","meta":{"footnotes":""},"categories":[1],"tags":[],"class_list":["post-22512","post","type-post","status-publish","format-standard","hentry","category-non-classe"],"_links":{"self":[{"href":"https:\/\/monde25.info\/index.php\/wp-json\/wp\/v2\/posts\/22512","targetHints":{"allow":["GET"]}}],"collection":[{"href":"https:\/\/monde25.info\/index.php\/wp-json\/wp\/v2\/posts"}],"about":[{"href":"https:\/\/monde25.info\/index.php\/wp-json\/wp\/v2\/types\/post"}],"author":[{"embeddable":true,"href":"https:\/\/monde25.info\/index.php\/wp-json\/wp\/v2\/users\/1"}],"replies":[{"embeddable":true,"href":"https:\/\/monde25.info\/index.php\/wp-json\/wp\/v2\/comments?post=22512"}],"version-history":[{"count":0,"href":"https:\/\/monde25.info\/index.php\/wp-json\/wp\/v2\/posts\/22512\/revisions"}],"wp:attachment":[{"href":"https:\/\/monde25.info\/index.php\/wp-json\/wp\/v2\/media?parent=22512"}],"wp:term":[{"taxonomy":"category","embeddable":true,"href":"https:\/\/monde25.info\/index.php\/wp-json\/wp\/v2\/categories?post=22512"},{"taxonomy":"post_tag","embeddable":true,"href":"https:\/\/monde25.info\/index.php\/wp-json\/wp\/v2\/tags?post=22512"}],"curies":[{"name":"wp","href":"https:\/\/api.w.org\/{rel}","templated":true}]}}