{"id":22519,"date":"2026-01-17T07:31:34","date_gmt":"2026-01-17T06:31:34","guid":{"rendered":"https:\/\/monde25.info\/index.php\/2026\/01\/17\/lhiver-nous-apprend-a-traverser-nos-deuils\/"},"modified":"2026-01-17T07:31:34","modified_gmt":"2026-01-17T06:31:34","slug":"lhiver-nous-apprend-a-traverser-nos-deuils","status":"publish","type":"post","link":"https:\/\/monde25.info\/index.php\/2026\/01\/17\/lhiver-nous-apprend-a-traverser-nos-deuils\/","title":{"rendered":"\u00ab\u00a0L&#039;hiver nous apprend \u00e0 traverser nos deuils\u00a0\u00bb"},"content":{"rendered":"<p> <br \/>\n<br \/><img loading=\"lazy\" decoding=\"async\" src=\"https:\/\/reporterre.net\/local\/cache-vignettes\/L700xH467\/pause_mort_jardin2-fade9.jpg?1768631401\" class=\"spip_logo\" width=\"700\" height=\"467\" alt=\"\" \/><\/p>\n<p>L&rsquo;hiver, au jardin, tout s&rsquo;arr\u00eate. Ou presque. Une pause n\u00e9cessaire qui nous invite \u00e0 r\u00e9fl\u00e9chir \u00e0 notre rapport au deuil, \u00e9crit notre journaliste. \u00ab<small class=\"fine d-inline\">\u00a0<\/small>Sur notre terrain, nous tentons de planter la vie et devons affronter les pertes.<small class=\"fine d-inline\">\u00a0<\/small>\u00bb <br class=\"autobr\" \/> Notre journaliste Marie Astier a un grand potager, chez elle, dans les C\u00e9vennes. Dans cette chronique, qui para\u00eet d\u00e9sormais le troisi\u00e8me samedi de chaque mois, elle livre astuces et r\u00e9flexions, parce que jardiner\u2026 c&rsquo;est politique. <br class=\"autobr\" \/><br \/>\nCes derni\u00e8res semaines, je\u00a0(\u2026)<\/p>\n<p>                    <a target=\"_blank\" href=\"https:\/\/reporterre.net\/L-hiver-nous-apprend-a-traverser-nos-deuils?utm_source=RSS&amp;utm_medium=RSS\">Lire la suite<\/a><\/p>\n<p>                    &#8211;<br \/>\n                        <a target=\"_blank\" href=\"https:\/\/reporterre.net\/CHRONIQUES-22\" rel=\"directory\">Chronique<\/a><\/p>\n<p>                    \/<br \/>\n                        <a target=\"_blank\" href=\"https:\/\/reporterre.net\/Potager-politique\" rel=\"tag\">Potager politique<\/a><br \/>\n<br \/><br \/>\n<br \/><a href=\"https:\/\/reporterre.net\/L-hiver-nous-apprend-a-traverser-nos-deuils\" target=\"_blank\"\">Source link <\/a><\/p>\n","protected":false},"excerpt":{"rendered":"<p>L&rsquo;hiver, au jardin, tout s&rsquo;arr\u00eate. Ou presque. Une pause n\u00e9cessaire qui nous invite \u00e0 r\u00e9fl\u00e9chir \u00e0 notre rapport au deuil, \u00e9crit notre journaliste. \u00ab\u00a0Sur notre terrain, nous tentons de planter&hellip; <\/p>\n","protected":false},"author":1,"featured_media":0,"comment_status":"open","ping_status":"open","sticky":false,"template":"","format":"standard","meta":{"footnotes":""},"categories":[1],"tags":[],"class_list":["post-22519","post","type-post","status-publish","format-standard","hentry","category-non-classe"],"_links":{"self":[{"href":"https:\/\/monde25.info\/index.php\/wp-json\/wp\/v2\/posts\/22519","targetHints":{"allow":["GET"]}}],"collection":[{"href":"https:\/\/monde25.info\/index.php\/wp-json\/wp\/v2\/posts"}],"about":[{"href":"https:\/\/monde25.info\/index.php\/wp-json\/wp\/v2\/types\/post"}],"author":[{"embeddable":true,"href":"https:\/\/monde25.info\/index.php\/wp-json\/wp\/v2\/users\/1"}],"replies":[{"embeddable":true,"href":"https:\/\/monde25.info\/index.php\/wp-json\/wp\/v2\/comments?post=22519"}],"version-history":[{"count":0,"href":"https:\/\/monde25.info\/index.php\/wp-json\/wp\/v2\/posts\/22519\/revisions"}],"wp:attachment":[{"href":"https:\/\/monde25.info\/index.php\/wp-json\/wp\/v2\/media?parent=22519"}],"wp:term":[{"taxonomy":"category","embeddable":true,"href":"https:\/\/monde25.info\/index.php\/wp-json\/wp\/v2\/categories?post=22519"},{"taxonomy":"post_tag","embeddable":true,"href":"https:\/\/monde25.info\/index.php\/wp-json\/wp\/v2\/tags?post=22519"}],"curies":[{"name":"wp","href":"https:\/\/api.w.org\/{rel}","templated":true}]}}