{"id":22536,"date":"2026-01-17T13:34:35","date_gmt":"2026-01-17T12:34:35","guid":{"rendered":"https:\/\/monde25.info\/index.php\/2026\/01\/17\/la-flottille-pour-gaza-ou-la-conscience-du-monde\/"},"modified":"2026-01-17T13:34:35","modified_gmt":"2026-01-17T12:34:35","slug":"la-flottille-pour-gaza-ou-la-conscience-du-monde","status":"publish","type":"post","link":"https:\/\/monde25.info\/index.php\/2026\/01\/17\/la-flottille-pour-gaza-ou-la-conscience-du-monde\/","title":{"rendered":"La Flottille pour Gaza, ou la conscience du monde"},"content":{"rendered":"<p> <br \/>\n<\/p>\n<div style=\"word-wrap:break-word;\">\n<p>Rome, Italie \u2014 En avril 2026, une nouvelle Flottille tentera de briser le blocus isra\u00e9lien impos\u00e9 \u00e0 Gaza depuis 18 ans. Cette <a target=\"_blank\" href=\"https:\/\/globalsumudflotilla.org\/\" class=\"spip_out\" rel=\"external\">mission<\/a> sera la plus grande mobilisation maritime jamais organis\u00e9e en faveur de la Palestine, avec la participation de plus de 3 000 militants venus de 100 pays, \u00e0 bord de 100 bateaux. Une flotte m\u00e9dicale de 1 000 professionnels de sant\u00e9 sera \u00e9galement pr\u00e9sente pour livrer 500 tonnes d\u2019aide humanitaire, d\u2019\u00e9quipements et de fournitures m\u00e9dicales dont Isra\u00ebl emp\u00eache l\u2019entr\u00e9e \u00e0 Gaza.<\/p>\n<p>Une fois encore, des militants du monde entier se rendront \u00e0 Gaza pour tenter de mettre fin \u00e0 l\u2019une des pires crises humanitaires de la plan\u00e8te. Une fois encore, leur voyage sera suivi de pr\u00e8s sur les r\u00e9seaux sociaux. Une fois encore, des drones isra\u00e9liens seront envoy\u00e9s dans les eaux internationales pour intercepter et attaquer les bateaux. Une fois encore, les bateaux seront abord\u00e9s par des soldats isra\u00e9liens masqu\u00e9s et lourdement arm\u00e9s. Une fois encore, les militants seront arr\u00eat\u00e9s. Une fois encore, ils seront envoy\u00e9s dans des prisons de haute s\u00e9curit\u00e9. Une fois encore, ils seront maltrait\u00e9s physiquement, plac\u00e9s \u00e0 l\u2019isolement, insult\u00e9s, humili\u00e9s, contraints de regarder des vid\u00e9os de propagande isra\u00e9lienne sur le 7 octobre ou viol\u00e9s par des gardiens de prison isra\u00e9liens. Une fois encore, les Palestiniens, qui <a target=\"_blank\" href=\"https:\/\/x.com\/WearThePeaceCo\/status\/1965825307539288534\" class=\"spip_out\" rel=\"external\">attendent sur la plage<\/a> dans l\u2019espoir de voir passer la Flottille, sauront qu\u2019ils ne sont pas seuls. Et une fois encore, le monde feindra l\u2019ignorance, bafouant ainsi son <a target=\"_blank\" href=\"https:\/\/www.un.org\/en\/genocideprevention\/documents\/atrocity-crimes\/Doc.1_Convention%20on%20the%20Prevention%20and%20Punishment%20of%20the%20Crime%20of%20Genocide.pdf\" class=\"spip_out\" rel=\"external\">obligation l\u00e9gale<\/a> d\u2019intervenir pour mettre fin au g\u00e9nocide, conform\u00e9ment \u00e0 l\u2019article I de la Convention sur le g\u00e9nocide.<\/p>\n<p>Et pourtant, malgr\u00e9 une issue quasi certaine, les Flottilles fragilisent l\u2019emprise isra\u00e9lienne sur Gaza. Elles rappellent au monde entier son devoir moral et l\u00e9gal d\u2019intervenir. Elles font honte non seulement \u00e0 Isra\u00ebl, mais aussi aux gouvernements occidentaux qui, par leur complicit\u00e9, soutiennent le g\u00e9nocide. Elles montrent que nous ne sommes pas impuissants. Que nous pouvons agir.<\/p>\n<p>\u201c<i>Qu\u2019avez-vous ressenti en regardant la Flottille\u00a0?<\/i>\u201d ai-je demand\u00e9 \u00e0 <a target=\"_blank\" href=\"https:\/\/x.com\/MonaAbuamara\" class=\"spip_out\" rel=\"external\">Mona Abuamara<\/a>, ambassadrice de Palestine en Italie, lorsque j\u2019ai rejoint la gr\u00e8ve des dockers italiens \u00e0 G\u00eanes et la manifestation nationale pour la Palestine \u00e0 Rome, \u00e0 la fin du mois de novembre 2025.<\/p>\n<blockquote class=\"spip\">\n<p>\u201c<i>J\u2019\u00e9tais comme une enfant\u201d, m\u2019a-t-elle r\u00e9pondu. \u201cVous savez, quand vous connaissez la fin d\u2019un film, mais que vous voulez quand m\u00eame qu\u2019elle soit diff\u00e9rente. Je n\u2019arr\u00eatais pas de me dire\u00a0: \u2018Laissez-les passer. Laissez-les passer\u201d. Comme si c\u2019\u00e9tait possible. Nous savions que ce ne serait pas le cas. C\u2019est ce qui fait la beaut\u00e9 de ces gens sur ces bateaux. Ils savaient qu\u2019ils ne seraient pas autoris\u00e9s \u00e0 passer, mais ils ont refus\u00e9 d\u2019accepter le statu quo<\/i>\u201d.<\/p>\n<\/blockquote>\n<p>J\u2019ai rencontr\u00e9 <a target=\"_blank\" href=\"https:\/\/x.com\/thiagoavilabr\" class=\"spip_out\" rel=\"external\">Thiago \u00c1vila<\/a>, militant br\u00e9silien, et l\u2019activiste su\u00e9doise <a target=\"_blank\" href=\"https:\/\/x.com\/GretaThunberg\" class=\"spip_out\" rel=\"external\">Greta Thunberg<\/a> de bon matin au <a target=\"_blank\" href=\"https:\/\/www.blocal-travel.com\/street-art\/maam-museum-rome\/\" class=\"spip_out\" rel=\"external\">mus\u00e9e MAAM<\/a> de Rome, un labyrinthe de salles, de couloirs et de pi\u00e8ces regorgeant d\u2019art urbain, dont un panneau sur lequel on peut lire\u00a0: \u201c<i>Spoiler, TU VAS MOURIR<\/i>\u201d. Quelque 200 migrants de diff\u00e9rents pays vivent comme des squatteurs dans ce qui \u00e9tait autrefois un abattoir et un mus\u00e9e d\u00e9saffect\u00e9s. Des \u0153uvres d\u2019art, notamment d\u2019immenses fresques murales complexes r\u00e9alis\u00e9es par certains des meilleurs artistes italiens, recouvrent les murs en ciment de l\u2019ancienne usine \u00e0 viande. \u00c0 l\u2019entr\u00e9e, parodie du panneau d\u2019Hollywood \u00e0 Los Angeles, on peut lire en grosses lettres le mot \u201c<i>PET<\/i>\u201d.<\/p>\n<blockquote class=\"spip\">\n<p>\u201c<i>Depuis toutes ces ann\u00e9es que je milite, je perds chaque jour un peu plus l\u2019espoir \u2014 si tant est que j\u2019en aie jamais eu \u2014 en nos institutions et nos dirigeants, les entreprises, les \u00e9lus, les banques, peu importe, qui pourraient nous venir en aide<\/i>\u201d, m\u2019a dit Greta Thunberg. \u201c<i>Ce sont eux qui nous ont mis dans cette situation. Le syst\u00e8me n\u2019est pas d\u00e9faillant. Il est con\u00e7u pour \u00eatre destructeur. \u00c0 mon avis, il est con\u00e7u pour cr\u00e9er des structures de pouvoir in\u00e9galitaires. Il est con\u00e7u pour maintenir certaines personnes dans l\u2019oppression. Il est con\u00e7u pour percevoir la nature comme une r\u00e9alit\u00e9 lointaine et inaccessible, afin de pouvoir mieux l\u2019exploiter. Pour opprimer les gens, il faut d\u2019abord les d\u00e9shumaniser. La seule issue est de reprendre le pouvoir, d\u2019o\u00f9 ma pr\u00e9sence ici pour soutenir les <a target=\"_blank\" href=\"https:\/\/peoplesdispatch.org\/2025\/11\/29\/italy-holds-third-general-strike-in-three-months-against-war-budget-and-for-palestine\/\" class=\"spip_out\" rel=\"external\">travailleurs en gr\u00e8ve<\/a> en Italie. C\u2019est un exemple clair et typique de ce qui se passe lorsque les gens reprennent le pouvoir et montrent o\u00f9 il se trouve r\u00e9ellement<\/i>\u201d.<\/p>\n<\/blockquote>\n<p>\u00c1vila a organis\u00e9 la Freedom Flotilla Coalition et la nouvelle Global Sumud Flotilla. Il faisait partie de l\u2019\u00e9quipage du <a target=\"_blank\" href=\"https:\/\/freedomflotilla.org\/2025-madleen-mission\/\" class=\"spip_out\" rel=\"external\">Madleen<\/a>, un bateau qui a pris la mer en juin 2025 avec, entre autres, Greta Thunberg et <a target=\"_blank\" href=\"https:\/\/www.facebook.com\/aljazeera\/videos\/french-lawmaker-beaten-by-israeli-police-quotable\/1888681382078518\/\" class=\"spip_out\" rel=\"external\">Rima Hassan<\/a>, une d\u00e9put\u00e9e franco-palestinienne du Parlement europ\u00e9en battue par des gardiens de prison isra\u00e9liens.<\/p>\n<p>Le Madleen a \u00e9t\u00e9 intercept\u00e9 par la marine isra\u00e9lienne dans les eaux internationales, puis remorqu\u00e9 jusqu\u2019au port d\u2019Ashdod, en Isra\u00ebl. \u00c1vila a \u00e9t\u00e9 d\u00e9tenu \u00e0 l\u2019isolement dans la prison d\u2019Ayalon, o\u00f9 il a particip\u00e9 \u00e0 une gr\u00e8ve de la faim totale jusqu\u2019\u00e0 son expulsion.<\/p>\n<blockquote class=\"spip\">\n<p>\u201c<i>J\u2019ai fait tellement de tentatives infructueuses que je ne les compte plus<\/i>\u201d, m\u2019a confi\u00e9 \u00c1vila. \u201c<i>J\u2019ai \u00e9t\u00e9 sur des bateaux qui ont malheureusement \u00e9t\u00e9 bombard\u00e9s. J\u2019ai \u00e9t\u00e9 sur des bateaux qui ont \u00e9t\u00e9 sabot\u00e9s. Des bateaux qui ont \u00e9chou\u00e9 face \u00e0 la bureaucratie de pays sous la pression d\u2019Isra\u00ebl. Nous essayons depuis des ann\u00e9es de briser ce terrible si\u00e8ge. Dix-huit ans. Les deux derni\u00e8res fois, j\u2019\u00e9tais avec Greta. J\u2019ai failli atteindre Gaza \u00e0 deux reprises<\/i>\u201d.<\/p>\n<\/blockquote>\n<p>Pendant son incarc\u00e9ration, a-t-il d\u00e9clar\u00e9, les gardes isra\u00e9liens l\u2019ont frapp\u00e9 \u00e0 coups de pied et lui ont cogn\u00e9 la t\u00eate contre le sol. Ils l\u2019ont interrog\u00e9 pendant des heures pour tenter d\u2019obtenir des informations sur les flottilles, tandis qu\u2019un garde le mena\u00e7ait d\u2019un fusil. Ils ont \u00e9galement envoy\u00e9 des chiens d\u2019attaque dans sa cellule. Ils l\u2019ont constamment transf\u00e9r\u00e9 d\u2019une cellule \u00e0 l\u2019autre. Ils l\u2019ont \u00e9galement r\u00e9veill\u00e9 \u00e0 plusieurs reprises pendant la nuit.<\/p>\n<blockquote class=\"spip\">\n<p>\u2014 \u201c<i>Combien de pays avez-vous r\u00e9ussi \u00e0 mobiliser\u00a0?<\/i>\u201d ont demand\u00e9 les policiers isra\u00e9liens \u00e0 \u00c1vila.<br \/>\n<br \/>\u2014\u00a0\u201c<i>Qui sont les repr\u00e9sentants de ces pays\u00a0?<\/i>\u201d, ont-ils voulu savoir.<\/p>\n<p>\u201c<i>Je ne vous donnerai aucune information qui mette quiconque en danger<\/i>\u201d, leur a r\u00e9pondu \u00c1vila. \u201c<i>Mais vous pouvez v\u00e9rifier tout ce qui est public sur notre site web. Nous sommes tr\u00e8s transparents<\/i>\u201d.<\/p>\n<p>\u2014\u00a0\u201c<i>Regardez ce que vous faites subir \u00e0 votre peuple<\/i>\u201d, ont ironis\u00e9 les gardiens. \u2014 \u201c<i>Regardez tout l\u2019argent que vous avez d\u00e9pens\u00e9, tout l\u2019argent gaspill\u00e9. Pensez \u00e0 tout ce que vous auriez pu faire avec cet argent\u00a0!<\/i>\u201d<\/p>\n<\/blockquote>\n<p>\u201c<i>Pourquoi faites-vous cela\u00a0?<\/i>\u201d demandaient invariablement les enqu\u00eateurs de l\u2019arm\u00e9e, les agents des services du renseignement et les juges isra\u00e9liens.<\/p>\n<blockquote class=\"spip\">\n<p>\u201c<i>Parce que, depuis 80 ans, vous perp\u00e9trez un g\u00e9nocide et un nettoyage ethnique<\/i>\u201d, r\u00e9pondait-il. \u201c<i>Vous avez mis en place un \u00c9tat colonial et d\u2019apartheid. Vous gouvernez cette terre non pas au nom d\u2019une religion, mais au nom d\u2019une id\u00e9ologie raciste et supr\u00e9maciste\u00a0: le sionisme<\/i>\u201d.<\/p>\n<p>\u2014\u00a0\u201c<i>Quelle a \u00e9t\u00e9 leur r\u00e9action\u00a0?<\/i>\u201d lui ai-je demand\u00e9.<br \/>\n<br \/>\u2014\u00a0\u201c<i>Ils d\u00e9testent \u00e7a<\/i>\u201d, a-t-il r\u00e9pondu.<\/p>\n<p>\u201c<i>La plupart des membres du gouvernement isra\u00e9lien voulaient nous faire sortir de l\u00e0 au plus vite la derni\u00e8re fois que nous avons \u00e9t\u00e9 d\u00e9tenus<\/i>\u201d, a racont\u00e9 \u00c1vila. \u201c<i>La situation \u00e9tait d\u00e9sastreuse en termes de relations publiques. Mais Itamar Ben-Gvir, le ministre de la S\u00e9curit\u00e9 nationale \u2014 qui g\u00e8re le syst\u00e8me p\u00e9nitentiaire isra\u00e9lien\u00a0\u2014, ne voulait pas nous laisser partir. Il voulait nous punir. Il voulait faire une d\u00e9claration politique. Il y a eu un conflit interne. Finalement, ils ont pr\u00e9f\u00e9r\u00e9 se d\u00e9barrasser de nous.<\/i><\/p>\n<p>La solidarit\u00e9 internationale devrait prendre ses responsabilit\u00e9s et agir en faveur de la cause palestinienne. Nous devons avoir un impact plus fort. Et cette fois, nous y sommes parvenus. Nous avions essay\u00e9 de partir avec le Madleen les cinq mois pr\u00e9c\u00e9dents. Nous avons tent\u00e9 trois autres missions qui ont \u00e9chou\u00e9. Et pour \u00eatre honn\u00eate, personne n\u2019en a pratiquement rien su\u201d.<\/p>\n<\/blockquote>\n<p>Lors d\u2019une de ces missions qui ont \u00e9chou\u00e9, peu apr\u00e8s minuit le 1er mai 2025, \u00e0 20 milles au large des c\u00f4tes de Malte, l\u2019un des bateaux de la flottille, le Conscience, immatricul\u00e9 sous le pavillon de Palau, a \u00e9t\u00e9 <a target=\"_blank\" href=\"https:\/\/timesofmalta.com\/article\/conscience-blast-external-strike-loitering-munition-experts-think.1109210\" class=\"spip_out\" rel=\"external\">touch\u00e9<\/a> par des missiles lanc\u00e9s depuis deux drones. Les missiles semblaient viser les g\u00e9n\u00e9rateurs du navire. Les frappes ont provoqu\u00e9 un incendie et une br\u00e8che dans la coque. La communication avec le navire a \u00e9t\u00e9 perdue.<\/p>\n<p>Il transportait des fournitures humanitaires.<\/p>\n<blockquote class=\"spip\">\n<p>\u201c<i>L\u2019Union europ\u00e9enne n\u2019a pas condamn\u00e9 l\u2019attaque\u201d, m\u2019a dit \u00c1vila \u00e0 propos de cette frappe. \u201cCe fut une dure d\u00e9faite pour nous. Mais nous savions que nous devions pers\u00e9v\u00e9rer. Nous n\u2019avions plus de grands bateaux. Tout ce que nous restait, c\u2019\u00e9tait un petit bateau pour douze personnes. Il ne pouvait transporter qu\u2019une cargaison symbolique d\u2019aide humanitaire. Mais c\u2019est \u00e0 ce moment-l\u00e0 que le monde entier a commenc\u00e9 \u00e0 pr\u00eater attention \u00e0 notre cause. La mobilisation en notre faveur a \u00e9t\u00e9 \u00e9norme<\/i>\u201d.<\/p>\n<\/blockquote>\n<p>Mais le risque que les attaques isra\u00e9liennes tournent au drame est toujours \u00e9lev\u00e9.<\/p>\n<p>En mai 2010, le Mavi Marmara, avec \u00e0 son bord des militants et de l\u2019aide humanitaire, a \u00e9t\u00e9 <a target=\"_blank\" href=\"https:\/\/www.aljazeera.com\/news\/2016\/7\/21\/remembering-the-mavi-marmara-victims\" class=\"spip_out\" rel=\"external\">attaqu\u00e9<\/a> par des commandos navals isra\u00e9liens dans les eaux internationales alors qu\u2019il se dirigeait vers Gaza. Neuf personnes, dont huit citoyens turcs et un Turco-Am\u00e9ricain, ont \u00e9t\u00e9 <a target=\"_blank\" href=\"https:\/\/www.aljazeera.com\/features\/2020\/5\/30\/a-decade-has-passed-but-the-mavi-marmara-killings-i-saw-still-shape-me\" class=\"spip_out\" rel=\"external\">tu\u00e9es<\/a> par les forces isra\u00e9liennes, qui ont affirm\u00e9 avoir \u00e9t\u00e9 attaqu\u00e9es par des militants arm\u00e9s de b\u00e2tons et de couteaux. Vingt-quatre autres personnes ont \u00e9t\u00e9 <a target=\"_blank\" href=\"https:\/\/www.amnesty.org.uk\/press-releases\/israeli-inquiry-gaza-flotilla-deaths-no-more-whitewash\" class=\"spip_out\" rel=\"external\">gravement bless\u00e9es<\/a> par des tirs \u00e0 balles r\u00e9elles des forces isra\u00e9liennes.<\/p>\n<blockquote class=\"spip\">\n<p>\u201c<i>J\u2019ai 39 ans et je me consacre aux luttes sociales en tant qu\u2019internationaliste depuis 21 ans<\/i>\u201d, a d\u00e9clar\u00e9 \u00c1vila. \u201c<i>La Palestine a toujours fait partie de mon engagement. Je suis d\u00e9j\u00e0 all\u00e9 en Palestine. La Palestine est la cause la plus embl\u00e9matique de notre g\u00e9n\u00e9ration. Elle symbolise tout\u00a0: la lutte contre l\u2019exploitation, l\u2019oppression et la destruction de la nature. Le m\u00eame syst\u00e8me qui se rend coupable d\u2019un g\u00e9nocide en Palestine commet des g\u00e9nocides au Soudan et au Congo. Le m\u00eame syst\u00e8me commet un \u00e9cocide au Br\u00e9sil et contre les \u00e9cosyst\u00e8mes de cette plan\u00e8te. Si nous pouvons vaincre l\u2019imp\u00e9rialisme et le sionisme en Palestine, nous pourrons les vaincre partout<\/i>\u201d.<\/p>\n<\/blockquote>\n<p>La veille de notre entretien, \u00e0 21 heures, \u00c1vila se trouvait dans sa chambre d\u2019h\u00f4tel lorsqu\u2019il a entendu frapper \u00e0 sa porte.<\/p>\n<blockquote class=\"spip\">\n<p>\u201c<i>J\u2019ai cru que c\u2019\u00e9tait Greta qui m\u2019apportait \u00e0 manger<\/i>\u201d, a-t-il racont\u00e9. \u201c<i>Mais c\u2019\u00e9tait la police. Ils n\u2019ont pas \u00e9t\u00e9 violents. Ils ont d\u00e9j\u00e0 \u00e9t\u00e9 plus durs avec moi ici. Ils sont entr\u00e9s. Ils ont fouill\u00e9 la chambre, les placards, tout. Ils m\u2019ont interrog\u00e9 sur mes projets. Ils ne se pr\u00e9occupaient pas vraiment de la gr\u00e8ve ou de la mobilisation. Ils voulaient en savoir plus sur les Flottilles. Ils voulaient tout savoir sur les bateaux. Chaque fois que je me rends en Italie, la police et les services de s\u00e9curit\u00e9 ne cessent de me poser la m\u00eame question\u00a0: \u2018Des bateaux sont-ils attendus\u00a0? Des bateaux vont-ils arriver ici\u00a0?\u2019 \u2018Nous n\u2019avons pas de mission en cours pour le moment\u2019. Je suppose qu\u2019ils le savaient. Nous pr\u00e9parons une grande manifestation en Italie, c\u2019est donc aussi un moyen pour eux d\u2019essayer de nous intimider et de montrer leur pr\u00e9sence, car, tr\u00e8s franchement, ils savent \u00e0 quel point nous sommes transparents. Nos missions sont toujours port\u00e9es \u00e0 la connaissance du public. Si une mission se pr\u00e9parait, ils le sauraient. Ils n\u2019ont pas besoin de venir frapper \u00e0 ma porte au milieu de la nuit.<\/i><\/p>\n<p>Chaque fois que des luttes anticolonialistes et anti-imp\u00e9rialistes sont men\u00e9es, la victoire finale ne se fait pas en un clic\u201d, a poursuivi \u00c1vila. \u201c<i>C\u2019est tout un processus. Nous ne savons jamais quand le syst\u00e8me va s\u2019effondrer. Quand cela arrivera, nous ne serons pas pris au d\u00e9pourvu. Nous devons continuer \u00e0 nous battre jusqu\u2019\u00e0 ce que le sionisme ait disparu, et alors nous pourrons avancer. Ou du moins, quand il sera suffisamment affaibli pour que la voie du changement se pr\u00e9sente. C\u2019est l\u00e0 que nous saurons qu\u2019il a disparu. Nous devons continuer jusqu\u2019au jour o\u00f9 le co\u00fbt politique de notre interception sera trop \u00e9lev\u00e9 pour eux et o\u00f9 ils n\u2019auront d\u2019autre choix que de faire marche arri\u00e8re<\/i>\u201d.<\/p>\n<\/blockquote>\n<p>Je lui ai demand\u00e9 s\u2019il a des h\u00e9ros politiques.<\/p>\n<blockquote class=\"spip\">\n<p>\u201c<i>J\u2019ai re\u00e7u une \u00e9ducation marxiste<\/i>\u201d, m\u2019a r\u00e9pondu \u00c1vila. \u201c<i>Nous avons beaucoup \u00e0 apprendre de l\u2019histoire des r\u00e9volutions. Sans aucun doute, Che Guevara. Rosa Luxemburg. Marx. Engels. Nous sommes en Italie, donc Antonio Gramsci. Les luttes anticoloniales comptent beaucoup de personnes remarquables. Thomas Sankara. Frantz Fanon. Nelson Mandela.<\/i><\/p>\n<p>Beaucoup de femmes et d\u2019hommes ont men\u00e9 des actions directes non violentes, des actions admirablement inspirantes. Mahatma Gandhi, par exemple. Martin Luther King Jr., Rosa Parks. Ce sont autant de r\u00e9f\u00e9rences. Ce sont des r\u00e9f\u00e9rences. Ils nous font gagner du temps. Nous \u00e9vitons ainsi de reproduire leurs erreurs. Ils ont d\u00e9fendu une cause et l\u2019ont transmise. Ne pas s\u2019en saisir serait une erreur majeure. Nous ne pouvons pas nous permettre d\u2019\u00eatre paresseux. Nous devons apprendre\u201d.<\/p>\n<\/blockquote>\n<p>Les dockers italiens <a target=\"_blank\" href=\"https:\/\/www.politico.eu\/article\/docworkers-italy-israel-trade-flotilla-gaza-aid-europe-arms-shipment\/\" class=\"spip_out\" rel=\"external\">ont menac\u00e9<\/a> Isra\u00ebl d\u2019un blocus total du commerce si ce dernier devait s\u2019en prendre aux 462 militants, parlementaires et avocats \u00e0 bord des 42 navires <a target=\"_blank\" href=\"https:\/\/globalsumudflotilla.org\/mission-overview\/\" class=\"spip_out\" rel=\"external\">tentant<\/a> de briser le <a target=\"_blank\" href=\"https:\/\/imeu.org\/resources\/resources\/fact-sheet-legal-status-of-israels-siege-blockade-of-gaza\/152\" class=\"spip_out\" rel=\"external\">blocus<\/a> isra\u00e9lien. Lorsque Greta Thunberg a appris cette marque de solidarit\u00e9 des dockers alors qu\u2019elle se trouvait \u00e0 bord de la flottille, elle a fondu en larmes.<\/p>\n<p>Isra\u00ebl a intercept\u00e9 tous les bateaux et arr\u00eat\u00e9 tous les membres d\u2019\u00e9quipage. La plupart des militants ont \u00e9t\u00e9 <a target=\"_blank\" href=\"https:\/\/www.theguardian.com\/world\/2025\/oct\/04\/greta-thunberg-israel-gaza-sweden\" class=\"spip_out\" rel=\"external\">d\u00e9tenus<\/a> dans la prison de Ktzi\u2019ot, \u00e9galement connue sous le nom d\u2019<a target=\"_blank\" href=\"https:\/\/samidoun.net\/2020\/12\/remembering-the-intifada-and-its-prisoners-of-freedom-download-ansar-iii-the-camp-of-slow-death\/\" class=\"spip_out\" rel=\"external\">Ansar III<\/a>, un centre de d\u00e9tention de haute s\u00e9curit\u00e9 situ\u00e9 dans le d\u00e9sert du N\u00e9guev et <a target=\"_blank\" href=\"https:\/\/www.972mag.com\/israel-torture-camp-gaza-detainees\/\" class=\"spip_out\" rel=\"external\">r\u00e9serv\u00e9<\/a> aux Palestiniens, dont beaucoup sont accus\u00e9s par Isra\u00ebl d\u2019\u00eatre impliqu\u00e9s dans des activit\u00e9s militantes ou terroristes. Ils \u00e9taient entass\u00e9s dans des cellules abritant souvent une douzaine de personnes ou plus, et dormaient sur des matelas pos\u00e9s \u00e0 m\u00eame le sol.<\/p>\n<p>Je me suis assis \u00e0 une petite table avec Greta Thunberg dans l\u2019ancien abattoir. Nous \u00e9tions emmitoufl\u00e9s dans nos grosses vestes d\u2019hiver.<\/p>\n<p>Thunberg \u00e9tait une cible privil\u00e9gi\u00e9e des gardiens de prison isra\u00e9liens qui l\u2019ont frapp\u00e9e, tra\u00een\u00e9e par les cheveux et photographi\u00e9e envelopp\u00e9e dans un drapeau isra\u00e9lien dans le but de l\u2019humilier. Elle a \u00e9t\u00e9 d\u00e9tenue dans une cellule infest\u00e9e de punaises de lit, et a \u00e9t\u00e9 priv\u00e9e de nourriture et d\u2019eau en quantit\u00e9 suffisante.<\/p>\n<p>Je lui ai demand\u00e9 si selon elle, le moment est venu, comme l\u2019a d\u00e9clar\u00e9 le cofondateur d\u2019Extinction Rebellion, <a target=\"_blank\" href=\"https:\/\/chrishedges.substack.com\/p\/burn-the-planet-and-lock-up-the-dissidents\" class=\"spip_out\" rel=\"external\">Roger Hallam<\/a>, de prendre des risques plus importants, y compris de longues peines de prison. Hallam a \u00e9t\u00e9 condamn\u00e9 \u00e0 cinq ans de prison au Royaume-Uni pour son r\u00f4le dans la fermeture de l\u2019autoroute M25 autour de Londres.<\/p>\n<blockquote class=\"spip\">\n<p>\u201c<i>Le tribut personnel est diff\u00e9rent pour chacun<\/i>\u201d, a d\u00e9clar\u00e9 Greta Thunberg. \u201c<i>Pour certains, descendre dans la rue avec une pancarte, c\u2019est risquer sa vie. Ce n\u2019est pas mon cas. Je suis contrainte de faire face \u00e0 la r\u00e9pression, d\u2019\u00eatre calomni\u00e9e dans les m\u00e9dias, et, dans le pire des cas, de finir en prison. Et en tant que Su\u00e9doise blanche, je ne subis pas le pire. Nous devons donc tous tenir compte des risques individuels en termes de sacrifices, mais ceux-ci diff\u00e8rent d\u2019une personne \u00e0 l\u2019autre. Cependant, je suis convaincue que nous devons sortir de notre zone de confort, accepter les sacrifices et rendre hommage \u00e0 tous ceux qui se sont sacrifi\u00e9s jusqu\u2019\u00e0 pr\u00e9sent. Car sans eux, la situation serait bien pire.<\/i><\/p>\n<p>Nous n\u2019avons eu qu\u2019un bref aper\u00e7u de ce que vivent les d\u00e9tenus palestiniens\u201d, a ajout\u00e9 Thunberg \u00e0 propos de son s\u00e9jour en prison en Isra\u00ebl. \u201c<i>Des milliers de Palestiniens, dont des centaines d\u2019<a target=\"_blank\" href=\"https:\/\/saba.ye\/en\/news3623335.htm\" class=\"spip_out\" rel=\"external\">enfants<\/a>, sont enferm\u00e9s dans des cachots isra\u00e9liens o\u00f9 ils sont tr\u00e8s probablement tortur\u00e9s. De plus en plus de t\u00e9moins relatent cette r\u00e9alit\u00e9. La plupart d\u2019entre nous b\u00e9n\u00e9ficierons toujours de privil\u00e8ges li\u00e9s \u00e0 notre passeport. Nous avons eu la chance de b\u00e9n\u00e9ficier d\u2019une couverture m\u00e9diatique et de soutiens diplomatiques, ce dont ils ne disposent pas.<\/i><\/p>\n<p>Nous ne sommes pas les seuls concern\u00e9s par la Flottille\u201d, a d\u00e9clar\u00e9 Greta. \u201c<i>La Flottille est une prise de position politique autant qu\u2019une mission humanitaire, mais avant tout une d\u00e9marche politique. C\u2019est une nouvelle fa\u00e7on de briser le blocus<\/i>\u201d.<\/p>\n<\/blockquote>\n<p>Beatrice Lio, une capitaine italienne, a skipp\u00e9 un sloop monocoque d\u2019environ 12 m\u00e8tres dans la flottille. Je l\u2019ai rencontr\u00e9e en Italie. Elle <a target=\"_blank\" href=\"https:\/\/thousandmadleens.org\/\" class=\"spip_out\" rel=\"external\">collecte des fonds<\/a> pour la prochaine exp\u00e9dition.<\/p>\n<p>Son bateau a \u00e9t\u00e9 intercept\u00e9 \u00e0 un peu plus de 200 km de Gaza, une heure avant l\u2019aube. La pleine lune venait de se coucher. Elle a \u00e9t\u00e9 encercl\u00e9e par des bateaux militaires \u00e9quip\u00e9s de gyrophares. L\u2019un des bateaux isra\u00e9liens a heurt\u00e9 son navire. Des soldats lourdement arm\u00e9s et le visage masqu\u00e9 sont mont\u00e9s \u00e0 bord et ont pris le contr\u00f4le de son navire. Ils ont ordonn\u00e9 aux neuf personnes pr\u00e9sentes \u00e0 bord de s\u2019asseoir sur le pont, les mains en l\u2019air. Ils ont arrach\u00e9 le drapeau palestinien. Ils ont saccag\u00e9 le contenu du navire et d\u00e9truit le mat\u00e9riel de communication. Les militants ont \u00e9t\u00e9 transf\u00e9r\u00e9s sur un bateau militaire puis emmen\u00e9s au port isra\u00e9lien d\u2019Ashdod. Le bateau, comme tous ceux de la flottille, a \u00e9t\u00e9 saisi.<\/p>\n<blockquote class=\"spip\">\n<p>\u201c<i>Nous avons \u00e9t\u00e9 contraints de nous agenouiller sur le sol en ciment et d\u2019attendre d\u2019\u00eatre appel\u00e9s<\/i>\u201d, a-t-elle d\u00e9clar\u00e9 \u00e0 propos de son arriv\u00e9e en Isra\u00ebl. \u201c<i>Nous avons \u00e9t\u00e9 fouill\u00e9s \u00e0 nu. Ils ont confisqu\u00e9 toutes nos affaires. Ils ont photographi\u00e9 nos passeports, pris nos empreintes digitales et photographi\u00e9 nos visages. Je crois avoir \u00e9t\u00e9 pr\u00e9sent\u00e9e \u00e0 un juge, mais je ne suis pas s\u00fbre<\/i>\u201d.<\/p>\n<\/blockquote>\n<p>Les militants avaient les yeux band\u00e9s et \u00e9taient menott\u00e9s. Ils ont \u00e9t\u00e9 transf\u00e9r\u00e9s \u00e0 la prison de Ktz\u2019iot dans un camion, o\u00f9 chacun \u00e9tait enferm\u00e9 dans une minuscule cage m\u00e9tallique individuelle. Il faisait froid, d\u2019autant que tous \u00e9taient en tee-shirt. Le trajet a dur\u00e9 trois heures. Ils sont rest\u00e9s deux jours \u00e0 Ktz\u2019iot avant d\u2019\u00eatre transf\u00e9r\u00e9s au centre de d\u00e9tention de Hadarim, entre Tel-Aviv et J\u00e9rusalem. Ils y ont \u00e9t\u00e9 incarc\u00e9r\u00e9s cinq jours. Certains ont \u00e9t\u00e9 plac\u00e9s en isolement.<\/p>\n<blockquote class=\"spip\">\n<p>\u201c<i>Ce sont eux qui ont \u00e9t\u00e9 le plus maltrait\u00e9s<\/i>\u201d, a d\u00e9clar\u00e9 Lio \u00e0 propos des personnes plac\u00e9es en isolement. \u201c<i>Je n\u2019\u00e9tais pas parmi eux. Ceux qui se trouvaient \u00e0 l\u2019isolement ont \u00e9t\u00e9 tortur\u00e9s. Ils ont \u00e9t\u00e9 battus \u00e0 coups de b\u00e2ton. Les gardes se sont assis sur leur visage jusqu\u2019\u00e0 ce que leurs yeux deviennent bleus. Ils ont \u00e9t\u00e9 menott\u00e9s si serr\u00e9 que leur peau a saign\u00e9. On a refus\u00e9 des serviettes hygi\u00e9niques aux femmes qui avaient leurs r\u00e8gles et des m\u00e9dicaments \u00e0 celles qui en avaient besoin.<\/i><\/p>\n<p>Ils hurlaient que nous \u00e9tions des criminels\u201d, m\u2019 a-t-elle racont\u00e9. \u201c<i>Ils ne reconnaissaient pas nous avoir kidnapp\u00e9s. Ils disaient\u00a0: \u2018Vous venez en Isra\u00ebl d\u00e9truire notre pays\u00a0! Voil\u00e0 ce que vous m\u00e9ritez\u00a0!\u2019 Ils ne cessaient de parler du 7 octobre. Ils nous ont forc\u00e9s \u00e0 regarder des vid\u00e9os de propagande sur le 7 octobre<\/i>\u201d.<\/p>\n<\/blockquote>\n<p>Elle et les autres militants entendaient fr\u00e9quemment des cris. Ils ont suppos\u00e9 qu\u2019il s\u2019agissait de Palestiniens interrog\u00e9s et tortur\u00e9s. Ils ont \u00e9t\u00e9 r\u00e9veill\u00e9s toutes les heures ou toutes les heures et demie pendant la nuit.<\/p>\n<blockquote class=\"spip\">\n<p>\u201c<i>Ils frappaient \u00e0 la porte<\/i>\u201d, a d\u00e9clar\u00e9 Lio. \u201c<i>Ils mettaient la musique \u00e0 fond. Ils braquaient des torches sur nos visages. Ils nous for\u00e7aient \u00e0 nous lever et \u00e0 r\u00e9p\u00e9ter notre nom. Je suis petite. Ils m\u2019ont donn\u00e9 des v\u00eatements trop grands pour que je ne puisse pas marcher facilement.<\/i><\/p>\n<p>Ils nous ont trait\u00e9s comme des \u00eatres humains, certes comme des criminels, mais comme des \u00eatres humains\u201d, a-t-elle poursuivi. \u201c<i>Mais quand ils parlaient des Palestiniens, ils n\u2019en parlaient pas comme d\u2019\u00eatres humains. Ils disaient\u00a0: \u2018J\u2019en ai tu\u00e9 tellement \u00e0 Gaza\u00a0!\u2019 Ils le disaient avec jubilation et fiert\u00e9. Il y avait une immense photo de la prison de Gaza en ruines. \u00c0 c\u00f4t\u00e9 \u00e9tait \u00e9crit\u00a0: \u2018La nouvelle Gaza\u2019. Ils s\u2019en vantaient comme si c\u2019\u00e9tait la plus belle des photos, alors qu\u2019il s\u2019agissait litt\u00e9ralement de tas de terre et de gravats<\/i>\u201d.<\/p>\n<\/blockquote>\n<p>Plusieurs militants ont commenc\u00e9 une gr\u00e8ve de la faim.<\/p>\n<blockquote class=\"spip\">\n<p>\u201c<i>Le plus d\u00e9chirant \u00e9tait d\u2019\u00eatre si proche des Palestiniens et en m\u00eame temps incapables d\u2019arr\u00eater ne serait-ce qu\u2019une seconde toute cette violence<\/i>\u201d, a d\u00e9clar\u00e9 Lio.<\/p>\n<\/blockquote>\n<p>Aucun pays, \u00e0 l\u2019exception du Y\u00e9men et du Liban, n\u2019a fait le moindre effort pour mettre fin au g\u00e9nocide. Les \u00c9tats-Unis et les pays europ\u00e9ens ont fourni \u00e0 Isra\u00ebl des milliards de dollars d\u2019armes \u2014 les \u00c9tats-Unis ont <a target=\"_blank\" href=\"https:\/\/costsofwar.watson.brown.edu\/paper\/AidToIsrael\" class=\"spip_out\" rel=\"external\">fourni<\/a> \u00e0 eux seuls 21,7 milliards de dollars \u00e0 Isra\u00ebl depuis le 7 octobre \u2014 pour financer cette tuerie g\u00e9n\u00e9ralis\u00e9e. Ces pays ont criminalis\u00e9 celles et ceux qui protestent contre le g\u00e9nocide, comme les membres de <a target=\"_blank\" href=\"https:\/\/www.cnn.com\/2026\/01\/14\/uk\/palestine-action-uk-hunger-strikers-intl\" class=\"spip_out\" rel=\"external\">Palestine Action<\/a>, dont plusieurs se trouvent dans un \u00e9tat physique critique apr\u00e8s une gr\u00e8ve de la faim prolong\u00e9e en prison. Ils ont musel\u00e9 la libert\u00e9 d\u2019expression dans les m\u00e9dias et sur les campus universitaires. Ils soutiendront Isra\u00ebl jusqu\u2019\u00e0 l\u2019ach\u00e8vement de la phase finale du g\u00e9nocide, \u00e0 savoir la d\u00e9portation massive des Palestiniens de Gaza. Et maintenant, c\u2019est \u00e0 nous d\u2019agir. Si nous \u00e9chouons, l\u2019\u00c9tat de droit dispara\u00eetra. Le g\u00e9nocide deviendra alors un instrument suppl\u00e9mentaire dans l\u2019arsenal des nations industrialis\u00e9es, et les Palestiniens seront une fois de plus trahis.<\/p>\n<p>Les Flottilles ne font pas seulement vivre la r\u00e9sistance, elles font aussi perdurer l\u2019espoir.<\/p>\n<p><strong>Chris Hedges<\/strong><\/p>\n<p><i>Traduit par <a target=\"_blank\" href=\"https:\/\/ssofidelis.substack.com\/p\/la-flottille-pour-gaza-ou-la-conscience\" class=\"spip_out\" rel=\"external\">Spirit of Free Speech<\/a><\/i><\/p>\n<\/div>\n<p><br \/>\n<br \/><a href=\"https:\/\/www.legrandsoir.info\/la-flottille-pour-gaza-ou-la-conscience-du-monde.html\" target=\"_blank\"\">Source link <\/a><\/p>\n","protected":false},"excerpt":{"rendered":"<p>Rome, Italie \u2014 En avril 2026, une nouvelle Flottille tentera de briser le blocus isra\u00e9lien impos\u00e9 \u00e0 Gaza depuis 18 ans. Cette mission sera la plus grande mobilisation maritime jamais&hellip; <\/p>\n","protected":false},"author":1,"featured_media":22537,"comment_status":"open","ping_status":"open","sticky":false,"template":"","format":"standard","meta":{"footnotes":""},"categories":[1],"tags":[],"class_list":["post-22536","post","type-post","status-publish","format-standard","has-post-thumbnail","hentry","category-non-classe"],"_links":{"self":[{"href":"https:\/\/monde25.info\/index.php\/wp-json\/wp\/v2\/posts\/22536","targetHints":{"allow":["GET"]}}],"collection":[{"href":"https:\/\/monde25.info\/index.php\/wp-json\/wp\/v2\/posts"}],"about":[{"href":"https:\/\/monde25.info\/index.php\/wp-json\/wp\/v2\/types\/post"}],"author":[{"embeddable":true,"href":"https:\/\/monde25.info\/index.php\/wp-json\/wp\/v2\/users\/1"}],"replies":[{"embeddable":true,"href":"https:\/\/monde25.info\/index.php\/wp-json\/wp\/v2\/comments?post=22536"}],"version-history":[{"count":0,"href":"https:\/\/monde25.info\/index.php\/wp-json\/wp\/v2\/posts\/22536\/revisions"}],"wp:featuredmedia":[{"embeddable":true,"href":"https:\/\/monde25.info\/index.php\/wp-json\/wp\/v2\/media\/22537"}],"wp:attachment":[{"href":"https:\/\/monde25.info\/index.php\/wp-json\/wp\/v2\/media?parent=22536"}],"wp:term":[{"taxonomy":"category","embeddable":true,"href":"https:\/\/monde25.info\/index.php\/wp-json\/wp\/v2\/categories?post=22536"},{"taxonomy":"post_tag","embeddable":true,"href":"https:\/\/monde25.info\/index.php\/wp-json\/wp\/v2\/tags?post=22536"}],"curies":[{"name":"wp","href":"https:\/\/api.w.org\/{rel}","templated":true}]}}