{"id":22547,"date":"2026-01-17T17:58:36","date_gmt":"2026-01-17T16:58:36","guid":{"rendered":"https:\/\/monde25.info\/index.php\/2026\/01\/17\/enfin-le-traite-de-protection-de-la-haute-mer-entre-en-vigueur\/"},"modified":"2026-01-17T17:58:36","modified_gmt":"2026-01-17T16:58:36","slug":"enfin-le-traite-de-protection-de-la-haute-mer-entre-en-vigueur","status":"publish","type":"post","link":"https:\/\/monde25.info\/index.php\/2026\/01\/17\/enfin-le-traite-de-protection-de-la-haute-mer-entre-en-vigueur\/","title":{"rendered":"\u00ab\u00a0Enfin\u00a0!\u00a0\u00bb\u00a0: le trait\u00e9 de protection de la haute mer entre en vigueur"},"content":{"rendered":"<p> <br \/>\n<br \/><img loading=\"lazy\" decoding=\"async\" src=\"https:\/\/reporterre.net\/local\/cache-vignettes\/L700xH466\/sea-coast-water-nature-ocean-horizon-848579-pxhere_com-6f271.jpg?1768572469\" class=\"spip_logo\" width=\"700\" height=\"466\" alt=\"\" \/><\/p>\n<p>C&rsquo;est une \u00e9tape \u00ab<small class=\"fine d-inline\">\u00a0<\/small>historique<small class=\"fine d-inline\">\u00a0<\/small>\u00bb pour la protection de l&rsquo;oc\u00e9an, applaudissent les <span class=\"caps\">ONG<\/span> d\u00e9di\u00e9es \u00e0 sa protection. Samedi 17\u00a0janvier, le trait\u00e9 sur la haute mer (<span class=\"caps\">BBNJ<\/span>) entrera officiellement en vigueur. Les eaux internationales \u2014 qui couvrent plus de 60<small class=\"fine d-inline\">\u00a0<\/small>% des oc\u00e9ans, et ne faisaient jusqu&rsquo;\u00e0 pr\u00e9sent l&rsquo;objet d&rsquo;aucune r\u00e9glementation \u2014 disposeront enfin d&rsquo;un cadre juridiquement contraignant, au sein duquel leur sauvegarde pourra \u00eatre n\u00e9goci\u00e9e. <br class=\"autobr\" \/><br \/>\nCe trait\u00e9 faisait l&rsquo;objet d&rsquo;\u00e2pres n\u00e9gociations depuis le\u00a0(\u2026)<\/p>\n<p>                    <a target=\"_blank\" href=\"https:\/\/reporterre.net\/Enfin-le-traite-de-protection-de-la-haute-mer-entre-en-vigueur?utm_source=RSS&amp;utm_medium=RSS\">Lire la suite<\/a><\/p>\n<p>                    &#8211;<br \/>\n                        <a target=\"_blank\" href=\"https:\/\/reporterre.net\/Breves-20\" rel=\"directory\">En bref<\/a><\/p>\n<p>                    \/<br \/>\n                        <a target=\"_blank\" href=\"https:\/\/reporterre.net\/Mers-et-oceans\" rel=\"tag\">Oc\u00e9ans<\/a><br \/>\n<br \/><br \/>\n<br \/><a href=\"https:\/\/reporterre.net\/Enfin-le-traite-de-protection-de-la-haute-mer-entre-en-vigueur\" target=\"_blank\"\">Source link <\/a><\/p>\n","protected":false},"excerpt":{"rendered":"<p>C&rsquo;est une \u00e9tape \u00ab\u00a0historique\u00a0\u00bb pour la protection de l&rsquo;oc\u00e9an, applaudissent les ONG d\u00e9di\u00e9es \u00e0 sa protection. Samedi 17\u00a0janvier, le trait\u00e9 sur la haute mer (BBNJ) entrera officiellement en vigueur. Les&hellip; <\/p>\n","protected":false},"author":1,"featured_media":0,"comment_status":"open","ping_status":"open","sticky":false,"template":"","format":"standard","meta":{"footnotes":""},"categories":[1],"tags":[],"class_list":["post-22547","post","type-post","status-publish","format-standard","hentry","category-non-classe"],"_links":{"self":[{"href":"https:\/\/monde25.info\/index.php\/wp-json\/wp\/v2\/posts\/22547","targetHints":{"allow":["GET"]}}],"collection":[{"href":"https:\/\/monde25.info\/index.php\/wp-json\/wp\/v2\/posts"}],"about":[{"href":"https:\/\/monde25.info\/index.php\/wp-json\/wp\/v2\/types\/post"}],"author":[{"embeddable":true,"href":"https:\/\/monde25.info\/index.php\/wp-json\/wp\/v2\/users\/1"}],"replies":[{"embeddable":true,"href":"https:\/\/monde25.info\/index.php\/wp-json\/wp\/v2\/comments?post=22547"}],"version-history":[{"count":0,"href":"https:\/\/monde25.info\/index.php\/wp-json\/wp\/v2\/posts\/22547\/revisions"}],"wp:attachment":[{"href":"https:\/\/monde25.info\/index.php\/wp-json\/wp\/v2\/media?parent=22547"}],"wp:term":[{"taxonomy":"category","embeddable":true,"href":"https:\/\/monde25.info\/index.php\/wp-json\/wp\/v2\/categories?post=22547"},{"taxonomy":"post_tag","embeddable":true,"href":"https:\/\/monde25.info\/index.php\/wp-json\/wp\/v2\/tags?post=22547"}],"curies":[{"name":"wp","href":"https:\/\/api.w.org\/{rel}","templated":true}]}}