{"id":22548,"date":"2026-01-17T18:31:40","date_gmt":"2026-01-17T17:31:40","guid":{"rendered":"https:\/\/monde25.info\/index.php\/2026\/01\/17\/ils-parlent-fort-pour-que-plus-personne-ne-pense\/"},"modified":"2026-01-17T18:31:40","modified_gmt":"2026-01-17T17:31:40","slug":"ils-parlent-fort-pour-que-plus-personne-ne-pense","status":"publish","type":"post","link":"https:\/\/monde25.info\/index.php\/2026\/01\/17\/ils-parlent-fort-pour-que-plus-personne-ne-pense\/","title":{"rendered":"Ils parlent fort pour que plus personne ne pense"},"content":{"rendered":"<p> <br \/>\n<\/p>\n<div>\n<ol class=\"campaign-loop campaign-list\">\n<li id=\"campaign-482494\" class=\"post-482494 campaign type-campaign status-publish hentry campaign-has-goal campaign-has-achieved-goal campaign-has-end-date campaign-has-not-ended\">\n\t<a target=\"_blank\" href=\"https:\/\/reseauinternational.net\/campaigns\/campagne-de-dons-septembre-octobre-2025\/\"><\/p>\n<h3>Soutenez-nous<\/h3>\n<p>\t\t\t<\/a><\/p>\n<p>\n\tVotre soutien nous est indispensable pour continuer \u00e0 vous fournir le meilleur de l\u2019information internationale alternative. C\u2019est gr\u00e2ce \u00e0 vos dons que nous pourrons maintenir le cap pour une information plurielle et r\u00e9ellement alternative. Nous comptons sur vous.<\/p>\n<\/li>\n<\/ol>\n<p>par <strong>Mounir Kilani<\/strong><\/p>\n<p>Jamais l\u2019espace public occidental n\u2019a \u00e9t\u00e9 aussi satur\u00e9 de discours.<br \/>Jamais les plateaux n\u2019ont autant parl\u00e9.<br \/>Jamais les experts n\u2019ont autant comment\u00e9, analys\u00e9, moralis\u00e9.<br \/>Et pourtant, jamais le r\u00e9el n\u2019a \u00e9t\u00e9 aussi difficile \u00e0 nommer clairement, \u00e0 penser \u00e0 voix haute.<br \/>Ce paradoxe n\u2019est pas un accident.<\/p>\n<p>Il est la nouvelle m\u00e9canique du pouvoir : le spectacle, ce discours ininterrompu que l\u2019ordre pr\u00e9sent tient sur lui-m\u00eame, son monologue \u00e9logieux permanent.<br \/>Il ne se nourrit plus du silence impos\u00e9, mais d\u2019une prolif\u00e9ration de paroles qui noie, submerge, parle \u00e0 ta place \u2013 jusqu\u2019\u00e0 l\u2019asphyxie intellectuelle.<br \/>Nous n\u2019avons plus affaire \u00e0 la censure qui b\u00e2illonne.<br \/><strong>Nous faisons face \u00e0 la censure qui parle pour toi, qui parle avant toi, qui parle plus fort que toi.<\/strong><br \/>Jamais censure n\u2019a \u00e9t\u00e9 plus parfaite.<br \/>L\u2019opinion n\u2019est plus autoris\u00e9e \u00e0 se faire conna\u00eetre quand il s\u2019agit d\u2019un choix qui affecte la vie r\u00e9elle.<\/p>\n<h5 class=\"wp-block-heading\"><strong>La Censure Parlante<\/strong><\/h5>\n<p>La parole est devenue le premier champ de bataille.<br \/>Dans les conflits d\u2019aujourd\u2019hui, la guerre ne commence plus sur le terrain.<br \/>Elle commence sur les plateaux, dans les studios climatis\u00e9s, derri\u00e8re des micros \u00e0 3000 euros.<br \/>\u00c9ditorialistes, experts autoproclam\u00e9s, commentateurs permanents : leur mission n\u2019est pas d\u2019informer.<br \/><strong>Elle est de d\u00e9finir le cadre moral dans lequel le r\u00e9el sera autoris\u00e9 \u00e0 \u00eatre per\u00e7u.<\/strong><br \/>De d\u00e9cider ce qu\u2019il est permis de penser quand on regarde les images des destructions \u2013 car le spectacle n\u2019est pas un ensemble d\u2019images, mais un rapport social entre personnes, m\u00e9diatis\u00e9 par des images.<br \/>La guerre n\u2019est plus une trag\u00e9die.<\/p>\n<p>Elle devient une n\u00e9cessit\u00e9. Une obligation. Parfois m\u00eame un devoir moral.<br \/>Celui qui la soutient est du \u00abbon c\u00f4t\u00e9 de l\u2019Histoire\u00bb.<br \/>Celui qui la questionne devient suspect, complice, tra\u00eetre.<br \/><strong>Le doute, autrefois vertu intellectuelle, est d\u00e9sormais une tache morale, un sceau d\u2019infamie.<\/strong><br \/>Quand la guerre devient posture \u00e9thique, toute critique devient immorale par d\u00e9finition \u2013 le spectacle expose alors l\u2019essence de toute id\u00e9ologie : l\u2019appauvrissement, l\u2019asservissement et la n\u00e9gation de la vie r\u00e9elle.<\/p>\n<h5 class=\"wp-block-heading\"><strong>L\u2019irresponsabilit\u00e9 prot\u00e9g\u00e9e<\/strong><\/h5>\n<p>Les promoteurs de l\u2019escalade ne risquent rien.<br \/>Ils ne seront ni mobilis\u00e9s, ni d\u00e9plac\u00e9s, ni endeuill\u00e9s.<br \/>Ils n\u2019auront jamais \u00e0 gratter la terre pour y descendre un fils de 19 ans, un fr\u00e8re, un voisin.<br \/>Ils peuvent hurler \u00abil faut en finir !\u00bb le matin et commenter un match ou une s\u00e9rie le soir.<br \/>La mort qu\u2019ils c\u00e9l\u00e8brent n\u2019entre jamais dans leur salon.<br \/><strong>Ils ont le luxe de l\u2019indignation sans le prix du sang.<\/strong><br \/>C\u2019est leur irresponsabilit\u00e9 fondamentale.<br \/><strong>Non pas une faute personnelle, mais une irresponsabilit\u00e9 institutionnelle du spectacle.<\/strong><br \/>La guerre moderne a invent\u00e9 une figure nouvelle :<br \/><strong>le combattant verbal \u00e0 risque z\u00e9ro.<\/strong><\/p>\n<p>Il peut appeler \u00e0 la guerre, se tromper, soutenir des strat\u00e9gies d\u00e9sastreuses \u2013 sans jamais en payer le prix ni rendre de comptes.<\/p>\n<p>Il d\u00e9clare la guerre depuis un studio climatis\u00e9\u2026 et rentre d\u00eener avec ses enfants \u2013<br \/>pendant que, sur un plateau du soir, un \u00e9ditorialiste chevronn\u00e9 mart\u00e8le que \u00abl\u2019escalade est in\u00e9vitable\u00bb et que \u00abnous devons frapper plus fort\u00bb \u2013 avant de passer au commentaire d\u2019un match de foot ou d\u2019une s\u00e9rie Netflix, sans que sa vie, son quartier ou son avenir familial n\u2019en soient jamais affect\u00e9s.<br \/>\u2013 pendant que le spectacle organise partout l\u2019incertitude et la fausse conscience du temps.<\/p>\n<h5 class=\"wp-block-heading\"><strong>Le r\u00e9el existe toujours<\/strong><\/h5>\n<p>Les morts sont l\u00e0.<br \/>Les destructions sont document\u00e9es.<br \/>Les d\u00e9placements de population sont connus.<br \/>Mais certaines conclusions deviennent impossibles \u00e0 formuler publiquement.<br \/>On peut \u00e9voquer les victimes.<br \/>Pas l\u2019inutilit\u00e9 strat\u00e9gique de la guerre.<br \/>On peut parler de souffrances.<br \/>Pas de responsabilit\u00e9 politique directe.<br \/>On peut d\u00e9plorer.<br \/>Pas remettre en cause.<\/p>\n<p><strong>Ce n\u2019est pas l\u2019information qui manque.<\/strong><br \/><strong>C\u2019est la permission de relier les points.<\/strong><br \/>Ainsi se met en place une censure d\u2019un type nouveau :<br \/><strong>la censure par d\u00e9l\u00e9gitimation morale.<\/strong><br \/>Les mots existent encore, mais ils deviennent toxiques.<br \/>Les prononcer expose imm\u00e9diatement \u00e0 l\u2019\u00e9tiquetage, \u00e0 l\u2019amalgame, \u00e0 l\u2019exclusion symbolique \u2013 parfois \u00e0 la ruine \u00e9conomique.<\/p>\n<p>Dire que la prolongation du conflit pourrait co\u00fbter des dizaines de milliers de vies suppl\u00e9mentaires sans gain strat\u00e9gique d\u00e9cisif ? Vous voil\u00e0 tax\u00e9 de \u00abcomplice de l\u2019agresseur\u00bb ou de \u00abpacifiste na\u00eff\u00bb.<br \/>Questionner l\u2019utilit\u00e9 d\u2019armer jusqu\u2019au bout une partie sans perspective de victoire ? Vous passez instantan\u00e9ment du c\u00f4t\u00e9 des \u00abtra\u00eetres \u00e0 l\u2019Europe\u00bb ou des \u00abidiots utiles\u00bb.<br \/>\u00c9voquer l\u2019inutilit\u00e9 strat\u00e9gique de certaines op\u00e9rations prolong\u00e9es, ou le bilan humain disproportionn\u00e9 ? Imm\u00e9diatement catalogu\u00e9 comme \u00abantis\u00e9mite\u00bb ou \u00abapologiste du terrorisme\u00bb, m\u00eame quand on condamne les attaques initiales.<\/p>\n<h5 class=\"wp-block-heading\"><strong>Neutraliser plut\u00f4t que convaincre<\/strong><\/h5>\n<p>Dans ce syst\u00e8me, le pouvoir ne cherche plus \u00e0 convaincre.<br \/><strong>Il neutralise.<\/strong><br \/>Les voix dissidentes ne sont pas r\u00e9fut\u00e9es sur le fond.<br \/><strong>Elles sont disqualifi\u00e9es, isol\u00e9es, asphyxi\u00e9es financi\u00e8rement.<\/strong><br \/>Sanctions bancaires, d\u00e9r\u00e9f\u00e9rencement, interdictions professionnelles, pression sociale : la r\u00e9pression moderne est administrative, \u00e9conomique et sociale.<br \/>Elle ne vise pas \u00e0 interdire la parole.<br \/><strong>Elle vise \u00e0 rendre son exercice invivable.<\/strong><br \/>Le message implicite est limpide :<br \/><strong>vous pouvez parler, mais vous en assumerez seuls le co\u00fbt<\/strong> \u2013 tandis que le spectacle produit la passivit\u00e9 g\u00e9n\u00e9ralis\u00e9e et l\u2019autocensure massive.<\/p>\n<h5 class=\"wp-block-heading\"><strong>Le syst\u00e8me huil\u00e9<\/strong><\/h5>\n<p>Le syst\u00e8me est d\u00e9sormais parfaitement huil\u00e9 :<\/p>\n<ul class=\"wp-block-list\">\n<li>\u00c9lites m\u00e9diatiques \u2192 narration morale obligatoire<\/li>\n<li>R\u00e9alit\u00e9 \u2192 filtr\u00e9e, fragment\u00e9e, aseptis\u00e9e<\/li>\n<li>Dissidence \u2192 neutralis\u00e9e sans combat<\/li>\n<li>Consensus artificiel \u2192 sacralis\u00e9 comme unique horizon possible<\/li>\n<\/ul>\n<h5 class=\"wp-block-heading\"><strong>Bilan comptable implacable<\/strong><\/h5>\n<ul class=\"wp-block-list\">\n<li>Ceux qui veulent la guerre \u2192 z\u00e9ro facture<\/li>\n<li>Ceux qui veulent la paix \u2192 tous les frais<\/li>\n<\/ul>\n<p><strong>C\u2019est l\u00e0 que se situe la v\u00e9ritable responsabilit\u00e9 morale.<\/strong><br \/>Non dans un crime visible, mais dans une architecture de la parole qui rend la violence acceptable, la critique suspecte, et la paix ind\u00e9cente.<\/p>\n<h5 class=\"wp-block-heading\"><strong>Bilan du spectacle<\/strong><\/h5>\n<p><strong>Le pouvoir contemporain ne tue pas avec des balles.<\/strong><br \/><strong>Il tue avec des mots qui rendent les balles acceptables.<\/strong><br \/>Et quand les derniers corps seront froids, il restera encore des plateaux pour expliquer pourquoi il n\u2019y avait pas d\u2019alternative \u2013 car le spectacle est le mauvais r\u00eave de la soci\u00e9t\u00e9 moderne encha\u00een\u00e9e, qui n\u2019exprime finalement que son d\u00e9sir de dormir.<br \/>Pourtant, le r\u00e9el existe toujours.<br \/>Il saigne, il hurle en silence, il refuse l\u2019oubli.<\/p>\n<p><strong>Tant qu\u2019il respire encore, un autre r\u00e9cit reste possible<\/strong> \u2013 non par miracle, mais par obstination brute face \u00e0 la machine qui veut tout noyer.<\/p>\n<p><a target=\"_blank\" href=\"https:\/\/reseauinternational.net\/author\/mounir-kilani\/\" target=\"_blank\" rel=\"noopener\" title=\"\">Mounir Kilani<\/a><\/p>\n<div class=\"sharedaddy sd-block sd-like jetpack-likes-widget-wrapper jetpack-likes-widget-unloaded\" id=\"like-post-wrapper-237719536-506321-696bc5625e6a8\" data-src=\"https:\/\/widgets.wp.com\/likes\/?ver=15.2#blog_id=237719536&amp;post_id=506321&amp;origin=reseauinternational.net&amp;obj_id=237719536-506321-696bc5625e6a8\" data-name=\"like-post-frame-237719536-506321-696bc5625e6a8\" data-title=\"Aimer ou rebloguer\">\n<h3 class=\"sd-title\">J\u2019aime \u00e7a\u00a0:<\/h3>\n<p><span class=\"button\"><span>J\u2019aime<\/span><\/span> <span class=\"loading\">chargement\u2026<\/span><\/p>\n<p><span class=\"sd-text-color\"\/><a target=\"_blank\" class=\"sd-link-color\"\/><\/div>\n<p><meta itemscope=\"\" itemprop=\"mainEntityOfPage\" itemtype=\"https:\/\/schema.org\/WebPage\" itemid=\"https:\/\/reseauinternational.net\/ils-parlent-fort-pour-que-plus-personne-ne-pense-2\/\"\/><meta itemprop=\"headline\" content=\"Ils parlent fort pour que plus personne ne pense\"\/><span style=\"display: none;\" itemprop=\"author\" itemscope=\"\" itemtype=\"https:\/\/schema.org\/Person\"><meta itemprop=\"name\" content=\"Mounir Kilani\"\/><\/span><span style=\"display: none;\" itemprop=\"image\" itemscope=\"\" itemtype=\"https:\/\/schema.org\/ImageObject\"><meta itemprop=\"url\" content=\"https:\/\/i0.wp.com\/reseauinternational.net\/wp-content\/uploads\/2026\/01\/Sans-titre-50.png?fit=800%2C467&amp;ssl=1\"\/><meta itemprop=\"width\" content=\"800\"\/><meta itemprop=\"height\" content=\"467\"\/><\/span><span style=\"display: none;\" itemprop=\"publisher\" itemscope=\"\" itemtype=\"https:\/\/schema.org\/Organization\"><span style=\"display: none;\" itemprop=\"logo\" itemscope=\"\" itemtype=\"https:\/\/schema.org\/ImageObject\"><meta itemprop=\"url\" content=\"https:\/\/reseauinternational.net\/wp-content\/uploads\/2022\/06\/Capture-de\u0301cran-2022-06-14-a\u0300-16.51.07.png\"\/><\/span><meta itemprop=\"name\" content=\"Mounir Kilani\"\/><\/span><meta itemprop=\"datePublished\" content=\"2026-01-17T14:15:30+00:00\"\/><meta itemprop=\"dateModified\" content=\"2026-01-17T14:16:09+00:00\"\/><\/div>\n<p><br \/>\n<br \/><a href=\"https:\/\/reseauinternational.net\/ils-parlent-fort-pour-que-plus-personne-ne-pense-2\/\" target=\"_blank\"\">Source link <\/a><\/p>\n","protected":false},"excerpt":{"rendered":"<p>Soutenez-nous Votre soutien nous est indispensable pour continuer \u00e0 vous fournir le meilleur de l\u2019information internationale alternative. C\u2019est gr\u00e2ce \u00e0 vos dons que nous pourrons maintenir le cap pour une&hellip; <\/p>\n","protected":false},"author":1,"featured_media":22549,"comment_status":"open","ping_status":"open","sticky":false,"template":"","format":"standard","meta":{"footnotes":""},"categories":[1],"tags":[],"class_list":["post-22548","post","type-post","status-publish","format-standard","has-post-thumbnail","hentry","category-non-classe"],"_links":{"self":[{"href":"https:\/\/monde25.info\/index.php\/wp-json\/wp\/v2\/posts\/22548","targetHints":{"allow":["GET"]}}],"collection":[{"href":"https:\/\/monde25.info\/index.php\/wp-json\/wp\/v2\/posts"}],"about":[{"href":"https:\/\/monde25.info\/index.php\/wp-json\/wp\/v2\/types\/post"}],"author":[{"embeddable":true,"href":"https:\/\/monde25.info\/index.php\/wp-json\/wp\/v2\/users\/1"}],"replies":[{"embeddable":true,"href":"https:\/\/monde25.info\/index.php\/wp-json\/wp\/v2\/comments?post=22548"}],"version-history":[{"count":0,"href":"https:\/\/monde25.info\/index.php\/wp-json\/wp\/v2\/posts\/22548\/revisions"}],"wp:featuredmedia":[{"embeddable":true,"href":"https:\/\/monde25.info\/index.php\/wp-json\/wp\/v2\/media\/22549"}],"wp:attachment":[{"href":"https:\/\/monde25.info\/index.php\/wp-json\/wp\/v2\/media?parent=22548"}],"wp:term":[{"taxonomy":"category","embeddable":true,"href":"https:\/\/monde25.info\/index.php\/wp-json\/wp\/v2\/categories?post=22548"},{"taxonomy":"post_tag","embeddable":true,"href":"https:\/\/monde25.info\/index.php\/wp-json\/wp\/v2\/tags?post=22548"}],"curies":[{"name":"wp","href":"https:\/\/api.w.org\/{rel}","templated":true}]}}