{"id":22556,"date":"2026-01-17T21:17:35","date_gmt":"2026-01-17T20:17:35","guid":{"rendered":"https:\/\/monde25.info\/index.php\/2026\/01\/17\/a-lagence-internationale-de-lenergie-le-climat-ne-fait-plus-partie-de-la-liste-des-priorites\/"},"modified":"2026-01-17T21:17:35","modified_gmt":"2026-01-17T20:17:35","slug":"a-lagence-internationale-de-lenergie-le-climat-ne-fait-plus-partie-de-la-liste-des-priorites","status":"publish","type":"post","link":"https:\/\/monde25.info\/index.php\/2026\/01\/17\/a-lagence-internationale-de-lenergie-le-climat-ne-fait-plus-partie-de-la-liste-des-priorites\/","title":{"rendered":"\u00c0 l&#039;Agence internationale de l&#039;\u00e9nergie, le climat ne fait plus partie de la liste des priorit\u00e9s"},"content":{"rendered":"<p> <br \/>\n<br \/><img loading=\"lazy\" decoding=\"async\" src=\"https:\/\/reporterre.net\/local\/cache-vignettes\/L700xH467\/afp__20191220__aa_20122019_1077149__v1__highres__worldenergyoutlook2019turkeylaunch_1_-5c21f.jpg?1768583411\" class=\"spip_logo\" width=\"700\" height=\"467\" alt=\"\" \/><\/p>\n<p>Mise \u00e0 jour du 16\u00a0janvier \u00e0 18 heures \u2014 Contrairement \u00e0 ce qui avait \u00e9t\u00e9 \u00e9crit initialement, les documents \u00e9voqu\u00e9s ont \u00e9t\u00e9 valid\u00e9s en 2024 et ne refl\u00e8tent pas des changements intervenus ces derni\u00e8res semaines. La br\u00e8ve a \u00e9t\u00e9 compl\u00e9t\u00e9e par la r\u00e9action de l&rsquo;<span class=\"caps\">AIE<\/span>. <br class=\"autobr\" \/><br \/>\nLa liste des priorit\u00e9s de l&rsquo;Agence internationale de l&rsquo;\u00e9nergie (<span class=\"caps\">AIE<\/span>), transmise aux \u00c9tats membres pour pr\u00e9parer la r\u00e9union minist\u00e9rielle des 18 et 19\u00a0f\u00e9vrier \u00e0 Paris, ne comporte plus de section d\u00e9di\u00e9e au climat et \u00e0\u00a0(\u2026)<\/p>\n<p>                    <a target=\"_blank\" href=\"https:\/\/reporterre.net\/A-l-Agence-internationale-de-l-energie-le-climat-ne-fait-plus-partie-de-la-liste-des-priorites?utm_source=RSS&amp;utm_medium=RSS\">Lire la suite<\/a><\/p>\n<p>                    &#8211;<br \/>\n                        <a target=\"_blank\" href=\"https:\/\/reporterre.net\/Breves-20\" rel=\"directory\">En bref<\/a><\/p>\n<p>                    \/<br \/>\n                        <a target=\"_blank\" href=\"https:\/\/reporterre.net\/Energie\" rel=\"tag\">\u00c9nergie<\/a><br \/>\n                    ,<br \/>\n                        <a target=\"_blank\" href=\"https:\/\/reporterre.net\/International\" rel=\"tag\">Monde<\/a><br \/>\n<br \/><br \/>\n<br \/><a href=\"https:\/\/reporterre.net\/A-l-Agence-internationale-de-l-energie-le-climat-ne-fait-plus-partie-de-la-liste-des-priorites\" target=\"_blank\"\">Source link <\/a><\/p>\n","protected":false},"excerpt":{"rendered":"<p>Mise \u00e0 jour du 16\u00a0janvier \u00e0 18 heures \u2014 Contrairement \u00e0 ce qui avait \u00e9t\u00e9 \u00e9crit initialement, les documents \u00e9voqu\u00e9s ont \u00e9t\u00e9 valid\u00e9s en 2024 et ne refl\u00e8tent pas des&hellip; <\/p>\n","protected":false},"author":1,"featured_media":0,"comment_status":"open","ping_status":"open","sticky":false,"template":"","format":"standard","meta":{"footnotes":""},"categories":[1],"tags":[],"class_list":["post-22556","post","type-post","status-publish","format-standard","hentry","category-non-classe"],"_links":{"self":[{"href":"https:\/\/monde25.info\/index.php\/wp-json\/wp\/v2\/posts\/22556","targetHints":{"allow":["GET"]}}],"collection":[{"href":"https:\/\/monde25.info\/index.php\/wp-json\/wp\/v2\/posts"}],"about":[{"href":"https:\/\/monde25.info\/index.php\/wp-json\/wp\/v2\/types\/post"}],"author":[{"embeddable":true,"href":"https:\/\/monde25.info\/index.php\/wp-json\/wp\/v2\/users\/1"}],"replies":[{"embeddable":true,"href":"https:\/\/monde25.info\/index.php\/wp-json\/wp\/v2\/comments?post=22556"}],"version-history":[{"count":0,"href":"https:\/\/monde25.info\/index.php\/wp-json\/wp\/v2\/posts\/22556\/revisions"}],"wp:attachment":[{"href":"https:\/\/monde25.info\/index.php\/wp-json\/wp\/v2\/media?parent=22556"}],"wp:term":[{"taxonomy":"category","embeddable":true,"href":"https:\/\/monde25.info\/index.php\/wp-json\/wp\/v2\/categories?post=22556"},{"taxonomy":"post_tag","embeddable":true,"href":"https:\/\/monde25.info\/index.php\/wp-json\/wp\/v2\/tags?post=22556"}],"curies":[{"name":"wp","href":"https:\/\/api.w.org\/{rel}","templated":true}]}}