{"id":22559,"date":"2026-01-17T22:23:45","date_gmt":"2026-01-17T21:23:45","guid":{"rendered":"https:\/\/monde25.info\/index.php\/2026\/01\/17\/the-morandini-show-must-go-on\/"},"modified":"2026-01-17T22:23:45","modified_gmt":"2026-01-17T21:23:45","slug":"the-morandini-show-must-go-on","status":"publish","type":"post","link":"https:\/\/monde25.info\/index.php\/2026\/01\/17\/the-morandini-show-must-go-on\/","title":{"rendered":"The Morandini show must go on !"},"content":{"rendered":"<p> <br \/>\n<\/p>\n<div>\n<p>Ok. Mais \u00e0 quel prix ? Celui de la cr\u00e9dibilit\u00e9 de l&rsquo;audiovisuel fran\u00e7ais, affirment ceux qui d\u00e9noncent une atteinte inadmissible \u00e0 la d\u00e9ontologie.<\/p>\n<h5><strong>Une d\u00e9cision assum\u00e9e par Canal+<\/strong><\/h5>\n<p>Comme <a target=\"_blank\" href=\"https:\/\/francesoir.fr\/societe-faits-divers\/canal-assume-completement-de-garder-morandini-sur-cnews-malgre-sa-condamnation\">\u00e9voqu\u00e9 dans un article<\/a> sur le sujet, Canal+ a confirm\u00e9 par la voix de son directeur g\u00e9n\u00e9ral de Canal+ France, G\u00e9rald-Brice Viret, que la cha\u00eene \u00ab assume compl\u00e8tement \u00bb le maintien \u00e0 l&rsquo;antenne de son animateur vedette de CNews, Jean-Marc Morandini, malgr\u00e9 sa condamnation d\u00e9finitive pour corruption de mineurs.<\/p>\n<p>Qu&rsquo;importe la force de la chose jug\u00e9e attach\u00e9e \u00e0 cette condamnation, il restera \u00e0 l&rsquo;antenne. D&rsquo;abord parce que Jean-Marc Morandini a annonc\u00e9 qu&rsquo;il pourrait intenter un recours devant la Cour europ\u00e9enne des droits de l&rsquo;homme \u2013 un recours non suspensif \u2013, et que le groupe Canal+ a d\u00e9cid\u00e9 de lui accorder une sorte de pr\u00e9somption d&rsquo;innocence post-condamnation d\u00e9finitive par l&rsquo;\u00c9tat fran\u00e7ais. Et ensuite parce que, qui sait ? Peut-\u00eatre que le scandale autour de cette indignation boostera les audiences de la cha\u00eene. C&rsquo;est en tout cas le pari que semblent avoir fait ses dirigeants.<\/p>\n<p>Figure incontournable du paysage audiovisuel fran\u00e7ais, Jean-Marc Morandini s&rsquo;est fait conna\u00eetre d\u00e8s les ann\u00e9es 1990 avec <em>Tout est possible<\/em>, avant d&rsquo;animer des \u00e9missions \u00e0 succ\u00e8s sur Europe 1 et sur CNews, o\u00f9 il pr\u00e9sente aujourd&rsquo;hui <em>Morandini Live<\/em>. \u00c0 60 ans, l&rsquo;animateur est au c\u0153ur d&rsquo;une controverse majeure, apr\u00e8s la confirmation de sa condamnation par la Cour de cassation pour corruption de mineurs. L&rsquo;affaire, suivie de pr\u00e8s par les m\u00e9dias depuis presque une d\u00e9cennie, met en lumi\u00e8re la question de la responsabilit\u00e9 des cha\u00eenes face \u00e0 leurs figures d&rsquo;antenne.<\/p>\n<p>Malgr\u00e9 cela, CNews et Canal+ maintiennent un d\u00e9linquant sexuel \u00e0 l&rsquo;antenne quotidiennement, ignorant l&rsquo;indignation des victimes du d\u00e9lit dont il a \u00e9t\u00e9 reconnu coupable. Jean-Marc Morandini, de son c\u00f4t\u00e9, d\u00e9nonce une injustice, alors qu&rsquo;un deuxi\u00e8me dossier judiciaire, correctionnel lui aussi, plane encore sur l&rsquo;animateur pour des faits de harc\u00e8lement sexuel sur de jeunes com\u00e9diens \u2013 une affaire toujours pendante devant la Cour de cassation. Ce contexte judiciaire explosif cr\u00e9e un malaise d&rsquo;une ampleur totalement in\u00e9dite dans le paysage t\u00e9l\u00e9visuel fran\u00e7ais.<\/p>\n<h5><strong>Les contradictions de Canal+<\/strong><\/h5>\n<p>L\u2019avocat d&rsquo;une des victimes de Jean-Marc Morandini, Me Anthony Mottais, estime que la cha\u00eene \u00ab <em>prend le risque d\u2019amplifier la souffrance des victimes en donnant une tribune \u00e0 un individu coupable de corruption de mineurs<\/em> \u00bb (franceinfo). La pol\u00e9mique se nourrit aussi des contradictions du groupe Canal+ : d\u00e8s 2016, la direction avait \u00e9crit noir sur blanc l\u2019engagement d\u2019un d\u00e9part imm\u00e9diat et sans indemnit\u00e9 en cas de condamnation. Ce document, connu de la presse sp\u00e9cialis\u00e9e, a refait surface depuis la d\u00e9cision de la Cour de cassation, renfor\u00e7ant le sentiment de trahison chez ceux qui r\u00e9clamaient justice et coh\u00e9rence.<\/p>\n<p>Le pr\u00e9sident du groupe Canal+, Maxime Saada, avait paru inflexible en 2023 quant \u00e0 l\u2019importance de l\u2019exemplarit\u00e9. Mais la r\u00e9alit\u00e9 de janvier 2026 prouve qu\u2019au petit \u00e9cran, les imp\u00e9ratifs \u00e9conomiques prennent compl\u00e8tement le pas sur les enjeux \u00e9thiques et soci\u00e9taux. Selon les chiffres M\u00e9diam\u00e9trie de d\u00e9cembre 2025, l&rsquo;\u00e9mission <em>Morandini Live<\/em> \u00a0attire <a target=\"_blank\" href=\"https:\/\/toutelatele.ouest-france.fr\/jean-marc-morandini-affole-les-compteurs-de-cnews-181503\">en moyenne plus de 400 000 t\u00e9l\u00e9spectateurs, avec des pics \u00e0 606 000<\/a>, g\u00e9n\u00e9rant des revenus publicitaires estim\u00e9s \u00e0 plusieurs millions d&rsquo;euros annuels pour le groupe Vivendi. <strong>La peur de bousculer l\u2019\u00e9quilibre interne et de perdre ces audiences records semble l&#8217;emporter.<\/strong><\/p>\n<p>Partout ailleurs dans le monde, Jean-Marc Morandini aurait \u00e9t\u00e9 \u00e9cart\u00e9 de l&rsquo;antenne bien avant que sa condamnation ne devienne d\u00e9finitive. Aux \u00c9tats-Unis, des cas similaires comme celui de Matt Lauer chez NBC en 2017 ont conduit \u00e0 des licenciements imm\u00e9diats.<\/p>\n<blockquote>\n<p><em>En France, ce deux poids deux mesures interroge la maturit\u00e9 de notre paysage m\u00e9diatique.<\/em><\/p>\n<\/blockquote>\n<h5><strong>L&rsquo;impact sur les victimes et la soci\u00e9t\u00e9<\/strong><\/h5>\n<p>Les associations de protection de l&rsquo;enfance, comme La Voix de l&rsquo;Enfant, ont multipli\u00e9 les appels au boycott, rappelant que la corruption de mineurs touche chaque ann\u00e9e des milliers de victimes en France, avec des s\u00e9quelles psychologiques durables. En 2024, plus de <a target=\"_blank\" href=\"https:\/\/arretonslesviolences.gouv.fr\/sites\/default\/files\/2025-11\/Lettre-violences-sexistes-et-sexuelles-novembre-2025.pdf\">110 000 victimes de violences sexuelles<\/a> ont \u00e9t\u00e9 enregistr\u00e9es par les forces de s\u00e9curit\u00e9, dont 54 % \u00e9taient mineures. En maintenant Morandini, Canal+ non seulement <strong>ignore ces souffrances<\/strong>, mais <strong>risque de normaliser de tels comportements aux yeux du public<\/strong>.<\/p>\n<p>La pression est grandissante, entre d\u00e9nonciations syndicales, critiques dans la presse et col\u00e8re des associations. Des appels au boycott se multiplient sur les r\u00e9seaux sociaux et des <a target=\"_blank\" href=\"https:\/\/www.facebook.com\/LesRepliquesOfficiel\/posts\/lanimateur-jean-marc-morandini-d%C3%A9finitivement-reconnu-coupable-de-corruption-de-\/1278089957677441\">p\u00e9titions en ligne, lanc\u00e9es par des syndicats de journalistes et des internautes, ont d\u00e9j\u00e0 recueilli des milliers de signatures<\/a> <strong>demandant une enqu\u00eate de l&rsquo;ARCOM<\/strong>.<\/p>\n<h5><strong>La justice \u00e0 g\u00e9om\u00e9trie variable<\/strong><\/h5>\n<p>Au fait, que dit l&rsquo;ARCOM \u00e0 ce sujet ? Est-ce respecter la charte dont elle est la gardienne en th\u00e9orie, que d&rsquo;avoir \u00e0 l&rsquo;antenne un d\u00e9linquant sexuel condamn\u00e9 d\u00e9finitivement, dont la d\u00e9cision de justice est en cours d&rsquo;ex\u00e9cution \u2013 sursis effectif pendant trois ans \u00e0 compter d&rsquo;hier ?<\/p>\n<p>L&rsquo;Autorit\u00e9 de r\u00e9gulation de la communication audiovisuelle et num\u00e9rique (ARCOM) est cens\u00e9e veiller au respect de la d\u00e9ontologie, y compris l&rsquo;interdiction de contenus susceptibles de porter atteinte \u00e0 la dignit\u00e9 humaine (article 15 de la loi L\u00e9otard). Pourtant, silence radio de sa part depuis la condamnation.<\/p>\n<p>Cette histoire nous ram\u00e8ne \u00e0 la d\u00e9finition de la justice fran\u00e7aise, lorsqu&rsquo;elle tra\u00eene un peu, beaucoup, inacceptablement en longueur : un tourniquet \u00e0 g\u00e9om\u00e9trie variable et \u00e0 ajustements constants, qui finalement am\u00e8ne le justiciable immanquablement, selon qu&rsquo;il est un citoyen lambda ou un membre influent, soit nulle part, soit \u00e0 la r\u00e9demption officielle publique conf\u00e9r\u00e9e par \u00ab <em>la force de la chose jug\u00e9e<\/em> \u00bb qu&rsquo;il convient alors aux gueux de respecter, faute de quoi ils se retrouvent au tribunal ! Et auquel cas, c&rsquo;est reparti pour un tour.<\/p>\n<p>Cette in\u00e9galit\u00e9 de traitement n&rsquo;est pas isol\u00e9e. Comme le souligne <a target=\"_blank\" href=\"https:\/\/x.com\/amine_umlil\/status\/2012612964486873094?s=20\">le pharmacien et juriste Amine Umlil sur X<\/a> : \u00ab <em>France. Un pharmacien hospitalier et juriste, qui a juste fait son travail et justifi\u00e9 son salaire, est r\u00e9voqu\u00e9. Un journaliste, d\u00e9linquant sexuel et d\u00e9finitivement condamn\u00e9 au p\u00e9nal, conserve son travail.<\/em> \u00bb Ce tweet, viral depuis le 17 janvier 2026, illustre parfaitement ce tourniquet judiciaire.<\/p>\n<p>J&rsquo;en veux pour autre preuve cette affaire correctionnelle qui vient d&rsquo;\u00eatre jug\u00e9e en premi\u00e8re instance au bout de sept longues ann\u00e9es de proc\u00e9dure. On est loin, tr\u00e8s loin des records de longueur de l&rsquo;affaire du sang contamin\u00e9 (Laurent Fabius &amp; Cie) et de l&rsquo;affaire Karachi (\u00c9douard Balladur &amp; Cie), mais tout de m\u00eame.<\/p>\n<h5><strong>Un appel \u00e0 l&rsquo;action<\/strong><\/h5>\n<p>Malheureusement, l&rsquo;acc\u00e8s au secteur priv\u00e9 du r\u00e9seau t\u00e9l\u00e9vis\u00e9 a fait qu&rsquo;il en est ainsi : la d\u00e9ontologie normalement de mise a \u00e9t\u00e9 mise au placard, remplac\u00e9e par la productivit\u00e9 \u00e0 tout prix via la publicit\u00e9. La sc\u00e8ne m\u00e9diatique fran\u00e7aise est une nouvelle fois secou\u00e9e.<\/p>\n<p>Il sera avant tout int\u00e9ressant de voir comment les annonceurs et les r\u00e9gulateurs agiront. L&rsquo;auditeur \u00e9tant roi, nous verrons bien si les t\u00e9l\u00e9spectateurs habituels de ces m\u00e9dias o\u00f9 officient des journalistes en toute impunit\u00e9 d\u00e9cident de s&rsquo;en d\u00e9tacher en masse ou continuent d\u2019\u00eatre attir\u00e9s par \u00ab\u00a0l\u2019odeur du sang\u00a0\u00bb, de la luxure et du vice\u00a0? \u00a0Il existe un v\u00e9ritable besoin d&rsquo;\u00e9purer l&rsquo;audiovisuel fran\u00e7ais, que ce soit le service public ou le priv\u00e9, et d&rsquo;\u00e9viter la g\u00e9om\u00e9trie variable. Ces r\u00e8gles s&rsquo;appliquent tant \u00e0 l&rsquo;impunit\u00e9 des journalistes du service public que dans le priv\u00e9&#8230; Il faut en finir avec cela afin de restaurer la cr\u00e9dibilit\u00e9 et l\u2019exemplarit\u00e9 de notre audiovisuel.<\/p>\n<\/div>\n<p><script>(function(d, s, id) {  var js, fjs = d.getElementsByTagName(s)[0];  if (d.getElementById(id)) return;  js = d.createElement(s); js.id = id;  js.src = \"\/\/connect.facebook.net\/fr_FR\/sdk.js#xfbml=1&version=v2.3\";  fjs.parentNode.insertBefore(js, fjs);}(document, \"script\", \"facebook-jssdk\"));<\/script><br \/>\n<br \/><br \/>\n<br \/><a href=\"https:\/\/www.francesoir.fr\/opinions-editos\/morandini-show-must-go\" target=\"_blank\"\">Source link <\/a><\/p>\n","protected":false},"excerpt":{"rendered":"<p>Ok. Mais \u00e0 quel prix ? Celui de la cr\u00e9dibilit\u00e9 de l&rsquo;audiovisuel fran\u00e7ais, affirment ceux qui d\u00e9noncent une atteinte inadmissible \u00e0 la d\u00e9ontologie. Une d\u00e9cision assum\u00e9e par Canal+ Comme \u00e9voqu\u00e9&hellip; <\/p>\n","protected":false},"author":1,"featured_media":22560,"comment_status":"open","ping_status":"open","sticky":false,"template":"","format":"standard","meta":{"footnotes":""},"categories":[1],"tags":[],"class_list":["post-22559","post","type-post","status-publish","format-standard","has-post-thumbnail","hentry","category-non-classe"],"_links":{"self":[{"href":"https:\/\/monde25.info\/index.php\/wp-json\/wp\/v2\/posts\/22559","targetHints":{"allow":["GET"]}}],"collection":[{"href":"https:\/\/monde25.info\/index.php\/wp-json\/wp\/v2\/posts"}],"about":[{"href":"https:\/\/monde25.info\/index.php\/wp-json\/wp\/v2\/types\/post"}],"author":[{"embeddable":true,"href":"https:\/\/monde25.info\/index.php\/wp-json\/wp\/v2\/users\/1"}],"replies":[{"embeddable":true,"href":"https:\/\/monde25.info\/index.php\/wp-json\/wp\/v2\/comments?post=22559"}],"version-history":[{"count":0,"href":"https:\/\/monde25.info\/index.php\/wp-json\/wp\/v2\/posts\/22559\/revisions"}],"wp:featuredmedia":[{"embeddable":true,"href":"https:\/\/monde25.info\/index.php\/wp-json\/wp\/v2\/media\/22560"}],"wp:attachment":[{"href":"https:\/\/monde25.info\/index.php\/wp-json\/wp\/v2\/media?parent=22559"}],"wp:term":[{"taxonomy":"category","embeddable":true,"href":"https:\/\/monde25.info\/index.php\/wp-json\/wp\/v2\/categories?post=22559"},{"taxonomy":"post_tag","embeddable":true,"href":"https:\/\/monde25.info\/index.php\/wp-json\/wp\/v2\/tags?post=22559"}],"curies":[{"name":"wp","href":"https:\/\/api.w.org\/{rel}","templated":true}]}}