{"id":22563,"date":"2026-01-17T23:29:36","date_gmt":"2026-01-17T22:29:36","guid":{"rendered":"https:\/\/monde25.info\/index.php\/2026\/01\/17\/discours-prononce-par-miguel-mario-diaz-canel-bermudez-president-de-la-republique-de-cuba-a-lhommage-posthume-rendu-aux-trente-deux-combattants-tombes-en-combat-au-venezuela\/"},"modified":"2026-01-17T23:29:36","modified_gmt":"2026-01-17T22:29:36","slug":"discours-prononce-par-miguel-mario-diaz-canel-bermudez-president-de-la-republique-de-cuba-a-lhommage-posthume-rendu-aux-trente-deux-combattants-tombes-en-combat-au-venezuela","status":"publish","type":"post","link":"https:\/\/monde25.info\/index.php\/2026\/01\/17\/discours-prononce-par-miguel-mario-diaz-canel-bermudez-president-de-la-republique-de-cuba-a-lhommage-posthume-rendu-aux-trente-deux-combattants-tombes-en-combat-au-venezuela\/","title":{"rendered":"Discours prononc\u00e9 par Miguel Mario D\u00edaz-Canel Berm\u00fadez, pr\u00e9sident de la R\u00e9publique de Cuba, \u00e0 l&rsquo;hommage posthume rendu aux trente-deux combattants tomb\u00e9s en combat au Venezuela"},"content":{"rendered":"<p> <br \/>\n<\/p>\n<div style=\"word-wrap:break-word;\">\n<p>Honneur et gloire \u00e0 nos h\u00e9ros tomb\u00e9s en combat\u00a0! <i>(Cris de \u00ab\u00a0Honneur et gloire\u00a0!\u00a0\u00bb)<\/i><\/p>\n<p>Proches et familles\u00a0;<\/p>\n<p>Compagnons d\u2019armes et amis de nos combattants\u00a0;<\/p>\n<p>Compatriotes,<\/p>\n<p>Le 3 janvier 2026, \u00e0 l\u2019heure la plus obscure du petit matin, tandis que son noble peuple dormait, le Venezuela a \u00e9t\u00e9 l\u00e2chement attaqu\u00e9 sur ordre du pr\u00e9sident \u00e9tasunien Donald Trump.<\/p>\n<p>C\u2019\u00e9tait l\u00e0 une nouvelle confirmation, mais cette fois dans sa patrie de naissance, que Bol\u00edvar avait vu juste de fa\u00e7on pr\u00e9monitoire quand il avait affirm\u00e9 que les Etats-Unis semblaient destin\u00e9s par la Providence \u00e0 cribler de mis\u00e8res l\u2019Am\u00e9rique au nom de la libert\u00e9<span class=\"spip_note_ref\">\u00a0[<a target=\"_blank\" href=\"#nb1\" class=\"spip_note\" rel=\"appendix\" title=\"Dans une lettre adress\u00e9e le 5 ao\u00fbt 1829, depuis Guayaquil, au colonel\u00a0(\u2026)\" id=\"nh1\">1<\/a>]<\/span>, <strong>tout comme Ernesto Che Guevara n\u2019avait pas eu tort de nous avertir qu\u2019on ne pouvait faire aucune confiance \u00e0 l\u2019imp\u00e9rialisme, \u00ab\u00a0m\u00eame pas \u00e7a\u00a0!\u00a0\u00bb<\/strong><strong><span class=\"spip_note_ref\">\u00a0[<a target=\"_blank\" href=\"#nb2\" class=\"spip_note\" rel=\"appendix\" title=\"Dans un discours prononc\u00e9 \u00e0 Santiago de Cuba le 30 novembre 1964, \u00e9voquant\u00a0(\u2026)\" id=\"nh2\">2<\/a>]<\/span><\/strong><\/p>\n<p>Des bombes et une s\u00e9questration, telle a \u00e9t\u00e9 la r\u00e9ponse des Etats-Unis aux d\u00e9clarations du pr\u00e9sident v\u00e9n\u00e9zu\u00e9lien qui, \u00e0 peine quelques heures avant, s\u2019\u00e9tait montr\u00e9 dispos\u00e9 \u00e0 dialoguer sur n\u2019importe quelle question.<\/p>\n<p>Aurore difficile pour Cuba, quand elle a commenc\u00e9 \u00e0 recevoir les premi\u00e8res nouvelles de l\u2019attaque surprise contre plusieurs \u00c9tats du pays fr\u00e8re o\u00f9 des centaines de coop\u00e9rants cubains sont en mission.<\/p>\n<p>Des heures tr\u00e8s am\u00e8res se sont \u00e9coul\u00e9es au milieu de l\u2019indignation et de l\u2019impuissance apr\u00e8s que nous avons appris que le pr\u00e9sident Nicol\u00e1s Maduro Moros et sa femme Cilia Flores avaient \u00e9t\u00e9 enlev\u00e9s.<\/p>\n<p>Nous qui consid\u00e9rons les courageux combattants de la S\u00e9curit\u00e9 personnelle comme faisant partie de la famille et connaissons leur disposition spartiate \u00e0 d\u00e9fendre les vies qu\u2019ils prot\u00e8gent, nous savions, avant n\u2019importe quelle confirmation, qu\u2019ils se porteraient comme des titans jusque dans leur derni\u00e8re bataille. <i>(Applaudissements.)<\/i><\/p>\n<p>\u00ab\u00a0Ils devront passer sur mon cadavre pour emporter ou assassiner le pr\u00e9sident\u00a0\u00bb, avait d\u00e9clar\u00e9 plus d\u2019une fois le premier colonel Humberto Alfonso Roca, chef du petit groupe de Cubains qui, ce matin-l\u00e0, ont prot\u00e9g\u00e9 le couple pr\u00e9sidentiel au prix de leurs vies. <i>(Applaudissements.)<\/i><\/p>\n<p>Aux c\u00f4t\u00e9s des combattants des Forces arm\u00e9es r\u00e9volutionnaires qui sont aussi tomb\u00e9s sous le bombardement des attaquants, ils r\u00e9sument dans leurs admirables \u00e9tats de service toutes les qualit\u00e9s qui distinguent les h\u00e9ros, les h\u00e9ros cubains\u00a0! <i>(Applaudissement.)<\/i><\/p>\n<p>Ils ont franchi les fronti\u00e8res nationales pour s\u2019ins\u00e9rer comme mod\u00e8les dans l\u2019histoire des luttes pour une Am\u00e9rique unie, ce r\u00eave de Bol\u00edvar et de Mart\u00ed encore irr\u00e9alis\u00e9.<\/p>\n<p>Les restes sacr\u00e9s de nos trente-deux compatriotes sont arriv\u00e9s hier dans la patrie, comme soldats \u00e9ternels de l\u2019int\u00e9gration \u00e0 laquelle nous nous devons. Ils sont la seule mesure possible du courage et du caract\u00e8re des Cubains, loyaux \u00e0 une fraternit\u00e9 forg\u00e9e d\u00e8s les temps de Bol\u00edvar, exalt\u00e9e par Mart\u00ed et devenue aujourd\u2019hui l\u00e9gendaire par la relation \u00e9troite entre Fidel et Ch\u00e1vez, leaders de l\u2019int\u00e9gration r\u00e9gionale, ce qui a permis en \u00e0 peine quelques ann\u00e9es d\u2019apprendre \u00e0 lire et \u00e0 \u00e9crire, de rendre la vue et d\u2019apporter des services m\u00e9dicaux et de surpassement \u00e0 des millions de V\u00e9n\u00e9zu\u00e9liens et d\u2019autres Latino-Am\u00e9ricains et Carib\u00e9ens. <i>(Applaudissements.)<\/i><\/p>\n<p>Les fauteurs de l\u2019attaque et de l\u2019enl\u00e8vement du pr\u00e9sident Maduro et de son \u00e9pouse, recourant aux m\u00e9thodes les plus abominables du fascisme, ont tress\u00e9 un \u00e9paisse trame de mensonges et de diffamations contre les dirigeants bolivariens avant de se lancer l\u00e2chement contre le Venezuela. Bafouant ouvertement les limites du droit international qui garantissait jusqu\u2019ici un minimum de coexistence civilis\u00e9e entre les nations, l\u2019administration \u00e9tasunienne a ouvert la porte \u00e0 une \u00e8re de barbarie, d\u2019exactions et de n\u00e9ofascisme, sans se soucier le moins du monde de ce que cela peut signifier en surplus de guerre, de destruction et de mort.<\/p>\n<p>Les nouvelles de l\u2019agression nous ont touch\u00e9s durement. Cuba et le Venezuela ont, depuis plus de vingt-cinq ans, partag\u00e9 des id\u00e9aux et des \u0153uvres en faveur d\u2019un monde meilleur possible, pr\u00eats \u00e0 conqu\u00e9rir toute la justice, sur les voies du socialisme, chaque pays selon ses m\u00e9thodes \u00e0 lui et en fonction de r\u00e9alit\u00e9s diff\u00e9rentes.<\/p>\n<p>Seuls ceux qui ignorent la valeur de l\u2019amiti\u00e9, de la solidarit\u00e9 et de la coop\u00e9ration qui se forgent entre les peuples peuvent confondre la relation entre les Cubains et les V\u00e9n\u00e9zu\u00e9liens avec une simple affaire ou avec un vulgaire \u00e9change de produits et de services.<\/p>\n<p>Nous sommes avant tout, Cubains et V\u00e9n\u00e9zu\u00e9liens, des fr\u00e8res\u00a0! <i>(Applaudissement.)<\/i><\/p>\n<p>Donner son propre sang, voire sa vie, pour un peuple fr\u00e8re peut en surprendre d\u2019autres, pas les Cubains.<\/p>\n<p>Des fonctionnaires \u00e9tasuniens ont reconnu avec \u00e9tonnement, mais aussi avec une admiration non dissimul\u00e9e, la bravoure de cette poign\u00e9e d\u2019hommes qui, malgr\u00e9 leur net d\u00e9savantage en forces et en puissance de feu, ont offert une r\u00e9sistance f\u00e9roce aux preneurs d\u2019otage, blessant m\u00eame plusieurs effectifs ennemis et endommageant partiellement, que nous sachions, un de leurs moyens de transport.<\/p>\n<p>Auraient-elles beau s\u2019ent\u00eater \u00e0 vanter leurs soldats en tenue de camouflage, \u00e0 casques, gilets pare-balles et lunettes de vision nocturne, surprot\u00e9g\u00e9s par des avions, des h\u00e9licopt\u00e8res et des nu\u00e9es de drones, au milieu d\u2019une obscurit\u00e9 intentionnelle, les autorit\u00e9s \u00e9tasuniennes savent que l\u2019assaut des terroristes Delta n\u2019a pas \u00e9t\u00e9 cette partie de plaisir qu\u2019elles pr\u00e9tendent vendre au reste du monde\u00a0!<\/p>\n<p>Un jour, nous saurons toute la v\u00e9rit\u00e9, mais m\u00eame Trump n\u2019a pu nier que plusieurs de ses attaquants ont \u00e9t\u00e9 bless\u00e9s.<\/p>\n<p><strong>Nos courageux combattants, avec des armes classiques et sans d\u2019autres gilets que leur morale et leur loyaut\u00e9 \u00e0 la mission qu\u2019ils remplissaient, se sont battus jusqu\u2019\u00e0 la mort et ont caus\u00e9 des pertes \u00e0 leurs adversaires\u00a0!<\/strong><i> (Applaudissement.)<\/i><\/p>\n<p>Aucun n\u2019\u00e9tait un superhomme\u00a0: ils \u00e9taient tous des militaires d\u2019honneur, form\u00e9s dans l\u2019\u00e9cole \u00e9thique de Fidel et de Ra\u00fal au patriotisme, \u00e0 l\u2019anti-imp\u00e9rialisme et \u00e0 l\u2019unit\u00e9\u00a0; h\u00e9ritiers des id\u00e9aux d\u2019Antonio Maceo qui s\u2019est immortalis\u00e9 \u00e0 Baragu\u00e1 en refusant cat\u00e9goriquement de n\u00e9gocier une paix sans libert\u00e9<span class=\"spip_note_ref\">\u00a0[<a target=\"_blank\" href=\"#nb3\" class=\"spip_note\" rel=\"appendix\" title=\"La protestation de Baragu\u00e1, inscrite dans la premi\u00e8re guerre d\u2019Ind\u00e9pendance,\u00a0(\u2026)\" id=\"nh3\">3<\/a>]<\/span>, et de Juan Almeida qui, sous une pluie de balles, au milieu d\u2019une plantation de canne \u00e0 sucre, s\u2019est \u00e9cri\u00e9\u00a0: \u00ab\u00a0Ici, personne ne se rend\u00a0!<span class=\"spip_note_ref\">\u00a0[<a target=\"_blank\" href=\"#nb4\" class=\"spip_note\" rel=\"appendix\" title=\"Autre moment rest\u00e9 ind\u00e9l\u00e9bile, bien que l\u2019exclamation ait \u00e9t\u00e9 amput\u00e9e du\u00a0(\u2026)\" id=\"nh4\">4<\/a>]<\/span>\u00a0\u00bb <i>(Applaudissement.)<\/i><\/p>\n<p><strong>L\u2019empereur de la Maison-Blanche et son inf\u00e2me secr\u00e9taire d\u2019Etat n\u2019arr\u00eatent pas de nous menacer. <\/strong>\u00ab\u00a0Je ne crois pas qu\u2019on puisse exercer beaucoup plus de pression\u00a0\u00bb, a affirm\u00e9 Trump, reconnaissant ainsi, tacitement, les degr\u00e9s extr\u00eames o\u00f9 il a port\u00e9 le blocus que son pays impose \u00e0 Cuba depuis plus de soixante ans.<\/p>\n<p>\u00ab\u00a0Entrer et tout d\u00e9truire\u00a0\u00bb, voil\u00e0 tout ce qu\u2019il lui reste \u00e0 faire, selon sa conception imp\u00e9riale, pour nous soumettre. Cette phrase grotesque, qui a profond\u00e9ment indign\u00e9 le peuple cubain, ne peut s\u2019interpr\u00e9ter que comme une incitation au massacre, sans \u00e9gards pour un pays qui n\u2019a jamais foment\u00e9 la haine contre l\u2019autre.<\/p>\n<p>Le patriotisme cubain, Jos\u00e9 Mart\u00ed l\u2019a exprim\u00e9 tr\u00e8s t\u00f4t dans <i>Abdallah<\/i><span class=\"spip_note_ref\">\u00a0[<a target=\"_blank\" href=\"#nb5\" class=\"spip_note\" rel=\"appendix\" title=\"Po\u00e8me dramatique \u00e9crit par Jos\u00e9 Mart\u00ed et publi\u00e9 dans La Patria Libre le 23\u00a0(\u2026)\" id=\"nh5\">5<\/a>]<\/span>\u00a0:<\/p>\n<blockquote class=\"spip\">\n<p>Ah\u00a0! L\u2019amour, \u00f4 m\u00e8re, de la patrie<br class=\"autobr\"\/><br \/>\nN\u2019est pas celui qu\u2019on voue, inutile, \u00e0 la terre,<br class=\"autobr\"\/><br \/>\nNi \u00e0 l\u2019herbe que foule notre plante sur l\u2019aire\u00a0:<br class=\"autobr\"\/><br \/>\nC\u2019est la haine invincible de celui qui l\u2019opprime,<br class=\"autobr\"\/><br \/>\nC\u2019est la ranc\u0153ur p\u00e9renne de celui qui la brime. <i>(Applaudissements.)<\/i><\/p>\n<\/blockquote>\n<p>Le peuple cubain n\u2019est pas anti-imp\u00e9rialiste \u00e0 force de manuels. C\u2019est l\u2019imp\u00e9rialisme m\u00eame qui nous a faits anti-imp\u00e9rialistes\u00a0! Mais pas seulement Cuba\u00a0: le monde sera toujours plus anti-imp\u00e9rialiste \u00e0 partir de cette violation de toutes les normes internationales, de cet affront \u00e0 l\u2019intelligence et \u00e0 la dignit\u00e9 humaines, de cet acte d\u2019arrogance criminelle d\u2019un empire qui attaque un \u00c9tat souverain et m\u00e9prise le reste des nations.<\/p>\n<p>Toutes les victoires du peuple cubain sont associ\u00e9es \u00e0 la solidit\u00e9 de son unit\u00e9. Chaque fois que les forces patriotiques se sont divis\u00e9es, nous avons perdu. Chaque fois qu\u2019elles se sont unies, nous avons vaincu. Et \u00e7a, les ennemis de notre nation le savent bien et c\u2019est pourquoi ils misent sur la rupture de cette unit\u00e9.<\/p>\n<p>Leurs menaces actuelles nous rappellent celles de presque toutes les administrations \u00e9tasuniennes contr\u00f4l\u00e9es par les faucons, par les fauteurs de guerre. Les faucons d\u2019aujourd\u2019hui savent-ils que notre strat\u00e9gie de d\u00e9fense r\u00e9volutionnaire, connue comme la Guerre du peuple tout entier, est n\u00e9e en r\u00e9ponse aux pires menaces d\u2019autres faucons\u00a0? Savent-ils combien leurs pr\u00e9d\u00e9cesseurs guerriers ont investi en vue de l\u2019apr\u00e8s-Castro, une fois que toutes leurs tentatives de d\u00e9truire un leadership indestructible ont fait fiasco\u00a0?<\/p>\n<p>Les jeunes ont viralis\u00e9 sur les r\u00e9seaux ces derniers jours l\u2019anecdote du barracuda, v\u00e9cue et racont\u00e9e par Fidel lui-m\u00eame. Il raconte que, en plong\u00e9e, il a vu arriver sur lui un barracuda et que sa premi\u00e8re r\u00e9action a \u00e9t\u00e9 de reculer, mais qu\u2019il s\u2019est ressaisi, qu\u2019il s\u2019est lanc\u00e9 vers ce poisson connu pour son agressivit\u00e9 et que celui-ci a alors disparu. C\u2019est ainsi qu\u2019il faut agir face \u00e0 l\u2019empire, qui est tout \u00e0 la fois barracuda, piranha, requin et vermine\u00a0! <i>(Applaudissements.)<\/i> Mais j\u2019insiste et le r\u00e9p\u00e8te\u00a0: ce sont des jeunes Cubains qui ont viralis\u00e9 cette vid\u00e9o sur les r\u00e9seaux sociaux.<\/p>\n<p>Et nous voici ici, pas un, mais des millions \u00e0 poursuivre l\u2019\u0153uvre de Fidel, de Ra\u00fal et de leur g\u00e9n\u00e9ration h\u00e9ro\u00efque. Ils devraient en s\u00e9questrer des millions ou nous rayer de la carte. Et m\u00eame ainsi, ils seraient hant\u00e9s \u00e0 jamais par le fant\u00f4me de ce petit archipel qu\u2019ils auront d\u00fb pulv\u00e9riser, faute de pouvoir le soumettre\u00a0! <i>(Applaudissements.)<\/i><\/p>\n<p>Non, messieurs les imp\u00e9rialistes, nous n\u2019avons absolument pas peur de vous\u00a0! Et nous n\u2019aimons pas beaucoup, comme l\u2019a dit Fidel, qu\u2019on nous menace. Vous ne nous intimiderez pas<span class=\"spip_note_ref\">\u00a0[<a target=\"_blank\" href=\"#nb6\" class=\"spip_note\" rel=\"appendix\" title=\"Ces slogans, qui ont jalonn\u00e9 diff\u00e9rentes \u00e9tapes de la R\u00e9volution cubaine,\u00a0(\u2026)\" id=\"nh6\">6<\/a>]<\/span>\u00a0! <i>(Applaudissements.)<\/i><\/p>\n<p>Tels les joncs nou\u00e9s en faisceau au centre de nos armoiries, l\u2019unit\u00e9 est l\u2019arme la plus puissante de notre R\u00e9volution.<\/p>\n<p>Chers compatriotes,<\/p>\n<p>Plusieurs compagnons qui se sont battus en premi\u00e8re ligne du feu sont d\u00e9sormais dans la patrie, les corps cribl\u00e9s d\u2019esquilles de mitraille comme des m\u00e9dailles au courage. C\u2019est l\u2019un d\u2019eux, le lieutenant-colonel Jorge M\u00e1rquez, qui a touch\u00e9 l\u2019h\u00e9licopt\u00e8re et allez savoir combien d\u2019hommes \u00e0 bord en maniant son arme antia\u00e9rienne, bien qu\u2019il ait \u00e9t\u00e9 bless\u00e9 \u00e0 une jambe qui perdait beaucoup de sang. <i>(Applaudissements.)<\/i><\/p>\n<p>Le mot par lequel ils d\u00e9crivent tous l\u2019affrontement aux agresseurs est\u00a0: courage. Et ils nomment le premier colonel L\u00e1zaro Evangelio Rodr\u00edguez Rodr\u00edguez, qui a command\u00e9 la tentative de sauver les premiers hommes tomb\u00e9s, jusqu\u2019\u00e0 ce qu\u2019il ait \u00e9t\u00e9 touch\u00e9 par un drone. \u00ab\u00a0Je suis bless\u00e9. Vive Cuba\u00a0!\u00a0\u00bb Tels ont \u00e9t\u00e9 ses derniers mots. <i>(Applaudissements.)<\/i><\/p>\n<p>C\u2019est juste au moment o\u00f9 il semblerait que le monde ensevelit jusqu\u2019\u00e0 la derni\u00e8re utopie, que l\u2019argent et la technologie priment sur tous les r\u00eaves humains, que l\u2019humanit\u00e9 se lasse, c\u2019est juste \u00e0 ce moment, donc, que trente-deux Cubains courageux offrent leurs vies et deviennent des g\u00e9ants dans une bataille f\u00e9roce livr\u00e9e jusqu\u2019\u00e0 la derni\u00e8re balle\u00a0! Jusqu\u2019au dernier souffle\u00a0! <i>(Cris de\u00a0: \u00ab\u00a0Gloire \u00e0 eux\u00a0!)<\/i> <strong>Nul ennemi n\u2019est capable d\u2019apeurer un tel h\u00e9ro\u00efsme\u00a0!<\/strong><\/p>\n<p>Le fait que la plupart des tu\u00e9s au combat \u00e9tait des jeunes pleins de promesses nous ram\u00e8ne \u00e0 la m\u00e9moire les vers que Mart\u00ed a consacr\u00e9s aux huit \u00e9tudiants de m\u00e9decins assassin\u00e9s par la m\u00e9tropole espagnole en 1871\u00a0:<\/p>\n<blockquote class=\"spip\">\n<p><i>Cadavres aim\u00e9s, vous qui un jour f\u00fbtes<\/i> <br class=\"autobr\"\/><br \/>\n<i>De ma patrie les r\u00eaves\u2026<\/i><span class=\"spip_note_ref\">\u00a0[<a target=\"_blank\" href=\"#nb7\" class=\"spip_note\" rel=\"appendix\" title=\"Autre \u00e9pisode solidement ancr\u00e9 dans le v\u00e9cu cubain d\u2019oppression et\u00a0(\u2026)\" id=\"nh7\">7<\/a>]<\/span><\/p>\n<\/blockquote>\n<p>Tout ce que nous savons de leurs histoires personnelles, de l\u2019amour et de la bravoure qui distinguaient leurs actions, de l\u2019engagement, du d\u00e9vouement et de l\u2019abn\u00e9gation avec lesquels ils sont all\u00e9s au combat accentue notre douleur. Une douleur qui ne c\u00e8de pas, mais qui rehausse encore plus le patriotisme et la g\u00e9n\u00e9rosit\u00e9 des Cubains. <i>(Applaudissements et vivats.)<\/i> <strong>Elle porte maintenant trente-deux nouveaux visages, trente-deux nouvelles histoires, cette d\u00e9finition insurpassable de Mart\u00ed\u00a0: la patrie, c\u2019est l\u2019humanit\u00e9\u00a0!<\/strong><\/p>\n<p>Ils n\u2019ont pas d\u00e9fendu seulement la souverainet\u00e9 du Venezuela, le pr\u00e9sident Nicol\u00e1s Maduro et son \u00e9pouse Cilia Flores\u00a0: ils ont d\u00e9fendu la dignit\u00e9 humaine, la paix, l\u2019honneur de Cuba et de Notre Am\u00e9rique. <strong>Ils ont \u00e9t\u00e9 l\u2019\u00e9p\u00e9e et le bouclier de nos peuples face \u00e0 l\u2019avanc\u00e9e du fascisme.<\/strong> Et ils seront \u00e0 jamais un symbole, une preuve qu\u2019il n\u2019y a pas de petit peuple quand sa dignit\u00e9 est si ferme\u00a0!<\/p>\n<p>Merci de votre courage et de votre exemple, compagnons\u00a0! <i>(Applaudissements.)<\/i><\/p>\n<p>Nous \u00e9treignons aujourd\u2019hui vos \u00eatres chers, m\u00e8res, p\u00e8res, \u00e9pouses, fils, petits-fils, fr\u00e8res, grands-p\u00e8res, vos compagnons d\u2019armes et vos amis. \u00ab\u00a0On ne saurait dire que la douleur se partage \u2013 disait Fidel aux fun\u00e9railles des martyrs de la Barbade \u2013 la douleur se multiplie. Et quand un peuple \u00e9nergique et viril pleure, l\u2019injustice tremble<span class=\"spip_note_ref\">\u00a0[<a target=\"_blank\" href=\"#nb8\" class=\"spip_note\" rel=\"appendix\" title=\"De nouveau, un autre \u00e9pisode de douleur et de deuil. Le 6 octobre 1976, un\u00a0(\u2026)\" id=\"nh8\">8<\/a>]<\/span>\u00a0!\u00a0\u00bb <i>(Applaudissements et reprise en ch\u0153ur de \u00ab\u00a0L\u2019injustice tremble\u00a0!\u00a0\u00bb) <\/i>Silvio<span class=\"spip_note_ref\">\u00a0[<a target=\"_blank\" href=\"#nb9\" class=\"spip_note\" rel=\"appendix\" title=\"Silvio Rodr\u00edguez, le chanteur cubain sans doute le plus li\u00e9 au cheminement\u00a0(\u2026)\" id=\"nh9\">9<\/a>]<\/span> chantait alors\u00a0: \u00ab\u00a0Que l\u2019injustice tremble quand pleure le peuple aguerri de Fidel.\u00a0\u00bb<\/p>\n<p><strong>Cuba ne menace pas, ne jette pas de d\u00e9fi\u00a0! Cuba est une terre de paix\u00a0!<\/strong> C\u2019est ici, \u00e0 La Havane, \u00e0 l\u2019initiative de Cuba, que, voil\u00e0 douze ans, au Deuxi\u00e8me Sommet de la CELAC, l\u2019Am\u00e9rique latine et les Cara\u00efbes se sont proclam\u00e9es Zone de paix, une conqu\u00eate brutalement bafou\u00e9e par le coup de main fasciste au Venezuela.<\/p>\n<p>Cette vocation de paix ne diminue en rien notre disposition \u00e0 combattre et \u00e0 d\u00e9fendre notre souverainet\u00e9 et notre int\u00e9grit\u00e9 territoriale. S\u2019il arrivait que nous soyons agress\u00e9s, nous nous battrions avec une bravoure identique \u00e0 celle que nous ont l\u00e9gu\u00e9e plusieurs g\u00e9n\u00e9rations de vaillants combattants cubains depuis les guerres d\u2019Ind\u00e9pendance au XIXe si\u00e8cle, la Sierra Maestra, la clandestinit\u00e9<span class=\"spip_note_ref\">\u00a0[<a target=\"_blank\" href=\"#nb10\" class=\"spip_note\" rel=\"appendix\" title=\"Autrement dit, les deux th\u00e9\u00e2tres de la lutte insurrectionnelle contre la\u00a0(\u2026)\" id=\"nh10\">10<\/a>]<\/span> et l\u2019Afrique<span class=\"spip_note_ref\">\u00a0[<a target=\"_blank\" href=\"#nb11\" class=\"spip_note\" rel=\"appendix\" title=\"Pas seulement les quinze ann\u00e9es (1975-1990) de pr\u00e9sence de troupes cubaines\u00a0(\u2026)\" id=\"nh11\">11<\/a>]<\/span> au XXe si\u00e8cle, et jusqu\u2019\u00e0 Caracas au XXIe si\u00e8cle. <strong>Il n\u2019y a pas de reddition ni de vacillation possible, de m\u00eame qu\u2019il n\u2019y aura jamais aucun terrain d\u2019entente sur des bases de coercition ou d\u2019intimidation\u00a0!<\/strong><\/p>\n<p><strong>Cuba n\u2019a aucune raison de faire la moindre concession politique, et ce point n\u2019entrera jamais \u00e0 une table de n\u00e9gociations en vue d\u2019une entente avec les Etats-Unis.<\/strong> Il est important qu\u2019ils le comprennent\u00a0: nous serons toujours dispos\u00e9s au dialogue et \u00e0 l\u2019am\u00e9lioration des relations entre nos deux pays, mais sur un pied d\u2019\u00e9galit\u00e9 et sur des bases de respect mutuel. <strong>C\u2019est ce que nous affirmons depuis plus de soixante ans. L\u2019histoire ne sera pas diff\u00e9rente maintenant\u00a0!<\/strong><\/p>\n<p>Nous disons \u00e0 l\u2019empire qui nous menace\u00a0: Cuba, nous sommes des millions\u00a0! Nous sommes un peuple pr\u00eat \u00e0 combattre, si on nous attaque, avec la m\u00eame unit\u00e9 et la m\u00eame bravoure que les trente-deux Cubains tomb\u00e9s le 3 janvier.<\/p>\n<p>Compatriotes,<\/p>\n<p>Marchons unis\u00a0! Et, en honneur \u00e0 leur exemple h\u00e9ro\u00efque, jurons\u00a0:<\/p>\n<p>La Patrie ou la mort\u00a0!<br class=\"autobr\"\/><br \/>\nNous vaincrons\u00a0! <i>(Cris de\u00a0: \u00ab\u00a0Nous vaincrons\u00a0!\u00a0\u00bb)<\/i><br class=\"autobr\"\/><br \/>\nLa Patrie ou la mort\u00a0!<br class=\"autobr\"\/><br \/>\nNous vaincrons\u00a0! <i>(Cris de\u00a0: \u00ab\u00a0Nous vaincrons\u00a0!\u00a0\u00bb)<\/i><br class=\"autobr\"\/><br \/>\nLa Patrie ou la mort\u00a0!<br class=\"autobr\"\/><br \/>\nNous vaincrons\u00a0! <i>(Cris de\u00a0: \u00ab\u00a0Nous vaincrons\u00a0!\u00a0\u00bb)<\/i><\/p>\n<p>Jusqu\u2019\u00e0 la victoire \u00e0 jamais\u00a0! <i>(Cris de\u00a0\u00ab\u00a0\u00c0 jamais\u00a0!\u00a0\u00bb. Cris de\u00a0: \u00ab\u00a0Jusqu\u2019\u00e0 la victoire \u00e0 jamais\u00a0!\u00a0\u00bb<\/i> <i>et vivats \u00e0 la R\u00e9volution. Ovation.)<\/i><\/p>\n<p><strong>Miguel Mario D\u00edaz-Canel Berm\u00fadez<\/strong><\/p>\n<hr\/>\n<p><strong>Explications et r\u00e9flexions<\/strong><\/p>\n<p>J\u2019ai d\u00e9cid\u00e9 d\u2019interrompre ce que j\u2019\u00e9tais en train d\u2019\u00e9crire pour traduire quelque chose qui me semble bien plus important que mes \u00e9lucubrations\u00a0: le discours prononc\u00e9 par Miguel D\u00edaz-Canel avant le d\u00e9part de la Marche du peuple combattant, sur le Malec\u00f3n havanais. Le chef de l\u2019Etat et du Parti communiste y fixe sans ambages la position de la R\u00e9volution cubaine face aux menaces du sinistre locataire de la Maison-Blanche. Qu\u2019on le lise, et l\u2019on verra qu\u2019il se passe de commentaires de ma part\u00a0! On retrouve l\u00e0 tout le courage politique d\u2019un peuple qui sait de quoi il retourne, parce qu\u2019il est en guerre directe et indirecte contre l\u2019Empire depuis maintenant 67 ans.<\/p>\n<p>Juste deux petites r\u00e9flexions\u00a0:<\/p>\n<p>1) Quelle diff\u00e9rence avec l\u2019approche apparemment peureuse et craintive du gouvernement bolivarien, qui semble pr\u00eat, malgr\u00e9 ses d\u00e9n\u00e9gations, \u00e0 tenter d\u2019amadouer le molosse qui a montr\u00e9 les dents et mordu. Vouloir parvenir \u00e0 un \u00ab\u00a0ordre du jour de coop\u00e9ration\u00a0\u00bb avec l\u2019inf\u00e2me qui vient de vous s\u00e9questrer votre pr\u00e9sident, de vous bombarder et de vous tuer une centaine de vos concitoyens est une politique qu\u2019on a du mal \u00e0 s\u2019expliquer et surtout \u00e0 dig\u00e9rer vue du balcon cubain\u00a0! Il est vrai que les trajectoires des deux r\u00e9volutions sont loin d\u2019\u00eatre semblables.<\/p>\n<p>2) L\u2019Union europ\u00e9enne ferait bien de prendre de la graine du c\u00f4t\u00e9 de la R\u00e9volution cubaine. Avoir peur du molosse est la pire attitude qui soit. Plus vous vous montrez faible, plus le molosse s\u2019enhardit. Je parle bien s\u00fbr des vis\u00e9es sur le Groenland de ce fou furieux, qui ne comprend que la force et ne r\u00e9pond qu\u2019\u00e0 elle. Face aux \u00ab\u00a0forts\u00a0\u00bb qui n\u2019ont pas peur, je parle de la Russie, de la Chine, de l\u2019Iran et de quelques autres, il fait moins le faraud. Quand on voit la peur sur le visage que suait la ministre danoise qui est all\u00e9e ces derniers jours \u00e0 Washington comme on va \u00e0 Canossa et la riposte absolument ridicule des politiciens m\u00e9diocres qui r\u00e8gnent en Union europ\u00e9enne, on se dit que, vraiment, l\u2019Europe est tomb\u00e9e bien bas, comme si elle avait oubli\u00e9 \u00e0 son tour comment son attitude timor\u00e9e d\u2019alors avait ouvert toutes grandes les portes \u00e0 Hitler et lui avait les coud\u00e9es franches. Quelle piti\u00e9\u00a0!<\/p>\n<p><strong>Jacques-Fran\u00e7ois Bonaldi<\/strong><\/p>\n<\/div>\n<p><br \/>\n<br \/><a href=\"https:\/\/www.legrandsoir.info\/discours-prononce-par-miguel-mario-diaz-canel-bermudez-president-de-la-republique-de-cuba-a-l-hommage-posthume-rendu-aux-trente.html\" target=\"_blank\"\">Source link <\/a><\/p>\n","protected":false},"excerpt":{"rendered":"<p>Honneur et gloire \u00e0 nos h\u00e9ros tomb\u00e9s en combat\u00a0! (Cris de \u00ab\u00a0Honneur et gloire\u00a0!\u00a0\u00bb) Proches et familles\u00a0; Compagnons d\u2019armes et amis de nos combattants\u00a0; Compatriotes, Le 3 janvier 2026, \u00e0&hellip; <\/p>\n","protected":false},"author":1,"featured_media":22564,"comment_status":"open","ping_status":"open","sticky":false,"template":"","format":"standard","meta":{"footnotes":""},"categories":[1],"tags":[],"class_list":["post-22563","post","type-post","status-publish","format-standard","has-post-thumbnail","hentry","category-non-classe"],"_links":{"self":[{"href":"https:\/\/monde25.info\/index.php\/wp-json\/wp\/v2\/posts\/22563","targetHints":{"allow":["GET"]}}],"collection":[{"href":"https:\/\/monde25.info\/index.php\/wp-json\/wp\/v2\/posts"}],"about":[{"href":"https:\/\/monde25.info\/index.php\/wp-json\/wp\/v2\/types\/post"}],"author":[{"embeddable":true,"href":"https:\/\/monde25.info\/index.php\/wp-json\/wp\/v2\/users\/1"}],"replies":[{"embeddable":true,"href":"https:\/\/monde25.info\/index.php\/wp-json\/wp\/v2\/comments?post=22563"}],"version-history":[{"count":0,"href":"https:\/\/monde25.info\/index.php\/wp-json\/wp\/v2\/posts\/22563\/revisions"}],"wp:featuredmedia":[{"embeddable":true,"href":"https:\/\/monde25.info\/index.php\/wp-json\/wp\/v2\/media\/22564"}],"wp:attachment":[{"href":"https:\/\/monde25.info\/index.php\/wp-json\/wp\/v2\/media?parent=22563"}],"wp:term":[{"taxonomy":"category","embeddable":true,"href":"https:\/\/monde25.info\/index.php\/wp-json\/wp\/v2\/categories?post=22563"},{"taxonomy":"post_tag","embeddable":true,"href":"https:\/\/monde25.info\/index.php\/wp-json\/wp\/v2\/tags?post=22563"}],"curies":[{"name":"wp","href":"https:\/\/api.w.org\/{rel}","templated":true}]}}