{"id":22568,"date":"2026-01-18T01:41:38","date_gmt":"2026-01-18T00:41:38","guid":{"rendered":"https:\/\/monde25.info\/index.php\/2026\/01\/18\/violence-repression-cogestion-une-relation-complexe-entre-etat-et-syndicats-agricoles\/"},"modified":"2026-01-18T01:41:38","modified_gmt":"2026-01-18T00:41:38","slug":"violence-repression-cogestion-une-relation-complexe-entre-etat-et-syndicats-agricoles","status":"publish","type":"post","link":"https:\/\/monde25.info\/index.php\/2026\/01\/18\/violence-repression-cogestion-une-relation-complexe-entre-etat-et-syndicats-agricoles\/","title":{"rendered":"Violence, r\u00e9pression, cogestion, une relation complexe entre \u00c9tat et syndicats agricoles"},"content":{"rendered":"<p> <br \/>\n<\/p>\n<div>\n<p>R\u00e9pression in\u00e9dite contre les uns et mansu\u00e9tude pour les autres\u00a0? La relation de l&rsquo;\u00c9tat avec les syndicats agricoles reste marqu\u00e9e par une relative \u00ab\u00a0cl\u00e9mence\u00a0\u00bb s\u00e9curitaire compar\u00e9e \u00e0 d&rsquo;autres secteurs et par la permanence d&rsquo;une forme de \u00ab\u00a0cogestion\u00a0\u00bb avec la puissante FNSEA de plus en plus critiqu\u00e9e par une base qui ne s&rsquo;y reconnait pas.<\/p>\n<p>Pour plusieurs chercheurs et observateurs du monde rural, les agriculteurs sont la cat\u00e9gorie socioprofessionnelle qui b\u00e9n\u00e9ficie le plus de la \u00ab\u00a0cl\u00e9mence\u00a0\u00bb des pouvoirs publics dans la gestion s\u00e9curitaire des manifestations.<\/p>\n<p>\u00ab\u00a0Dans les ann\u00e9es 1980, les paysans repr\u00e9sentaient 7\u2009% de la population active et \u00e9taient responsables de 39\u2009% des manifestations dites violentes \u2013\u00a0loin devant les \u00e9tudiants ou les salari\u00e9s de l&rsquo;industrie, responsables respectivement de 14\u2009% et 19\u2009% d&rsquo;entre elles\u00a0\u00bb, rel\u00e8ve Xavier Crettiez, professeur de sciences politiques, dans une tribune publi\u00e9e jeudi dans Le Monde.<\/p>\n<p>Alors qu&rsquo;ils repr\u00e9sentent aujourd&rsquo;hui malheureusement moins de 2\u2009% des actifs, \u00ab\u00a0la r\u00e9alit\u00e9 des &lsquo;violences agricoles&rsquo;, moindres que dans les ann\u00e9es 80, demeure forte\u00a0\u00bb et les agriculteurs b\u00e9n\u00e9ficient toujours, selon ce sp\u00e9cialiste des violences politiques, d&rsquo;un \u00ab\u00a0exceptionnalisme paysan en mati\u00e8re de violence manifestante\u00a0\u00bb.<\/p>\n<p>\u00c0 l&rsquo;hiver 2024, au plus fort des manifestations agricoles, avec incendies de pneus et d\u00e9versement de fumier devant les pr\u00e9fectures, et m\u00eame quelques saccages de locaux d&rsquo;agences de l&rsquo;\u00c9tat, le ministre de l&rsquo;Int\u00e9rieur G\u00e9rald Darmanin avait donn\u00e9 des consignes de \u00ab\u00a0grande mod\u00e9ration\u00a0\u00bb aux forces de l&rsquo;ordre, leur demandant de n&rsquo;intervenir qu&rsquo;en \u00ab\u00a0dernier recours\u00a0\u00bb.<\/p>\n<p>\u00ab\u00a0On ne r\u00e9pond pas \u00e0 la souffrance en envoyant des CRS\u00a0\u00bb,\u00a0avait-il d\u00e9clar\u00e9, alors que d&rsquo;autre part, il avait qualifi\u00e9 les opposants aux r\u00e9serves d&rsquo;eau de Sainte-Soline\u00a0d'\u00a0\u00bb\u00e9coterroristes\u00a0\u00bb, d\u00e9clenchant la col\u00e8re de l&rsquo;opposition, notamment des \u00e9cologistes.<\/p>\n<p>Un an plus tard, son successeur \u00e0 l&rsquo;Int\u00e9rieur, Laurent Nunez, a assum\u00e9 n&rsquo;avoir pas dispers\u00e9 l&rsquo;action \u00ab\u00a0ill\u00e9gale\u00a0\u00bb de la Coordination rurale (CR, 2\u1d49\u00a0syndicat, coutumier des actions muscl\u00e9es) avec ses tracteurs \u00e0 Paris, o\u00f9 les rassemblements non d\u00e9clar\u00e9s \u00e9taient interdits.<\/p>\n<p>Mais il est \u00e0 noter que cette \u00ab\u00a0mansu\u00e9tude s&rsquo;applique surtout \u00e0 la FNSEA\u00a0\u00bb, les adh\u00e9rents de la CR et de la Conf\u00e9d\u00e9ration paysanne (3<sup>e<\/sup> syndicat, class\u00e9 \u00e0 gauche) \u00e9tant eux \u00ab\u00a0trait\u00e9s comme des manifestants ordinaires\u00a0\u00bb, \u00ab\u00a0objet(s) d&rsquo;une r\u00e9pression et d&rsquo;application des lois beaucoup plus strictes\u00a0\u00bb, d\u00e9clare \u00e0 l&rsquo;AFP Alexandre Hobeika, chercheur en sciences politiques, sp\u00e9cialiste des questions agricoles.<\/p>\n<p>La Conf\u00e9d\u00e9ration paysanne a d&rsquo;ailleurs d\u00e9nonc\u00e9 une \u00ab\u00a0r\u00e9pression d\u00e9mesur\u00e9e\u00a0\u00bb \u00e0 son encontre, apr\u00e8s l&rsquo;arrestation de 52 personnes dont ses porte-parole nationaux, lors de la br\u00e8ve occupation d&rsquo;une annexe du minist\u00e8re de l&rsquo;Agriculture mercredi.<\/p>\n<p>Les 52 interpell\u00e9s ont \u00e9t\u00e9 lib\u00e9r\u00e9s jeudi sans faire l&rsquo;objet de poursuites judiciaires, malgr\u00e9 la plainte d\u00e9pos\u00e9e par le minist\u00e8re, le parquet n&rsquo;ayant constat\u00e9 aucune d\u00e9gradation en dehors de quelques autocollants.<\/p>\n<p>Un \u00ab\u00a0deux poids, deux mesures clair, l\u00e0 depuis longtemps\u00a0\u00bb pour M. Hobeika, pour qui cette diff\u00e9rence de traitement \u00ab\u00a0se comprend dans la perspective o\u00f9 l&rsquo;\u00c9tat s&rsquo;appuie sur la FNSEA pour \u00e9laborer les politiques agricoles et pour les faire accepter par les agriculteurs\u00a0\u00bb.<\/p>\n<p>Le positionnement anticapitaliste de la Conf\u00e9d\u00e9ration paysanne l&rsquo;exclut d&rsquo;un partenariat avec le gouvernement. Quant \u00e0 la CR, rejointe par de nombreux d\u00e9\u00e7us de la FNSEA, elle a progress\u00e9 aux derni\u00e8res \u00e9lections professionnelles, mais n&rsquo;a \u00ab\u00a0pas encore d\u00e9montr\u00e9 sa capacit\u00e9 \u00e0 durer et \u00e0 incarner une alternative en terme de propositions\u00a0\u00bb, selon le chercheur.<\/p>\n<p>Ces derniers mois, la CR s&rsquo;est surtout exprim\u00e9e \u00ab\u00a0contre\u00a0\u00bb la politique sanitaire gouvernementale, \u00ab\u00a0contre\u00a0\u00bb le libre-\u00e9change, \u00ab\u00a0contre\u00a0\u00bb les \u00e9cologistes, r\u00e9clamant un \u00ab\u00a0moratoire sur les contr\u00f4les\u00a0\u00bb.<\/p>\n<p>Alors que la FNSEA dispose, elle, de \u00ab\u00a0salari\u00e9s extr\u00eamement comp\u00e9tents sur le plan technique\u00a0\u00bb, produit \u00ab\u00a0de l&rsquo;expertise\u00a0\u00bb et \u00ab\u00a0une vision prospective pour proposer des solutions \u00e0 l&rsquo;\u00c9tat\u00a0\u00bb, dit-il, et ce n&rsquo;est pas nouveau: \u00ab\u00a0en 1986, le pr\u00e9sident de la FNSEA, Fran\u00e7ois Guillaume, a \u00e9t\u00e9 nomm\u00e9 ministre de l&rsquo;Agriculture\u00a0\u00bb.<\/p>\n<p>La FNSEA, qui f\u00eate cette ann\u00e9e ses 80 ans, assume un r\u00f4le de lobbyiste et co-constructeur de la politique agricole, n\u00e9anmoins de plus en plus d\u00e9connect\u00e9e de l&rsquo;agriculture des terroirs.<\/p>\n<p>Son pr\u00e9sident Arnaud Rousseau, gros c\u00e9r\u00e9alier \u00e0 la t\u00eate du g\u00e9ant des huiles Avril, a r\u00e9cemment dit sa volont\u00e9 de continuer \u00e0 \u00ab\u00a0porter une ambition pour l&rsquo;agriculture aupr\u00e8s des pouvoirs publics, quelle que soit la couleur politique des gouvernements\u00a0\u00bb&#8230; Mais quelle agriculture ?<\/p>\n<p>\u00ab\u00a0La col\u00e8re, qui s&rsquo;exprime d&rsquo;ailleurs chez tous les agriculteurs, \u00e7a ne fait pas un programme\u00a0\u00bb, lan\u00e7ait-il mi-janvier, revendiquant \u00ab\u00a0l&rsquo;efficacit\u00e9\u00a0\u00bb de la FNSEA et son \u00ab\u00a0travail de fond\u00a0\u00bb aupr\u00e8s de parlementaires &#8211; abreuv\u00e9s de ses propositions d&rsquo;amendements -, du gouvernement et des instances europ\u00e9ennes.<\/p>\n<\/div>\n<p><script>(function(d, s, id) {  var js, fjs = d.getElementsByTagName(s)[0];  if (d.getElementById(id)) return;  js = d.createElement(s); js.id = id;  js.src = \"\/\/connect.facebook.net\/fr_FR\/sdk.js#xfbml=1&version=v2.3\";  fjs.parentNode.insertBefore(js, fjs);}(document, \"script\", \"facebook-jssdk\"));<\/script><br \/>\n<br \/><br \/>\n<br \/><a href=\"https:\/\/www.francesoir.fr\/politique-france\/violence-repression-cogestion-une-relation-complexe-entre-etat-et-syndicats\" target=\"_blank\"\">Source link <\/a><\/p>\n","protected":false},"excerpt":{"rendered":"<p>R\u00e9pression in\u00e9dite contre les uns et mansu\u00e9tude pour les autres\u00a0? La relation de l&rsquo;\u00c9tat avec les syndicats agricoles reste marqu\u00e9e par une relative \u00ab\u00a0cl\u00e9mence\u00a0\u00bb s\u00e9curitaire compar\u00e9e \u00e0 d&rsquo;autres secteurs et&hellip; <\/p>\n","protected":false},"author":1,"featured_media":22569,"comment_status":"open","ping_status":"open","sticky":false,"template":"","format":"standard","meta":{"footnotes":""},"categories":[1],"tags":[],"class_list":["post-22568","post","type-post","status-publish","format-standard","has-post-thumbnail","hentry","category-non-classe"],"_links":{"self":[{"href":"https:\/\/monde25.info\/index.php\/wp-json\/wp\/v2\/posts\/22568","targetHints":{"allow":["GET"]}}],"collection":[{"href":"https:\/\/monde25.info\/index.php\/wp-json\/wp\/v2\/posts"}],"about":[{"href":"https:\/\/monde25.info\/index.php\/wp-json\/wp\/v2\/types\/post"}],"author":[{"embeddable":true,"href":"https:\/\/monde25.info\/index.php\/wp-json\/wp\/v2\/users\/1"}],"replies":[{"embeddable":true,"href":"https:\/\/monde25.info\/index.php\/wp-json\/wp\/v2\/comments?post=22568"}],"version-history":[{"count":0,"href":"https:\/\/monde25.info\/index.php\/wp-json\/wp\/v2\/posts\/22568\/revisions"}],"wp:featuredmedia":[{"embeddable":true,"href":"https:\/\/monde25.info\/index.php\/wp-json\/wp\/v2\/media\/22569"}],"wp:attachment":[{"href":"https:\/\/monde25.info\/index.php\/wp-json\/wp\/v2\/media?parent=22568"}],"wp:term":[{"taxonomy":"category","embeddable":true,"href":"https:\/\/monde25.info\/index.php\/wp-json\/wp\/v2\/categories?post=22568"},{"taxonomy":"post_tag","embeddable":true,"href":"https:\/\/monde25.info\/index.php\/wp-json\/wp\/v2\/tags?post=22568"}],"curies":[{"name":"wp","href":"https:\/\/api.w.org\/{rel}","templated":true}]}}