{"id":22572,"date":"2026-01-18T04:59:40","date_gmt":"2026-01-18T03:59:40","guid":{"rendered":"https:\/\/monde25.info\/index.php\/2026\/01\/18\/chlordecone-ce-scandale-qui-nen-finit-pas\/"},"modified":"2026-01-18T04:59:40","modified_gmt":"2026-01-18T03:59:40","slug":"chlordecone-ce-scandale-qui-nen-finit-pas","status":"publish","type":"post","link":"https:\/\/monde25.info\/index.php\/2026\/01\/18\/chlordecone-ce-scandale-qui-nen-finit-pas\/","title":{"rendered":"Chlord\u00e9cone, ce scandale qui n&#039;en finit pas"},"content":{"rendered":"<p> <br \/>\n<br \/><img loading=\"lazy\" decoding=\"async\" src=\"https:\/\/reporterre.net\/local\/cache-vignettes\/L700xH467\/chlorde_cone-7c603.jpg?1768552457\" class=\"spip_logo\" width=\"700\" height=\"467\" alt=\"\" \/><\/p>\n<p>Malgr\u00e9 l&rsquo;existence d&rsquo;un fonds d&rsquo;indemnisation d\u00e9di\u00e9 aux victimes des pesticides, les ouvriers agricoles expos\u00e9s au chlord\u00e9cone durant des d\u00e9cennies aux Antilles peinent toujours \u00e0 se faire reconna\u00eetre. <br class=\"autobr\" \/><br \/>\nGuadeloupe, correspondance <br class=\"autobr\" \/><br \/>\nDu haut de ses 60 ans, Danielle Sainte-Rose n&rsquo;a rien oubli\u00e9 du travail harassant dans les bananeraies en Martinique\u00a0: \u00ab<small class=\"fine d-inline\">\u00a0<\/small>Je travaillais dans une exploitation au Lamentin, \u00e0 Vert Pr\u00e9. Elle a ferm\u00e9 depuis. Ma m\u00e8re y \u00e9tait ouvri\u00e8re agricole. C&rsquo;est elle qui m&rsquo;a fait\u00a0(\u2026)<\/p>\n<p>                    <a target=\"_blank\" href=\"https:\/\/reporterre.net\/Chlordecone-ce-scandale-qui-n-en-finit-pas?utm_source=RSS&amp;utm_medium=RSS\">Lire la suite<\/a><\/p>\n<p>                    &#8211;<br \/>\n                        <a target=\"_blank\" href=\"https:\/\/reporterre.net\/Autres-infos\" rel=\"directory\">Info<\/a><\/p>\n<p>                    \/<br \/>\n                        <a target=\"_blank\" href=\"https:\/\/reporterre.net\/Pesticides\" rel=\"tag\">Pesticides<\/a><br \/>\n                    ,<br \/>\n                        <a target=\"_blank\" href=\"https:\/\/reporterre.net\/Sante\" rel=\"tag\">Sant\u00e9<\/a><br \/>\n<br \/><br \/>\n<br \/><a href=\"https:\/\/reporterre.net\/Chlordecone-ce-scandale-qui-n-en-finit-pas\" target=\"_blank\"\">Source link <\/a><\/p>\n","protected":false},"excerpt":{"rendered":"<p>Malgr\u00e9 l&rsquo;existence d&rsquo;un fonds d&rsquo;indemnisation d\u00e9di\u00e9 aux victimes des pesticides, les ouvriers agricoles expos\u00e9s au chlord\u00e9cone durant des d\u00e9cennies aux Antilles peinent toujours \u00e0 se faire reconna\u00eetre. Guadeloupe, correspondance Du&hellip; <\/p>\n","protected":false},"author":1,"featured_media":0,"comment_status":"open","ping_status":"open","sticky":false,"template":"","format":"standard","meta":{"footnotes":""},"categories":[1],"tags":[],"class_list":["post-22572","post","type-post","status-publish","format-standard","hentry","category-non-classe"],"_links":{"self":[{"href":"https:\/\/monde25.info\/index.php\/wp-json\/wp\/v2\/posts\/22572","targetHints":{"allow":["GET"]}}],"collection":[{"href":"https:\/\/monde25.info\/index.php\/wp-json\/wp\/v2\/posts"}],"about":[{"href":"https:\/\/monde25.info\/index.php\/wp-json\/wp\/v2\/types\/post"}],"author":[{"embeddable":true,"href":"https:\/\/monde25.info\/index.php\/wp-json\/wp\/v2\/users\/1"}],"replies":[{"embeddable":true,"href":"https:\/\/monde25.info\/index.php\/wp-json\/wp\/v2\/comments?post=22572"}],"version-history":[{"count":0,"href":"https:\/\/monde25.info\/index.php\/wp-json\/wp\/v2\/posts\/22572\/revisions"}],"wp:attachment":[{"href":"https:\/\/monde25.info\/index.php\/wp-json\/wp\/v2\/media?parent=22572"}],"wp:term":[{"taxonomy":"category","embeddable":true,"href":"https:\/\/monde25.info\/index.php\/wp-json\/wp\/v2\/categories?post=22572"},{"taxonomy":"post_tag","embeddable":true,"href":"https:\/\/monde25.info\/index.php\/wp-json\/wp\/v2\/tags?post=22572"}],"curies":[{"name":"wp","href":"https:\/\/api.w.org\/{rel}","templated":true}]}}