{"id":22573,"date":"2026-01-18T05:32:40","date_gmt":"2026-01-18T04:32:40","guid":{"rendered":"https:\/\/monde25.info\/index.php\/2026\/01\/18\/iran-une-femme-agent-des-renseignements-etrangers-arretee-et-3000-emeutiers-60-mille-pieces-darmes-saisies-ce-que-les-medias-occidentaux-ne-montrent-pas\/"},"modified":"2026-01-18T05:32:40","modified_gmt":"2026-01-18T04:32:40","slug":"iran-une-femme-agent-des-renseignements-etrangers-arretee-et-3000-emeutiers-60-mille-pieces-darmes-saisies-ce-que-les-medias-occidentaux-ne-montrent-pas","status":"publish","type":"post","link":"https:\/\/monde25.info\/index.php\/2026\/01\/18\/iran-une-femme-agent-des-renseignements-etrangers-arretee-et-3000-emeutiers-60-mille-pieces-darmes-saisies-ce-que-les-medias-occidentaux-ne-montrent-pas\/","title":{"rendered":"Iran : Une femme agent des renseignements \u00e9trangers arr\u00eat\u00e9e. Et 3000 \u00e9meutiers. 60 mille pi\u00e8ces d\u2019armes saisies. Ce que les m\u00e9dias occidentaux ne montrent pas"},"content":{"rendered":"<p> <br \/>\n<\/p>\n<div>\n<ol class=\"campaign-loop campaign-list\">\n<li id=\"campaign-482494\" class=\"post-482494 campaign type-campaign status-publish hentry campaign-has-goal campaign-has-achieved-goal campaign-has-end-date campaign-has-not-ended\">\n\t<a target=\"_blank\" href=\"https:\/\/reseauinternational.net\/campaigns\/campagne-de-dons-septembre-octobre-2025\/\"><\/p>\n<h3>Soutenez-nous<\/h3>\n<p>\t\t\t<\/a><\/p>\n<p>\n\tVotre soutien nous est indispensable pour continuer \u00e0 vous fournir le meilleur de l\u2019information internationale alternative. C\u2019est gr\u00e2ce \u00e0 vos dons que nous pourrons maintenir le cap pour une information plurielle et r\u00e9ellement alternative. Nous comptons sur vous.<\/p>\n<\/li>\n<\/ol>\n<p>par <strong>Al-Manar<\/strong><\/p>\n<p>Le service de renseignement du Corps des gardiens de la r\u00e9volution, arm\u00e9e d\u2019\u00e9lites de la R\u00e9publique islamique a rapport\u00e9 avoir arr\u00eat\u00e9 une Iranienne agente des renseignements \u00e9trangers en lien avec le fils du shah d\u00e9chu lequel s\u2019est \u00e9rig\u00e9 en chef des \u00e9meutes qui ont frapp\u00e9 l\u2019Iran depuis fin d\u00e9cembre.<\/p>\n<p>Nazanin Baradaran a \u00e9t\u00e9 captur\u00e9e pendant qu\u2019elle tentait de rentrer en Iran, ont rapport\u00e9 des m\u00e9dias iraniens ce vendredi. \u00ab<em>Elle comptait diriger le terrorisme et les \u00e9meutes arm\u00e9s<\/em>\u00bb, a pr\u00e9cis\u00e9 le CGRI, sans plus de d\u00e9tails.<\/p>\n<p>Ce vendredi, l\u2019agence de presse iranienne <em>Tasnim<\/em> a rapport\u00e9 que les autorit\u00e9s de s\u00e9curit\u00e9 ont annonc\u00e9 l\u2019arrestation de \u00ab<em>3000 personnes appartenant \u00e0 des groupes terroristes et impliqu\u00e9es dans les r\u00e9centes \u00e9meutes arm\u00e9es<\/em>\u00bb.<\/p>\n<p>La police de T\u00e9h\u00e9ran a pour sa part indiqu\u00e9 avoir saisi 60 000 pi\u00e8ces d\u2019armements qui \u00e9taient destin\u00e9es \u00e0 la capitale.<\/p>\n<h5 class=\"wp-block-heading\"><strong>Encore des marches<\/strong><\/h5>\n<p>Ce vendredi, des marches populaires ont eu lieu dans plusieurs provinces iraniennes apr\u00e8s la pri\u00e8re du vendredi, pour condamner les r\u00e9centes \u00e9meutes arm\u00e9es et les actes de sabotage perp\u00e9tr\u00e9s dans le pays.<\/p>\n<p>Les participants brandissaient des drapeaux iraniens et scandaient des slogans contre l\u2019ing\u00e9rence isra\u00e9lienne et am\u00e9ricaine dans les affaires int\u00e9rieures de l\u2019Iran.<\/p>\n<p>Certaines marches escortaient des cort\u00e8ges fun\u00e8bres des policiers et membres des forces de l\u2019ordre qui ont \u00e9t\u00e9 tu\u00e9s par les \u00e9meutiers.<\/p>\n<p class=\"has-text-align-center\"><strong>Images d\u2019obs\u00e8ques \u00e0 Machhad<\/strong><\/p>\n<figure class=\"wp-block-video\"><video controls=\"\" poster=\"https:\/\/reseauinternational.net\/wp-content\/uploads\/2026\/01\/Sans-titre-60.jpg\" src=\"https:\/\/mnrvids.oss-eu-central-1.aliyuncs.com\/2026\/January\/news\/reports\/16-4444_funerailles_vendredi.mp4.mp4\"\/><\/figure>\n<p>Aujourd\u2019hui, la situation \u00e9tait normale dans la ville sainte de Machhad o\u00f9 les visiteurs se sont rendus au sanctuaire de l\u2019imam Reza (s).<\/p>\n<figure class=\"wp-block-video\"><video controls=\"\" poster=\"https:\/\/reseauinternational.net\/wp-content\/uploads\/2026\/01\/Sans-titre-60-1.jpg\" src=\"https:\/\/mnrvids.oss-eu-central-1.aliyuncs.com\/2026\/January\/news\/reports\/16-11_(2)_machhad_normale.mp4.mp4\"\/><\/figure>\n<h5 class=\"wp-block-heading\"><strong>Ce que les m\u00e9dias occidentaux ne montrent pas<\/strong><\/h5>\n<p>Durant ces \u00e9meutes, les m\u00e9dias occidentaux s\u2019adonnaient \u00e0 une campagne de d\u00e9sinformation perverse. Occultant le vrai visage sanguinaire et f\u00e9roce des \u00e9meutiers qu\u2019ils ont pr\u00e9sent\u00e9s comme les manifestants pour la libert\u00e9.<\/p>\n<p>\u00abLa vague de protestation \u00e9touff\u00e9e par la r\u00e9pression\u00bb, c\u2019est ainsi que certaines agences ont d\u00e9crit le retour \u00e0 la normale apr\u00e8s la traque des \u00e9meutiers et leur arrestation ou \u00e9limination.<\/p>\n<p>Force est de constater que dans cette campagne, les attaques meurtri\u00e8res et destructrices perp\u00e9tr\u00e9es par les \u00e9meutiers \u00e9taient \u00e0 peine montr\u00e9es.<\/p>\n<p class=\"has-text-align-center\"><strong>D\u00e9gats caus\u00e9s par les \u00e9meutiers dans la ville de Chahine Chahr dans le gouvernorat d\u2019Ispahan au centre<\/strong><\/p>\n<figure class=\"wp-block-video\"><video controls=\"\" src=\"https:\/\/mnrvids.oss-eu-central-1.aliyuncs.com\/2026\/January\/news\/reports\/16-video_2026-01-16_19-47-46_chahine_chahr.mp4.mp4\"\/><\/figure>\n<p>Les m\u00e9dias occidentaux ont occult\u00e9 les attaques meurtri\u00e8res perp\u00e9tr\u00e9es contre les policiers ou les citoyens\u00a0:<\/p>\n<figure class=\"wp-block-video\"><video controls=\"\" poster=\"https:\/\/reseauinternational.net\/wp-content\/uploads\/2026\/01\/Sans-titre-60-2.jpg\" src=\"https:\/\/mnrvids.oss-eu-central-1.aliyuncs.com\/2026\/January\/news\/reports\/15-video_2026-01-15_11-56-14_tir_policier.mp4.mp4\"\/><\/figure>\n<p class=\"has-text-align-center\"><strong>Images d\u2019attaque des \u00e9meutiers contre un vieux monsieur<\/strong><\/p>\n<figure class=\"wp-block-video\"><video controls=\"\" poster=\"https:\/\/reseauinternational.net\/wp-content\/uploads\/2026\/01\/Sans-titre-60-3.jpg\" src=\"https:\/\/mnrvids.oss-eu-central-1.aliyuncs.com\/2026\/January\/news\/reports\/16-IMG_2498_attaques_emeutes.MP4.mp4\"\/><\/figure>\n<figure class=\"wp-block-video\"><video controls=\"\" src=\"https:\/\/mnrvids.oss-eu-central-1.aliyuncs.com\/2026\/January\/news\/reports\/16-video_2026-01-16_19-57-27_policier_lynche.mp4.mp4\"\/><\/figure>\n<p class=\"has-text-align-center\"><strong>Les policiers gri\u00e8vement bless\u00e9s dans les h\u00f4pitaux<\/strong><\/p>\n<figure class=\"wp-block-video\"><video controls=\"\" poster=\"https:\/\/reseauinternational.net\/wp-content\/uploads\/2026\/01\/Sans-titre-60-4.jpg\" src=\"https:\/\/mnrvids.oss-eu-central-1.aliyuncs.com\/2026\/January\/news\/reports\/16-video_2026-01-16_20-02-57_policiers_blesses.mp4.mp4\"\/><\/figure>\n<figure class=\"wp-block-video\"><video controls=\"\" src=\"https:\/\/mnrvids.oss-eu-central-1.aliyuncs.com\/2026\/January\/news\/reports\/16-68828cfb-df49-4f30-a588-ab353f39355e_policiers_blesses.mp4.mp4\"\/><\/figure>\n<p>Ils n\u2019ont pas non plus montr\u00e9 que les \u00e9meutiers \u00e9taient arm\u00e9s et les types d\u2019armements dont ils disposaient.<\/p>\n<figure class=\"wp-block-video\"><video controls=\"\" src=\"https:\/\/mnrvids.oss-eu-central-1.aliyuncs.com\/2026\/January\/news\/reports\/16-Ak7nQehekiH0HZje_armes.mp4.mp4\"\/><\/figure>\n<figure class=\"wp-block-video\"><video controls=\"\" poster=\"https:\/\/reseauinternational.net\/wp-content\/uploads\/2026\/01\/Sans-titre-60-5.jpg\" src=\"https:\/\/mnrvids.oss-eu-central-1.aliyuncs.com\/2026\/January\/news\/reports\/16-video_2026-01-16_19-49-41_armes.mp4.mp4\"\/><\/figure>\n<p>Aucune importance non plus n\u2019est accord\u00e9e aux manifestations massives qui ont \u00e9t\u00e9 organis\u00e9es dans des dizaines de villes pour protester contre ces \u00e9meutes et au cours desquelles les portraits du guide ont \u00e9t\u00e9 arbor\u00e9s ainsi que le drapeau iranien actuel. Pour les m\u00e9dias occidentaux, les \u00e9meutiers repr\u00e9sentent la totalit\u00e9 du peuple iranien.<\/p>\n<figure class=\"wp-block-video\"><video controls=\"\" poster=\"https:\/\/reseauinternational.net\/wp-content\/uploads\/2026\/01\/Sans-titre-60-6.jpg\" src=\"https:\/\/mnrvids.oss-eu-central-1.aliyuncs.com\/2026\/January\/news\/reports\/16-manif_iran.MP4.mp4\"\/><\/figure>\n<p>Des agences occidentales se sont cantonn\u00e9es \u00e0 rapporter aveuglement les chiffres arbitraires fournis par des \u00abONG et des experts\u00bb, selon lesquels il y a eu des milliers de morts dans \u00abla r\u00e9pression\u00bb de ces \u00e9meutes. L\u2019ONG la plus consult\u00e9e est l\u2019Iran Human Rights, laquelle diffusait des chiffres al\u00e9atoires depuis la Norv\u00e8ge. Elle a rendu compte de 20 mille arrestations et de 3428 morts, voire de 5000 et de 20 000, selon les rapports.<\/p>\n<p>La cha\u00eene d\u2019opposition Iran International, op\u00e9rant depuis l\u2019\u00e9tranger, qui participe elle aussi \u00e0 cette campagne de d\u00e9sinformations affirme pour sa part qu\u2019au moins 12 000 personnes ont \u00e9t\u00e9 tu\u00e9es, arguant citer de hautes sources gouvernementales et s\u00e9curitaires. Ses chiffres ont \u00e9t\u00e9 relay\u00e9s \u00e9galement par les m\u00e9dias occidentaux.<\/p>\n<p>Tout en faisant miroiter l\u2019image du fils du chah Reza Pahlavi, d\u00e9chu en 1979, et qui esp\u00e9rait \u00abentrer au pays\u00bb \u00e0 la m\u00eame date o\u00f9 son p\u00e8re a \u00e9t\u00e9 expuls\u00e9, elles ont particuli\u00e8rement vis\u00e9 la personne du guide supr\u00eame l\u2019ayatollah Ali Khamenei. Les photos diss\u00e9min\u00e9es en boucles par les agences, montrant des femmes suppos\u00e9es \u00eatre des Iraniennes, en train d\u2019allumer leur cigarette en br\u00fblant son portrait. Ces images ont nourri l\u2019iconoclastie de cette campagne infeste.<\/p>\n<p>Au plus fort de sa campagne, le britannique The Times est m\u00eame all\u00e9 jusqu\u2019\u00e0 \u00e9crire que le guide supr\u00eame s\u2019appr\u00eate \u00e0 quitter T\u00e9h\u00e9ran en direction de la capitale russe.<\/p>\n<p>Ce vendredi, un reportage d\u2019agence a rapport\u00e9 que Reza Pahlavi fils a dit que \u00ab<em>le pouvoir iranien finira par tomber<\/em>\u00bb. Les rassemblements de ses partisans en Europe ont fait la une des m\u00e9dias occidentaux lesquels s\u2019abstiendront naturellement de rendre compte des manifestations de soutien \u00e0 la R\u00e9publique islamique et \u00e0 son guide qui ont eu lieu dans plusieurs pays, dont l\u2019Irak et plus pr\u00e9cis\u00e9ment dans la ville sainte de Najaf et dans la capitale Bagdad.<\/p>\n<p>De m\u00eame au Pakistan et au Cachemire en Inde.<\/p>\n<figure class=\"wp-block-video\"><video controls=\"\" src=\"https:\/\/mnrvids.oss-eu-central-1.aliyuncs.com\/2026\/January\/news\/reports\/16-55_pakistan.mp4.mp4\"\/><\/figure>\n<figure class=\"wp-block-video\"><video controls=\"\" src=\"https:\/\/mnrvids.oss-eu-central-1.aliyuncs.com\/2026\/January\/news\/reports\/16-cachemire_iran.mp4.mp4\"\/><\/figure>\n<p>source : <a target=\"_blank\" href=\"https:\/\/french.almanar.com.lb\/article\/5032\/\" target=\"_blank\" rel=\"noopener\" title=\"\">Al-Manar<\/a><\/p>\n<div class=\"sharedaddy sd-block sd-like jetpack-likes-widget-wrapper jetpack-likes-widget-unloaded\" id=\"like-post-wrapper-237719536-506324-696c5aa1cf881\" data-src=\"https:\/\/widgets.wp.com\/likes\/?ver=15.2#blog_id=237719536&amp;post_id=506324&amp;origin=reseauinternational.net&amp;obj_id=237719536-506324-696c5aa1cf881\" data-name=\"like-post-frame-237719536-506324-696c5aa1cf881\" data-title=\"Aimer ou rebloguer\">\n<h3 class=\"sd-title\">J\u2019aime \u00e7a\u00a0:<\/h3>\n<p><span class=\"button\"><span>J\u2019aime<\/span><\/span> <span class=\"loading\">chargement\u2026<\/span><\/p>\n<p><span class=\"sd-text-color\"\/><a target=\"_blank\" class=\"sd-link-color\"\/><\/div>\n<p><meta itemscope=\"\" itemprop=\"mainEntityOfPage\" itemtype=\"https:\/\/schema.org\/WebPage\" itemid=\"https:\/\/reseauinternational.net\/iran-une-femme-agent-des-renseignements-etrangers-arretee-et-3000-emeutiers-60-mille-pieces-darmes-saisies-ce-que-les-medias-occidentaux-ne-montrent-pas\/\"\/><meta itemprop=\"headline\" content=\"Iran : Une femme agent des renseignements \u00e9trangers arr\u00eat\u00e9e. Et 3000 \u00e9meutiers. 60 mille pi\u00e8ces d\u2019armes saisies. Ce que les m\u00e9dias occidentaux ne montrent pas\"\/><span style=\"display: none;\" itemprop=\"author\" itemscope=\"\" itemtype=\"https:\/\/schema.org\/Person\"><meta itemprop=\"name\" content=\"R\u00e9seau International\"\/><\/span><span style=\"display: none;\" itemprop=\"image\" itemscope=\"\" itemtype=\"https:\/\/schema.org\/ImageObject\"><meta itemprop=\"url\" content=\"https:\/\/i0.wp.com\/reseauinternational.net\/wp-content\/uploads\/2026\/01\/Sans-titre-54.png?fit=800%2C467&amp;ssl=1\"\/><meta itemprop=\"width\" content=\"800\"\/><meta itemprop=\"height\" content=\"467\"\/><\/span><span style=\"display: none;\" itemprop=\"publisher\" itemscope=\"\" itemtype=\"https:\/\/schema.org\/Organization\"><span style=\"display: none;\" itemprop=\"logo\" itemscope=\"\" itemtype=\"https:\/\/schema.org\/ImageObject\"><meta itemprop=\"url\" content=\"https:\/\/reseauinternational.net\/wp-content\/uploads\/2022\/06\/Capture-de\u0301cran-2022-06-14-a\u0300-16.51.07.png\"\/><\/span><meta itemprop=\"name\" content=\"R\u00e9seau International\"\/><\/span><meta itemprop=\"datePublished\" content=\"2026-01-17T14:15:24+00:00\"\/><meta itemprop=\"dateModified\" content=\"2026-01-17T14:16:00+00:00\"\/><\/div>\n<p><br \/>\n<br \/><a href=\"https:\/\/reseauinternational.net\/iran-une-femme-agent-des-renseignements-etrangers-arretee-et-3000-emeutiers-60-mille-pieces-darmes-saisies-ce-que-les-medias-occidentaux-ne-montrent-pas\/\" target=\"_blank\"\">Source link <\/a><\/p>\n","protected":false},"excerpt":{"rendered":"<p>Soutenez-nous Votre soutien nous est indispensable pour continuer \u00e0 vous fournir le meilleur de l\u2019information internationale alternative. C\u2019est gr\u00e2ce \u00e0 vos dons que nous pourrons maintenir le cap pour une&hellip; <\/p>\n","protected":false},"author":1,"featured_media":22574,"comment_status":"open","ping_status":"open","sticky":false,"template":"","format":"standard","meta":{"footnotes":""},"categories":[1],"tags":[],"class_list":["post-22573","post","type-post","status-publish","format-standard","has-post-thumbnail","hentry","category-non-classe"],"_links":{"self":[{"href":"https:\/\/monde25.info\/index.php\/wp-json\/wp\/v2\/posts\/22573","targetHints":{"allow":["GET"]}}],"collection":[{"href":"https:\/\/monde25.info\/index.php\/wp-json\/wp\/v2\/posts"}],"about":[{"href":"https:\/\/monde25.info\/index.php\/wp-json\/wp\/v2\/types\/post"}],"author":[{"embeddable":true,"href":"https:\/\/monde25.info\/index.php\/wp-json\/wp\/v2\/users\/1"}],"replies":[{"embeddable":true,"href":"https:\/\/monde25.info\/index.php\/wp-json\/wp\/v2\/comments?post=22573"}],"version-history":[{"count":0,"href":"https:\/\/monde25.info\/index.php\/wp-json\/wp\/v2\/posts\/22573\/revisions"}],"wp:featuredmedia":[{"embeddable":true,"href":"https:\/\/monde25.info\/index.php\/wp-json\/wp\/v2\/media\/22574"}],"wp:attachment":[{"href":"https:\/\/monde25.info\/index.php\/wp-json\/wp\/v2\/media?parent=22573"}],"wp:term":[{"taxonomy":"category","embeddable":true,"href":"https:\/\/monde25.info\/index.php\/wp-json\/wp\/v2\/categories?post=22573"},{"taxonomy":"post_tag","embeddable":true,"href":"https:\/\/monde25.info\/index.php\/wp-json\/wp\/v2\/tags?post=22573"}],"curies":[{"name":"wp","href":"https:\/\/api.w.org\/{rel}","templated":true}]}}