{"id":2258,"date":"2024-12-15T17:14:55","date_gmt":"2024-12-15T16:14:55","guid":{"rendered":"https:\/\/monde25.info\/index.php\/2024\/12\/15\/192-loups-pourront-etre-abattus-en-france-en-2025\/"},"modified":"2024-12-15T17:14:55","modified_gmt":"2024-12-15T16:14:55","slug":"192-loups-pourront-etre-abattus-en-france-en-2025","status":"publish","type":"post","link":"https:\/\/monde25.info\/index.php\/2024\/12\/15\/192-loups-pourront-etre-abattus-en-france-en-2025\/","title":{"rendered":"192 loups pourront \u00eatre abattus en France en 2025"},"content":{"rendered":"<p> <br \/>\n<\/p>\n<div>\n        <span class=\"date\">13 d\u00e9cembre 2024  \u00e0 12h27<\/span><\/p>\n<p class=\"duree_lecture\">\n        Dur\u00e9e de lecture : 2 minutes\n      <\/p>\n<\/p><\/div>\n<div>\n<p>La population de loups en France <a target=\"_blank\" href=\"https:\/\/france3-regions.francetvinfo.fr\/auvergne-rhone-alpes\/isere\/grenoble\/population-de-loups-en-legere-baisse-attaques-de-troupeaux-en-hausse-les-eleveurs-denoncent-un-abandon-3075838.html\" class=\"spip_out\" rel=\"external\">a \u00e9t\u00e9 estim\u00e9e \u00e0 1\u00a0013\u00a0individus<\/a>, a indiqu\u00e9 la pr\u00e9fecture de la r\u00e9gion Auvergne-Rh\u00f4ne-Alpes jeudi 12\u00a0d\u00e9cembre. Ce nombre est quasiment stable par rapport \u00e0 celui publi\u00e9 en mai\u00a02023 (1\u00a0003\u00a0loups) mais en baisse par rapport au correctif publi\u00e9 en septembre\u00a02023 (1\u00a0104\u00a0loups).<\/p>\n<p>\u00c0 noter qu\u2019\u00e0 partir du 1\u1d49\u02b3 janvier 2025, la m\u00e9thode <span class=\"caps\">CMR<\/span> (capture-marquage-recapture) sera la seule utilis\u00e9e pour estimer la population de loups. Elle est r\u00e9put\u00e9e plus fiable car elle repose sur l\u2019identification individuelle des loups par leur profil g\u00e9n\u00e9tique. Jusqu\u2019\u00e0 pr\u00e9sent, cette m\u00e9thode \u00e9tait crois\u00e9e avec une premi\u00e8re estimation produite en fin d\u2019hiver par le R\u00e9seau loup-lynx.<\/p>\n<p>En cons\u00e9quence, 192\u00a0loups pourront \u00eatre abattus en\u00a02025, conform\u00e9ment au plan loup qui fixe le plafond d\u2019abattage \u00e0 19<small class=\"fine d-inline\">\u00a0<\/small>% de la population lupine. En\u00a02023, l\u2019\u00c9tat avait autoris\u00e9 l\u2019abattage de 204\u00a0loups.<\/p>\n<h2 class=\"spip\">19<small class=\"fine d-inline\">\u00a0<\/small>%, c\u2019est trop, selon les protecteurs de l\u2019environnement <\/h2>\n<p>Pour les associations de protection de l\u2019environnement, cette stagnation voire baisse du nombre de loups d\u00e9montre que l\u2019\u00e9tat de conservation de l\u2019esp\u00e8ce reste fragile. <i>\u00ab<small class=\"fine d-inline\">\u00a0<\/small>Il semble que la preuve est faite que 19<small class=\"fine d-inline\">\u00a0<\/small>% c\u2019est trop, et que \u00e7a aboutit \u00e0 une stagnation de la population (a minima). Un \u00c9tat qui voudrait garantir un bon \u00e9tat de conservation baisserait le taux de pr\u00e9l\u00e8vement<small class=\"fine d-inline\">\u00a0<\/small>\u00bb<\/i>, a ainsi comment\u00e9 la Ligue pour la protection des oiseaux\u00a0(<span class=\"caps\">LPO<\/span>).<\/p>\n<p>Les \u00e9leveurs, en revanche, se sont plaints d\u2019\u00eatre <i>\u00ab<small class=\"fine d-inline\">\u00a0<\/small>abandonn\u00e9s<small class=\"fine d-inline\">\u00a0<\/small>\u00bb<\/i>. <i>\u00ab<small class=\"fine d-inline\">\u00a0<\/small>Cette ann\u00e9e, on n\u2019arrive pas \u00e0 d\u00e9fendre nos troupeaux jusqu\u2019\u00e0 la fin d\u00e9cembre, l\u2019ann\u00e9e prochaine avec la baisse des pr\u00e9l\u00e8vements, on va encore avoir moins de moyens pour d\u00e9fendre nos troupeaux<small class=\"fine d-inline\">\u00a0<\/small>\u00bb<\/i>, a d\u00e9plor\u00e9 Claude Font, \u00e9leveur en Haute-Loire et secr\u00e9taire g\u00e9n\u00e9ral de la F\u00e9d\u00e9ration nationale ovine\u00a0(<span class=\"caps\">FNO<\/span>).<\/p>\n<p>D\u2019apr\u00e8s la pr\u00e9fecture de la r\u00e9gion Auvergne-Rh\u00f4ne-Alpes, le nombre d\u2019attaques de loups a augment\u00e9 de 4,6<small class=\"fine d-inline\">\u00a0<\/small>% et le nombre d\u2019animaux pr\u00e9dat\u00e9s de 10,6<small class=\"fine d-inline\">\u00a0<\/small>%, principalement dans les territoires o\u00f9 le loup vient d\u2019arriver.<\/p>\n<p>D\u00e9but d\u00e9cembre, sous la pression des organisations agricoles et malgr\u00e9 les alertes des associations de protection de l\u2019environnement, la Convention de Berne \u2014\u00a0\u00e0 laquelle appartient l\u2019Union europ\u00e9enne\u00a0\u2014 a baiss\u00e9 le niveau de protection du loup, le passant de <i>\u00ab<small class=\"fine d-inline\">\u00a0<\/small>strictement prot\u00e9g\u00e9<small class=\"fine d-inline\">\u00a0<\/small>\u00bb<\/i> \u00e0 <i>\u00ab<small class=\"fine d-inline\">\u00a0<\/small>prot\u00e9g\u00e9<small class=\"fine d-inline\">\u00a0<\/small>\u00bb<\/i>.<\/p>\n<aside class=\"boite_encarts\">\n<div class=\"encart encart_gris noprint\">\n<p><strong>Il est de retour.<\/strong><\/p>\n<p>Dans quelques semaines, Donald Trump se r\u00e9-installera \u00e0 la Maison Blanche.<\/p>\n<p>Un milliardaire, pour qui le r\u00e9chauffement climatique est \u00ab<small class=\"fine d-inline\">\u00a0<\/small>un canular<small class=\"fine d-inline\">\u00a0<\/small>\u00bb, sera \u00e0 la t\u00eate de la plus grande puissance mondiale.<\/p>\n<p>Dans une d\u00e9cennie cruciale pour l\u2019\u00e9cologie, nous ne pouvons pas nous permettre de perdre plus de temps.<\/p>\n<p>La soci\u00e9t\u00e9 civile doit continuer de se soulever, de se mobiliser et de faire pression sur les puissants.<\/p>\n<p>Mais pour agir, il faut savoir.<\/p>\n<p><strong>Depuis 11 ans, nous publions des articles de qualit\u00e9 sur l\u2019\u00e9cologie, en acc\u00e8s libre et sans publicit\u00e9, pour tous.<\/strong><\/p>\n<p>Nous avons la conviction que l\u2019urgence \u00e9cologique est l\u2019enjeu majeur de notre \u00e9poque.<br class=\"autobr\"\/><br \/>\n Et comme plus de 2 millions de lectrices et lecteurs chaque mois, vous partagez sans doute cette conviction&#8230;<\/p>\n<p>Alors si vous en avez les moyens, sachez qu\u2019un don, m\u00eame d\u20191\u20ac, est un acte de soutien fort pour l\u2019\u00e9cologie et le journalisme ind\u00e9pendant.<br class=\"autobr\"\/><br \/>\n (Et \u00e7a vous prendra moins de temps que la lecture de ce texte).<\/p>\n<p><strong>Si vous le pouvez, choisissez un soutien mensuel. Merci.<\/strong><\/p>\n<p><a target=\"_blank\" href=\"https:\/\/reporterre.net\/dons\" class=\"bt_soutenir\">Je soutiens <i>Reporterre<\/i><\/a><\/p>\n<\/p><\/div>\n<div class=\"encart encart_vert noprint montre_1023\">\n<div class=\"infolettre-form-container noprint\">\n<p>Abonnez-vous \u00e0 la lettre d\u2019info de Reporterre<\/p>\n<\/div><\/div>\n<\/aside>\n<aside class=\"boite_apresarticle encart_note\">\n<h4>Apr\u00e8s cet article<\/h4>\n<p>      <a target=\"_blank\" href=\"https:\/\/reporterre.net\/Le-loup-ne-sera-plus-autant-protege-en-Europe\" class=\"lien_article\">\n      <picture class=\"vignette_gauche\"><source type=\"image\/webp\" srcset=\"https:\/\/reporterre.net\/https:\/\/reporterre.net\/local\/cache-gd2\/b4\/ec94ddded71a524f84ad1cd1681b5a.jpg@.webp?1733325452\"><img decoding=\"async\" src=\"https:\/\/reporterre.net\/local\/cache-gd2\/b4\/ec94ddded71a524f84ad1cd1681b5a.jpg?1733325452\" width=\"450\" height=\"300\" alt=\"\" class=\"marge12\" loading=\"lazy\"\/><br \/>\n<\/source><\/picture>\n<p class=\"libelle\">\n<p>      Chasse\n    <\/p>\n<p class=\"titre pol20\">Le loup ne sera plus autant prot\u00e9g\u00e9 en Europe<\/p>\n<p>      <\/a><br \/>\n    <\/aside>\n<aside class=\"boite_complement texte\">\n<p>      <!-- zone_forum --><br \/>\n          <\/aside>\n<aside class=\"boite_lireaussi noprint\">\n<\/aside>\n<aside class=\"colonne\">\n<div class=\"article_info cache_1023 noprint\">\n        <span class=\"date\">13 d\u00e9cembre 2024  \u00e0 12h27<\/span><\/p>\n<p class=\"duree_lecture\">\n        Dur\u00e9e de lecture : 2 minutes\n      <\/p>\n<\/p><\/div>\n<div class=\"bloc_infolettre\">\n<div class=\"infolettre-form-container noprint\">\n<p>Abonnez-vous \u00e0 la lettre d\u2019info de Reporterre<\/p>\n<\/div><\/div>\n<\/aside>\n<div id=\"galerie\">\n  <img decoding=\"async\" src=\"\" class=\"principale\" id=\"principale\"\/><\/p>\n<p id=\"legende\">legende<\/p>\n<\/div>\n<footer class=\"noprint\">\n<\/footer>\n<\/div>\n<p><br \/>\n<br \/><a href=\"https:\/\/reporterre.net\/192-loups-pourront-etre-abattus-en-France-en-2025\" target=\"_blank\"\">Source link <\/a><\/p>\n","protected":false},"excerpt":{"rendered":"<p>13 d\u00e9cembre 2024 \u00e0 12h27 Dur\u00e9e de lecture : 2 minutes La population de loups en France a \u00e9t\u00e9 estim\u00e9e \u00e0 1\u00a0013\u00a0individus, a indiqu\u00e9 la pr\u00e9fecture de la r\u00e9gion Auvergne-Rh\u00f4ne-Alpes&hellip; <\/p>\n","protected":false},"author":1,"featured_media":2259,"comment_status":"open","ping_status":"open","sticky":false,"template":"","format":"standard","meta":{"footnotes":""},"categories":[1],"tags":[],"class_list":["post-2258","post","type-post","status-publish","format-standard","has-post-thumbnail","hentry","category-non-classe"],"_links":{"self":[{"href":"https:\/\/monde25.info\/index.php\/wp-json\/wp\/v2\/posts\/2258","targetHints":{"allow":["GET"]}}],"collection":[{"href":"https:\/\/monde25.info\/index.php\/wp-json\/wp\/v2\/posts"}],"about":[{"href":"https:\/\/monde25.info\/index.php\/wp-json\/wp\/v2\/types\/post"}],"author":[{"embeddable":true,"href":"https:\/\/monde25.info\/index.php\/wp-json\/wp\/v2\/users\/1"}],"replies":[{"embeddable":true,"href":"https:\/\/monde25.info\/index.php\/wp-json\/wp\/v2\/comments?post=2258"}],"version-history":[{"count":0,"href":"https:\/\/monde25.info\/index.php\/wp-json\/wp\/v2\/posts\/2258\/revisions"}],"wp:featuredmedia":[{"embeddable":true,"href":"https:\/\/monde25.info\/index.php\/wp-json\/wp\/v2\/media\/2259"}],"wp:attachment":[{"href":"https:\/\/monde25.info\/index.php\/wp-json\/wp\/v2\/media?parent=2258"}],"wp:term":[{"taxonomy":"category","embeddable":true,"href":"https:\/\/monde25.info\/index.php\/wp-json\/wp\/v2\/categories?post=2258"},{"taxonomy":"post_tag","embeddable":true,"href":"https:\/\/monde25.info\/index.php\/wp-json\/wp\/v2\/tags?post=2258"}],"curies":[{"name":"wp","href":"https:\/\/api.w.org\/{rel}","templated":true}]}}