{"id":22582,"date":"2026-01-18T10:29:39","date_gmt":"2026-01-18T09:29:39","guid":{"rendered":"https:\/\/monde25.info\/index.php\/2026\/01\/18\/trump-brandit-les-tarifs-pour-forcer-leurope-a-accepter-la-vente-de-lile-aux-etats-unis-rt-en-francais\/"},"modified":"2026-01-18T10:29:39","modified_gmt":"2026-01-18T09:29:39","slug":"trump-brandit-les-tarifs-pour-forcer-leurope-a-accepter-la-vente-de-lile-aux-etats-unis-rt-en-francais","status":"publish","type":"post","link":"https:\/\/monde25.info\/index.php\/2026\/01\/18\/trump-brandit-les-tarifs-pour-forcer-leurope-a-accepter-la-vente-de-lile-aux-etats-unis-rt-en-francais\/","title":{"rendered":"Trump brandit les tarifs pour forcer l\u2019Europe \u00e0 accepter la vente de l\u2019\u00eele aux \u00c9tats-Unis \u2014 RT en fran\u00e7ais"},"content":{"rendered":"<p> <br \/>\n<br \/><img decoding=\"async\" src=\"https:\/\/mf.b37mrtl.ru\/french\/images\/2026.01\/thumbnail\/696c953b87f3ec46c14b78b2.jpg\" \/><\/p>\n<div>\n<p class=\"text__summary\">\n                                        Donald Trump a brandi la menace de droits de douane contre plusieurs pays europ\u00e9ens ayant d\u00e9ploy\u00e9 des militaires au Groenland, conditionnant leur lev\u00e9e \u00e0 l\u2019acceptation d\u2019un accord sur l\u2019achat de l\u2019\u00eele par les \u00c9tats-Unis. Pris de court par cet ultimatum, les dirigeants europ\u00e9ens coordonnent leurs r\u00e9actions et convoquent une r\u00e9union d\u2019urgence.\n                                    <\/p>\n<p>L\u2019administration am\u00e9ricaine a franchi un nouveau seuil dans le bras de fer transatlantique : dans un contexte de pressions r\u00e9p\u00e9t\u00e9es de Donald Trump visant \u00e0 s\u2019approprier l\u2019\u00eele, d\u00e9cision est prise d\u2019imposer des droits de douane \u00e0 plusieurs pays europ\u00e9ens ayant d\u00e9ploy\u00e9 un contingent militaire en Groenland.<\/p>\n<p>\u00ab\u00a0Le Danemark, la Norv\u00e8ge, la Su\u00e8de, la France, l\u2019Allemagne, le Royaume-Uni, les Pays-Bas et la Finlande se sont rendus au Groenland pour des raisons inconnues. Il s\u2019agit d\u2019une situation extr\u00eamement dangereuse pour la s\u00fbret\u00e9, la s\u00e9curit\u00e9 et la survie de notre plan\u00e8te. Ces pays, qui jouent \u00e0 ce jeu tr\u00e8s dangereux, courent un risque qu\u2019ils ne peuvent ni endurer ni supporter. Afin de prot\u00e9ger la paix et la s\u00e9curit\u00e9 mondiales, il est par cons\u00e9quent imp\u00e9ratif que des mesures rigoureuses soient adopt\u00e9es pour que cette situation potentiellement dangereuse prenne fin rapidement et sans \u00e9quivoque\u00a0\u00bb, <a target=\"_blank\" href=\"https:\/\/truthsocial.com\/@realDonaldTrump\/posts\/115911344443637897\" target=\"_blank\" rel=\"noopener noreferrer\">a indiqu\u00e9 le pr\u00e9sident am\u00e9ricain sur Truth Social<\/a>.<\/p>\n<p>\u00c0 partir du 1er f\u00e9vrier 2026, les \u00c9tats-Unis appliqueront un tarif douanier uniforme de 10\u00a0% sur l\u2019ensemble des marchandises export\u00e9es vers leur territoire depuis tous les pays susmentionn\u00e9s. Cette mesure sera renforc\u00e9e d\u00e8s le 1er juin 2026, date \u00e0 laquelle le tarif passera \u00e0 25\u00a0%. Selon les termes annonc\u00e9s, ces droits resteront en vigueur jusqu\u2019\u00e0 la conclusion d\u2019un accord portant sur l\u2019achat complet et global du Groenland par les \u00c9tats-Unis.<\/p>\n<h2>L&rsquo;Europe se r\u00e9veille ?<\/h2>\n<p>Les r\u00e9actions politiques en Europe n\u2019ont pas tard\u00e9. Le pr\u00e9sident fran\u00e7ais Emmanuel Macron a assur\u00e9 que l\u2019instauration de ces droits de douane n\u2019affecterait en rien l\u2019engagement de la France au Groenland. Le Premier ministre britannique Keir Starmer a annonc\u00e9 son intention de s\u2019adresser directement \u00e0 Washington, qualifiant la menace am\u00e9ricaine de \u00ab\u00a0totalement inappropri\u00e9e\u00a0\u00bb. Du c\u00f4t\u00e9 des institutions europ\u00e9ennes, Ursula von der Leyen et Ant\u00f3nio Costa ont exprim\u00e9 leur volont\u00e9 de poursuivre le dialogue entre l\u2019Union europ\u00e9enne et les \u00c9tats-Unis, tout en mettant en garde contre les cons\u00e9quences de ces mesures commerciales. Selon eux, les droits de douane risquent de fragiliser les relations transatlantiques et d\u2019entra\u00eener une \u00ab\u00a0dangereuse spirale descendante\u00a0\u00bb.<\/p>\n<p>La cheffe de la diplomatie europ\u00e9enne Kaja Kallas a, pour sa part, appel\u00e9 \u00e0 traiter la question du Groenland dans le cadre de l\u2019OTAN, soulignant la n\u00e9cessit\u00e9 de ne pas \u00ab\u00a0d\u00e9tourner l\u2019attention des efforts de r\u00e8glement du conflit en Ukraine\u00a0\u00bb. Elle a averti que les tarifs annonc\u00e9s conduiraient \u00e0 l\u2019appauvrissement aussi bien de l\u2019Union europ\u00e9enne que des \u00c9tats-Unis. Le pr\u00e9sident finlandais Alexander Stubb a insist\u00e9 sur l\u2019importance de renforcer la s\u00e9curit\u00e9 dans l\u2019Arctique, tout en jugeant inacceptable que des diff\u00e9rends entre alli\u00e9s soient r\u00e9gl\u00e9s par la pression \u00e9conomique. Une position similaire a \u00e9t\u00e9 exprim\u00e9e par le Premier ministre norv\u00e9gien Jonas Gahr Store, qui a d\u00e9clar\u00e9 que les menaces entre alli\u00e9s sont inadmissibles, affirmant que la position de la Norv\u00e8ge restait ferme et inchang\u00e9e. En Su\u00e8de, le Premier ministre Ulf Kristersson a r\u00e9agi avec fermet\u00e9, d\u00e9clarant que son pays ne se laisserait pas faire chanter. Il a pr\u00e9cis\u00e9 que Stockholm menait des consultations avec les autres pays de l\u2019UE, ainsi qu\u2019avec la Norv\u00e8ge et le Royaume-Uni, en vue d\u2019une r\u00e9ponse collective.<\/p>\n<p>Face \u00e0 l\u2019escalade, l\u2019Union europ\u00e9enne a convoqu\u00e9 une r\u00e9union d\u2019urgence des 27 \u00c9tats membres, pr\u00e9vue ce 18 janvier.<\/p>\n<p>Le Groenland est une ancienne colonie danoise devenu territoire autonome du Royaume du Danemark, qui continue de contr\u00f4ler sa politique \u00e9trang\u00e8re et de s\u00e9curit\u00e9. Avec ses 2,166\u00a0millions\u00a0de\u00a0kilom\u00e8tres\u00a0carr\u00e9s, c&rsquo;est la plus grande \u00eele du monde, dont pr\u00e8s de 80\u00a0% du territoire est recouvert de glace. Elle est situ\u00e9e au nord-est de l&rsquo;Am\u00e9rique du Nord. L&rsquo;\u00eele compte un peu plus de 50\u00a0000\u00a0habitants, pour la plupart des Inuits (Eskimos).<\/p>\n<\/div>\n<p><br \/>\n<br \/><a href=\"https:\/\/francais.rt.com\/international\/129487-groenland-trump-brandit-tarifs-pour-forcer-europe-a-accepter-vente-de-ile-aux-etats-unis\" target=\"_blank\"\">Source link <\/a><\/p>\n","protected":false},"excerpt":{"rendered":"<p>Donald Trump a brandi la menace de droits de douane contre plusieurs pays europ\u00e9ens ayant d\u00e9ploy\u00e9 des militaires au Groenland, conditionnant leur lev\u00e9e \u00e0 l\u2019acceptation d\u2019un accord sur l\u2019achat de&hellip; <\/p>\n","protected":false},"author":1,"featured_media":22583,"comment_status":"open","ping_status":"open","sticky":false,"template":"","format":"standard","meta":{"footnotes":""},"categories":[1],"tags":[],"class_list":["post-22582","post","type-post","status-publish","format-standard","has-post-thumbnail","hentry","category-non-classe"],"_links":{"self":[{"href":"https:\/\/monde25.info\/index.php\/wp-json\/wp\/v2\/posts\/22582","targetHints":{"allow":["GET"]}}],"collection":[{"href":"https:\/\/monde25.info\/index.php\/wp-json\/wp\/v2\/posts"}],"about":[{"href":"https:\/\/monde25.info\/index.php\/wp-json\/wp\/v2\/types\/post"}],"author":[{"embeddable":true,"href":"https:\/\/monde25.info\/index.php\/wp-json\/wp\/v2\/users\/1"}],"replies":[{"embeddable":true,"href":"https:\/\/monde25.info\/index.php\/wp-json\/wp\/v2\/comments?post=22582"}],"version-history":[{"count":0,"href":"https:\/\/monde25.info\/index.php\/wp-json\/wp\/v2\/posts\/22582\/revisions"}],"wp:featuredmedia":[{"embeddable":true,"href":"https:\/\/monde25.info\/index.php\/wp-json\/wp\/v2\/media\/22583"}],"wp:attachment":[{"href":"https:\/\/monde25.info\/index.php\/wp-json\/wp\/v2\/media?parent=22582"}],"wp:term":[{"taxonomy":"category","embeddable":true,"href":"https:\/\/monde25.info\/index.php\/wp-json\/wp\/v2\/categories?post=22582"},{"taxonomy":"post_tag","embeddable":true,"href":"https:\/\/monde25.info\/index.php\/wp-json\/wp\/v2\/tags?post=22582"}],"curies":[{"name":"wp","href":"https:\/\/api.w.org\/{rel}","templated":true}]}}