{"id":22590,"date":"2026-01-18T13:47:40","date_gmt":"2026-01-18T12:47:40","guid":{"rendered":"https:\/\/monde25.info\/index.php\/2026\/01\/18\/plainte-de-liran-contre-lingerence-israelo-etats-unienne-par-amir-saeid-iravani\/"},"modified":"2026-01-18T13:47:40","modified_gmt":"2026-01-18T12:47:40","slug":"plainte-de-liran-contre-lingerence-israelo-etats-unienne-par-amir-saeid-iravani","status":"publish","type":"post","link":"https:\/\/monde25.info\/index.php\/2026\/01\/18\/plainte-de-liran-contre-lingerence-israelo-etats-unienne-par-amir-saeid-iravani\/","title":{"rendered":"Plainte de l&rsquo;Iran contre l&rsquo;ing\u00e9rence isra\u00e9lo-\u00e9tats-unienne, par Amir Saeid Iravani"},"content":{"rendered":"<p> <br \/>\n<\/p>\n<div>\n<div class=\"spip_document_251613 spip_document spip_documents spip_document_image spip_documents_center spip_document_center\">\n<figure class=\"spip_doc_inner\">\n<a target=\"_blank\" href=\"https:\/\/www.voltairenet.org\/IMG\/jpg\/400_-_1_1_-253.jpg\" class=\"spip_doc_lien mediabox\" type=\"image\/jpeg\"><br \/>\n<img loading=\"lazy\" decoding=\"async\" src=\"https:\/\/www.voltairenet.org\/local\/cache-vignettes\/L800xH600\/400_-_1_1_-253-4df37.jpg?1768632456\" width=\"800\" height=\"600\" alt=\"\"\/><\/a><br \/>\n<\/figure>\n<\/div>\n<p>\tD\u2019ordre de mon Gouvernement, je vous \u00e9cris, comme suite \u00e0 mes lettres dat\u00e9es du 30 d\u00e9cembre 2025 et du 2 janvier 2026, pour exprimer la condamnation la plus ferme de la R\u00e9publique islamique d\u2019Iran \u00e0 l\u2019\u00e9gard du comportement ill\u00e9gal et irresponsable dont font preuve les \u00c9tats-Unis d\u2019Am\u00e9rique, en coordination avec le r\u00e9gime isra\u00e9lien, en s\u2019ing\u00e9rant dans les affaires int\u00e9rieures de l\u2019Iran par des menaces, des incitations et des encouragements d\u00e9lib\u00e9r\u00e9s \u00e0 l\u2019instabilit\u00e9 et \u00e0 la violence.<\/p>\n<p>\tCes derniers jours, des repr\u00e9sentants de l\u2019\u00c9tat am\u00e9ricain, en particulier le Pr\u00e9sident des \u00c9tats-Unis, se sont rang\u00e9s aux c\u00f4t\u00e9s du criminel qu\u2019est le Premier Ministre du r\u00e9gime isra\u00e9lien, en publiant des d\u00e9clarations publiques selon lesquelles les affaires int\u00e9rieures de l\u2019Iran n\u00e9cessitaient une \u00ab\u00a0intervention\u00a0\u00bb ext\u00e9rieure, un \u00ab\u00a0sauvetage\u00a0\u00bb ou des mesures politiques coercitives. La coordination entre les \u00c9tats-Unis et le r\u00e9gime isra\u00e9lien est \u00e9vidente. Par des d\u00e9clarations incendiaires, des gesticulations politiques et des menaces publiques, ils encouragent la violence, soutiennent des groupes terroristes, incitent \u00e0 la d\u00e9stabilisation de la soci\u00e9t\u00e9 et cherchent \u00e0 transformer des manifestations pacifiques en troubles violents sous le pr\u00e9texte de \u00ab\u00a0soutenir\u00a0\u00bb, \u00ab\u00a0secourir\u00a0\u00bb ou \u00ab\u00a0prot\u00e9ger le peuple iranien\u00a0\u00bb.<\/p>\n<p>\tPourtant, le peuple iranien est pleinement conscient de la v\u00e9ritable signification de ces belles paroles. Des d\u00e9cennies de politiques hostiles \u00e0 son \u00e9gard, notamment l\u2019application de mesures coercitives unilat\u00e9rales et de sanctions unilat\u00e9rales cruelles, ont gravement port\u00e9 atteinte \u00e0 ses droits fondamentaux, notamment aux droits \u00e0 la vie et au d\u00e9veloppement. Ce bilan d\u00e9j\u00e0 sombre a \u00e9t\u00e9 aggrav\u00e9 par la guerre d\u2019agression de douze jours lanc\u00e9e en juin 2025 par le r\u00e9gime isra\u00e9lien, dans laquelle les \u00c9tats-Unis ont jou\u00e9 un r\u00f4le de premier plan, en visant des civils, des infrastructures civiles et des installations nucl\u00e9aires pacifiques iraniennes plac\u00e9es sous le r\u00e9gime des garanties de l\u2019Agence internationale de l\u2019\u00e9nergie atomique, ce qui a caus\u00e9 la mort de plus de 1 100 martyrs innocents.<\/p>\n<p>\tLa R\u00e9publique islamique d\u2019Iran rejette cat\u00e9goriquement ces pratiques d\u00e9stabilisatrices des \u00c9tats-Unis, qui vont \u00e0 l\u2019encontre de la Charte des Nations Unies, violent les principes fondamentaux du droit international et menacent les fondements m\u00eames de la paix et de la s\u00e9curit\u00e9 internationales. Si rien n\u2019\u00e9tait fait pour l\u2019arr\u00eater, un tel comportement cr\u00e9erait un dangereux pr\u00e9c\u00e9dent et compromettrait l\u2019ordre juridique international, pilier essentiel sur lequel repose l\u2019Organisation des Nations Unies.<\/p>\n<p>\tAucun principe ni aucune norme du droit international n\u2019autorise un \u00c9tat \u00e0 inciter \u00e0 la violence, \u00e0 d\u00e9stabiliser des soci\u00e9t\u00e9s ou \u00e0 semer le d\u00e9sordre sous pr\u00e9texte de d\u00e9fendre les droits humains ou de \u00ab\u00a0soutenir le peuple\u00a0\u00bb. De telles affirmations constituent une distorsion manifeste du droit international et ne sauraient \u00eatre instrumentalis\u00e9es pour justifier la coercition, les menaces ou les mesures interventionnistes. Dans l\u2019Article 2 de la Charte des Nations Unies, le paragraphe 4 interdit aux \u00c9tats Membres, dans les relations internationales, de recourir \u00e0 la menace ou \u00e0 l\u2019emploi de la force contre l\u2019int\u00e9grit\u00e9 territoriale ou l\u2019ind\u00e9pendance politique de tout \u00c9tat, tandis que le paragraphe 7 exclut cat\u00e9goriquement toute intervention dans des affaires qui rel\u00e8vent essentiellement de la comp\u00e9tence nationale d\u2019un \u00c9tat Membre. Ces obligations ne sont pas facultatives\u00a0; nul ne peut s\u2019y soustraire. En outre, le droit international pr\u00e9voit qu\u2019aucun \u00c9tat ne peut intervenir, directement ou indirectement, dans les affaires int\u00e9rieures ou ext\u00e9rieures d\u2019un autre \u00c9tat, notamment par l\u2019incitation, la violence ou la d\u00e9stabilisation de l\u2019ordre constitutionnel de celui-ci.<\/p>\n<p>\tDe plus, selon le droit international de la responsabilit\u00e9 des \u00c9tats, un \u00c9tat est tenu responsable lorsque ses agissements causent un pr\u00e9judice grave pr\u00e9visible. Lorsque les autorit\u00e9s sup\u00e9rieures d\u2019un \u00c9tat Membre violent le principe fondamental de non-ing\u00e9rence dans les affaires int\u00e9rieures des autres \u00c9tats Membres, encouragent publiquement les troubles, l\u00e9gitiment l\u2019escalade de la violence et manifestent leur soutien ext\u00e9rieur en faveur de la confrontation ou de la menace de la force, le pr\u00e9judice qui en r\u00e9sulte n\u2019est ni accidentel ni fortuit\u00a0: il est d\u00e9lib\u00e9r\u00e9 et pr\u00e9visible. La transformation de manifestations pacifiques en actes violents et subversifs et en vandalisme g\u00e9n\u00e9ralis\u00e9 constitue la cons\u00e9quence directe et pr\u00e9visible de tels agissements. La responsabilit\u00e9 totale de leurs cons\u00e9quences incombe clairement et sans \u00e9quivoque aux \u00c9tats-Unis.<\/p>\n<p>\tJe vous serais reconnaissant de bien vouloir faire distribuer le texte de la pr\u00e9sente lettre comme document du Conseil de s\u00e9curit\u00e9.<\/p>\n<\/div>\n<p><br \/>\n<br \/><a href=\"https:\/\/www.voltairenet.org\/article223518.html\" target=\"_blank\"\">Source link <\/a><\/p>\n","protected":false},"excerpt":{"rendered":"<p>D\u2019ordre de mon Gouvernement, je vous \u00e9cris, comme suite \u00e0 mes lettres dat\u00e9es du 30 d\u00e9cembre 2025 et du 2 janvier 2026, pour exprimer la condamnation la plus ferme de&hellip; <\/p>\n","protected":false},"author":1,"featured_media":22591,"comment_status":"open","ping_status":"open","sticky":false,"template":"","format":"standard","meta":{"footnotes":""},"categories":[1],"tags":[],"class_list":["post-22590","post","type-post","status-publish","format-standard","has-post-thumbnail","hentry","category-non-classe"],"_links":{"self":[{"href":"https:\/\/monde25.info\/index.php\/wp-json\/wp\/v2\/posts\/22590","targetHints":{"allow":["GET"]}}],"collection":[{"href":"https:\/\/monde25.info\/index.php\/wp-json\/wp\/v2\/posts"}],"about":[{"href":"https:\/\/monde25.info\/index.php\/wp-json\/wp\/v2\/types\/post"}],"author":[{"embeddable":true,"href":"https:\/\/monde25.info\/index.php\/wp-json\/wp\/v2\/users\/1"}],"replies":[{"embeddable":true,"href":"https:\/\/monde25.info\/index.php\/wp-json\/wp\/v2\/comments?post=22590"}],"version-history":[{"count":0,"href":"https:\/\/monde25.info\/index.php\/wp-json\/wp\/v2\/posts\/22590\/revisions"}],"wp:featuredmedia":[{"embeddable":true,"href":"https:\/\/monde25.info\/index.php\/wp-json\/wp\/v2\/media\/22591"}],"wp:attachment":[{"href":"https:\/\/monde25.info\/index.php\/wp-json\/wp\/v2\/media?parent=22590"}],"wp:term":[{"taxonomy":"category","embeddable":true,"href":"https:\/\/monde25.info\/index.php\/wp-json\/wp\/v2\/categories?post=22590"},{"taxonomy":"post_tag","embeddable":true,"href":"https:\/\/monde25.info\/index.php\/wp-json\/wp\/v2\/tags?post=22590"}],"curies":[{"name":"wp","href":"https:\/\/api.w.org\/{rel}","templated":true}]}}