{"id":22592,"date":"2026-01-18T14:20:42","date_gmt":"2026-01-18T13:20:42","guid":{"rendered":"https:\/\/monde25.info\/index.php\/2026\/01\/18\/en-iran-les-crises-environnementales-aggravent-la-situation\/"},"modified":"2026-01-18T14:20:42","modified_gmt":"2026-01-18T13:20:42","slug":"en-iran-les-crises-environnementales-aggravent-la-situation","status":"publish","type":"post","link":"https:\/\/monde25.info\/index.php\/2026\/01\/18\/en-iran-les-crises-environnementales-aggravent-la-situation\/","title":{"rendered":"\u00ab\u00a0En Iran, les crises environnementales aggravent la situation\u00a0\u00bb"},"content":{"rendered":"<p> <br \/>\n<br \/><img loading=\"lazy\" decoding=\"async\" src=\"https:\/\/reporterre.net\/local\/cache-vignettes\/L700xH467\/afp__20260111__mei-irn-ma-diimp-20260109-0015_1__v1__highres__protestsiniranjanuary2-d289a.jpg?1768460401\" class=\"spip_logo\" width=\"700\" height=\"467\" alt=\"\" \/><\/p>\n<p>Coupures d&rsquo;eau, d&rsquo;\u00e9lectricit\u00e9\u2026 Pour Dorna Javan, docteure en sciences politiques, en Iran, \u00ab<small class=\"fine d-inline\">\u00a0<\/small>les crises environnementales alimentent les protestations<small class=\"fine d-inline\">\u00a0<\/small>\u00bb, tr\u00e8s durement r\u00e9prim\u00e9es par la R\u00e9publique islamique. <br class=\"autobr\" \/> La fin de l&rsquo;ann\u00e9e 2025 a vu l&rsquo;Iran replonger dans une contestation d&rsquo;ampleur nationale. Le 28\u00a0d\u00e9cembre, la gr\u00e8ve des marchands des bazars de T\u00e9h\u00e9ran, d\u00e9clench\u00e9e par l&rsquo;effondrement de la monnaie et la flamb\u00e9e des prix, a rapidement fait tache d&rsquo;huile. Comme la r\u00e9pression\u00a0men\u00e9e par\u00a0(\u2026)<\/p>\n<p>                    <a target=\"_blank\" href=\"https:\/\/reporterre.net\/Iran-Les-ressources-naturelles-sont-accaparees-par-des-groupes-paraetatiques-et?utm_source=RSS&amp;utm_medium=RSS\">Lire la suite<\/a><\/p>\n<p>                    &#8211;<br \/>\n                        <a target=\"_blank\" href=\"https:\/\/reporterre.net\/Entretien-19\" rel=\"directory\">Entretien<\/a><\/p>\n<p>                    \/<br \/>\n                        <a target=\"_blank\" href=\"https:\/\/reporterre.net\/International\" rel=\"tag\">Monde<\/a><br \/>\n<br \/><br \/>\n<br \/><a href=\"https:\/\/reporterre.net\/Iran-Les-ressources-naturelles-sont-accaparees-par-des-groupes-paraetatiques-et\" target=\"_blank\"\">Source link <\/a><\/p>\n","protected":false},"excerpt":{"rendered":"<p>Coupures d&rsquo;eau, d&rsquo;\u00e9lectricit\u00e9\u2026 Pour Dorna Javan, docteure en sciences politiques, en Iran, \u00ab\u00a0les crises environnementales alimentent les protestations\u00a0\u00bb, tr\u00e8s durement r\u00e9prim\u00e9es par la R\u00e9publique islamique. La fin de l&rsquo;ann\u00e9e 2025&hellip; <\/p>\n","protected":false},"author":1,"featured_media":0,"comment_status":"open","ping_status":"open","sticky":false,"template":"","format":"standard","meta":{"footnotes":""},"categories":[1],"tags":[],"class_list":["post-22592","post","type-post","status-publish","format-standard","hentry","category-non-classe"],"_links":{"self":[{"href":"https:\/\/monde25.info\/index.php\/wp-json\/wp\/v2\/posts\/22592","targetHints":{"allow":["GET"]}}],"collection":[{"href":"https:\/\/monde25.info\/index.php\/wp-json\/wp\/v2\/posts"}],"about":[{"href":"https:\/\/monde25.info\/index.php\/wp-json\/wp\/v2\/types\/post"}],"author":[{"embeddable":true,"href":"https:\/\/monde25.info\/index.php\/wp-json\/wp\/v2\/users\/1"}],"replies":[{"embeddable":true,"href":"https:\/\/monde25.info\/index.php\/wp-json\/wp\/v2\/comments?post=22592"}],"version-history":[{"count":0,"href":"https:\/\/monde25.info\/index.php\/wp-json\/wp\/v2\/posts\/22592\/revisions"}],"wp:attachment":[{"href":"https:\/\/monde25.info\/index.php\/wp-json\/wp\/v2\/media?parent=22592"}],"wp:term":[{"taxonomy":"category","embeddable":true,"href":"https:\/\/monde25.info\/index.php\/wp-json\/wp\/v2\/categories?post=22592"},{"taxonomy":"post_tag","embeddable":true,"href":"https:\/\/monde25.info\/index.php\/wp-json\/wp\/v2\/tags?post=22592"}],"curies":[{"name":"wp","href":"https:\/\/api.w.org\/{rel}","templated":true}]}}