{"id":22597,"date":"2026-01-18T15:59:48","date_gmt":"2026-01-18T14:59:48","guid":{"rendered":"https:\/\/monde25.info\/index.php\/2026\/01\/18\/65-ans-apres-que-retiennent-encore-les-kinois-de-lhomme-et-de-son-combat\/"},"modified":"2026-01-18T15:59:48","modified_gmt":"2026-01-18T14:59:48","slug":"65-ans-apres-que-retiennent-encore-les-kinois-de-lhomme-et-de-son-combat","status":"publish","type":"post","link":"https:\/\/monde25.info\/index.php\/2026\/01\/18\/65-ans-apres-que-retiennent-encore-les-kinois-de-lhomme-et-de-son-combat\/","title":{"rendered":"65 ans apr\u00e8s, que retiennent encore les Kinois de l&rsquo;homme et de son combat ?"},"content":{"rendered":"<p> <br \/>\n<\/p>\n<div id=\"\">\n<p>Pour une large partie des Kinois, Patrice \u00c9mery Lumumba incarne avant tout la dignit\u00e9 retrouv\u00e9e d\u2019un peuple longtemps domin\u00e9. Son discours du 30 juin 1960, prononc\u00e9 lors de la proclamation de l\u2019ind\u00e9pendance, reste grav\u00e9 dans les m\u00e9moires comme l\u2019acte fondateur d\u2019une parole africaine libre et assum\u00e9e.<\/p>\n<p>\u00ab\u00a0Au-del\u00e0 d\u2019\u00eatre une figure embl\u00e9matique, Lumumba est un esprit qui devrait habiter tout Congolais\u00a0\u00bb, estime l\u2019\u00e9crivain Tiguy Elebe. Selon lui, \u00ab\u00a0honorer sa m\u00e9moire suppose de d\u00e9fendre aujourd\u2019hui encore la souverainet\u00e9 politique, \u00e9conomique et culturelle du pays, ainsi que les valeurs de justice, d\u2019\u00e9galit\u00e9 et d\u2019unit\u00e9 nationale\u00a0\u00bb.<\/p>\n<p>Une lecture partag\u00e9e par de nombreux jeunes, \u00e0 l\u2019exemple de Guerschon Kitsimba, \u00e9tudiant en relations internationales \u00e0 l\u2019Universit\u00e9 de Kinshasa, pour qui Lumumba reste \u00ab\u00a0un symbole de l\u2019ind\u00e9pendance et de la dignit\u00e9 du peuple congolais\u00a0\u00bb, un h\u00e9ros national dont l\u2019engagement d\u00e9passe les fronti\u00e8res du Congo pour s\u2019inscrire dans l\u2019histoire africaine.<\/p>\n<p><strong>Une r\u00e9f\u00e9rence pour la jeunesse, entre inspiration et d\u00e9sillusion<\/strong><\/p>\n<p>Pour une partie de la jeunesse congolaise, Patrice \u00c9mery Lumumba demeure un mod\u00e8le d\u2019int\u00e9grit\u00e9 et de leadership. Marie-Christelle Mavinga, \u00e9tudiante en communication \u00e0 l\u2019Universit\u00e9 chr\u00e9tienne catholique, salue le courage d\u2019un homme qui, selon elle, \u00ab\u00a0a accept\u00e9 en toute conscience de mourir pour son pays\u00a0\u00bb. Une posture qu\u2019elle juge en contraste avec les pratiques politiques actuelles.<\/p>\n<p>Pour Roseline Musadila, Lumumba est un symbole de la lutte pour l\u2019ind\u00e9pendance et de la dignit\u00e9. \u00ab\u00a0Je pense que sa vision d\u2019une R\u00e9publique d\u00e9mocratique, libre et unie r\u00e9sonne toujours\u00a0\u00bb.<\/p>\n<p>Mais cette r\u00e9f\u00e9rence peine \u00e0 se traduire en projet collectif. Pour Damien Batoba, le poids des difficult\u00e9s quotidiennes \u2014 pauvret\u00e9, embouteillages, insalubrit\u00e9, etc. \u2014 rel\u00e8gue l\u2019h\u00e9ritage historique au second plan. Il souligne la r\u00e9silience des Kinois face \u00e0 ces d\u00e9fis, tout en constatant une distance croissante avec la m\u00e9moire lumumbiste.<\/p>\n<p>\u00ab\u00a0Pour beaucoup, Lumumba renvoie avant tout \u00e0 une histoire d\u2019ind\u00e9pendance d\u00e9sormais pass\u00e9e, tandis que d\u2019autres y voient l\u2019expression d\u2019un patriotisme excessif\u00a0\u00bb, observe-t-il. Son combat, ajoute-t-il, n\u2019est plus la boussole politique qu\u2019il aurait d\u00fb \u00eatre\u00a0: \u00ab\u00a0Il ne reste souvent que sa statue et son nom sur le boulevard. Son v\u00e9ritable h\u00e9ritage, lui, est ailleurs\u00a0\u00bb.<\/p>\n<p>Ekwamana Christian-Daniel r\u00e9sume cette fracture de perception\u00a0: \u00ab\u00a0Pour les \u00e9lites intellectuelles, Patrice Lumumba demeure le p\u00e8re de l\u2019ind\u00e9pendance, le h\u00e9ros de la libert\u00e9 et une figure fondatrice de la souverainet\u00e9 congolaise. \u00c0 l\u2019inverse, pour les Kinois incultes, il est parfois per\u00e7u comme un fauteur de troubles, dont l\u2019intransigeance aurait emp\u00each\u00e9 un compromis avec l\u2019ancienne puissance coloniale\u00a0\u00bb.<\/p>\n<p>\u00ab\u00a0<strong>Le martyr d\u2019une souverainet\u00e9 inachev\u00e9e<\/strong>\u00a0\u00bb<\/p>\n<p>Avec le temps, l\u2019homme politique a c\u00e9d\u00e9 la place au martyr. Son assassinat, le 17 janvier 1961, a fig\u00e9 son image dans une jeunesse \u00e9ternelle et nourri le sentiment d\u2019une histoire nationale interrompue.<\/p>\n<p>\u00ab\u00a0Lumumba est devenu davantage un mythe qu\u2019un acteur politique analys\u00e9 dans toute sa complexit\u00e9\u00a0\u00bb, observe Nelly Tshela Mutay. Selon elle, il incarne une interrogation permanente\u00a0: celle du courage politique et de la responsabilit\u00e9 citoyenne. \u00ab\u00a0Il nous oblige \u00e0 nous demander ce que nous avons fait, et faisons encore, de son sacrifice\u00a0\u00bb, a-t-elle conclu.<\/p>\n<p>Certains t\u00e9moignages insistent sur la clairvoyance politique de Lumumba face aux ing\u00e9rences \u00e9trang\u00e8res d\u00e8s les premiers mois de l\u2019ind\u00e9pendance. Massimbo Mufaji Kilobo souligne sa r\u00e9action rapide face aux interventions belges et aux mouvements s\u00e9cessionnistes, ainsi que son recours au droit international et \u00e0 la diplomatie multilat\u00e9rale, notamment \u00e0 l\u2019ONU.<\/p>\n<p>\u00ab\u00a0Ce qu\u2019il faut retenir de Patrice Emery Lumumba, c\u2019est sa perspicacit\u00e9. Il avait la capacit\u00e9 \u00e0 saisir ce qui \u00e9chappait \u00e0 plusieurs et \u00e0 en \u00e9tablir des pr\u00e9visions, il avait cette capacit\u00e9 \u00e0 lire, \u00e0 comprendre les \u00e9v\u00e9nements et \u00e0 se faire une nouvelle id\u00e9e avec promptitude, il ne tergiversait pas, c\u2019\u00e9tait un Homme dans le vrai sens du terme\u00a0\u00bb, souligne-t-il.<\/p>\n<p>Premier ministre durant seulement soixante-sept jours, Patrice \u00c9mery Lumumba est devenu, au fil du temps, une figure majeure de l\u2019histoire congolaise et un symbole international de la lutte pour l\u2019ind\u00e9pendance et la souverainet\u00e9 africaine.<\/p>\n<\/div>\n<p><br \/>\n<br \/><a href=\"https:\/\/www.legrandsoir.info\/patrice-lumumba-65-ans-apres-que-retiennent-encore-les-kinois-de-l-homme-et-de-son-combat.html\" target=\"_blank\"\">Source link <\/a><\/p>\n","protected":false},"excerpt":{"rendered":"<p>Pour une large partie des Kinois, Patrice \u00c9mery Lumumba incarne avant tout la dignit\u00e9 retrouv\u00e9e d\u2019un peuple longtemps domin\u00e9. Son discours du 30 juin 1960, prononc\u00e9 lors de la proclamation&hellip; <\/p>\n","protected":false},"author":1,"featured_media":22598,"comment_status":"open","ping_status":"open","sticky":false,"template":"","format":"standard","meta":{"footnotes":""},"categories":[1],"tags":[],"class_list":["post-22597","post","type-post","status-publish","format-standard","has-post-thumbnail","hentry","category-non-classe"],"_links":{"self":[{"href":"https:\/\/monde25.info\/index.php\/wp-json\/wp\/v2\/posts\/22597","targetHints":{"allow":["GET"]}}],"collection":[{"href":"https:\/\/monde25.info\/index.php\/wp-json\/wp\/v2\/posts"}],"about":[{"href":"https:\/\/monde25.info\/index.php\/wp-json\/wp\/v2\/types\/post"}],"author":[{"embeddable":true,"href":"https:\/\/monde25.info\/index.php\/wp-json\/wp\/v2\/users\/1"}],"replies":[{"embeddable":true,"href":"https:\/\/monde25.info\/index.php\/wp-json\/wp\/v2\/comments?post=22597"}],"version-history":[{"count":0,"href":"https:\/\/monde25.info\/index.php\/wp-json\/wp\/v2\/posts\/22597\/revisions"}],"wp:featuredmedia":[{"embeddable":true,"href":"https:\/\/monde25.info\/index.php\/wp-json\/wp\/v2\/media\/22598"}],"wp:attachment":[{"href":"https:\/\/monde25.info\/index.php\/wp-json\/wp\/v2\/media?parent=22597"}],"wp:term":[{"taxonomy":"category","embeddable":true,"href":"https:\/\/monde25.info\/index.php\/wp-json\/wp\/v2\/categories?post=22597"},{"taxonomy":"post_tag","embeddable":true,"href":"https:\/\/monde25.info\/index.php\/wp-json\/wp\/v2\/tags?post=22597"}],"curies":[{"name":"wp","href":"https:\/\/api.w.org\/{rel}","templated":true}]}}