{"id":22599,"date":"2026-01-18T17:05:40","date_gmt":"2026-01-18T16:05:40","guid":{"rendered":"https:\/\/monde25.info\/index.php\/2026\/01\/18\/foret-rouge-un-film-sur-la-foret-la-zad-et-le-reve-dun-autre-monde\/"},"modified":"2026-01-18T17:05:40","modified_gmt":"2026-01-18T16:05:40","slug":"foret-rouge-un-film-sur-la-foret-la-zad-et-le-reve-dun-autre-monde","status":"publish","type":"post","link":"https:\/\/monde25.info\/index.php\/2026\/01\/18\/foret-rouge-un-film-sur-la-foret-la-zad-et-le-reve-dun-autre-monde\/","title":{"rendered":"\u00ab\u00a0For\u00eat rouge\u00a0\u00bb, un film sur la for\u00eat, la zad et le r\u00eave d&#039;un autre monde"},"content":{"rendered":"<p> <br \/>\n<br \/><img loading=\"lazy\" decoding=\"async\" src=\"https:\/\/reporterre.net\/local\/cache-vignettes\/L700xH467\/photo_4-2-abdf2.jpg?1768399665\" class=\"spip_logo\" width=\"700\" height=\"467\" alt=\"\" \/><\/p>\n<p>Le documentaire \u00ab<small class=\"fine d-inline\">\u00a0<\/small>For\u00eat rouge<small class=\"fine d-inline\">\u00a0<\/small>\u00bb de Laurie Lassale, tourn\u00e9 \u00e0 partir de 2017, restitue avec po\u00e9sie l&rsquo;atmosph\u00e8re si particuli\u00e8re de la zad de Notre-Dame-des-Landes et la douceur de la for\u00eat de Rohanne. En salles le 14\u00a0janvier. <br class=\"autobr\" \/> On marche dans une for\u00eat humide. Il pleut. Deux hommes en Kway noir regardent les arbres, ils entourent un pin avec un bout de ficelle. Leurs mains manipulent un petit branchage, qu&rsquo;ils observent. On marche. Une voix douce murmure, au long du bruit des pas sur les\u00a0(\u2026)<\/p>\n<p>                    <a target=\"_blank\" href=\"https:\/\/reporterre.net\/Foret-rouge-un-film-sur-la-foret-la-zad-et-le-reve-d-un-autre-monde?utm_source=RSS&amp;utm_medium=RSS\">Lire la suite<\/a><\/p>\n<p>                    &#8211;<br \/>\n                        <a target=\"_blank\" href=\"https:\/\/reporterre.net\/A-decouvrir\" rel=\"directory\">\u00c0 d\u00e9couvrir<\/a><\/p>\n<p>                    \/<br \/>\n                        <a target=\"_blank\" href=\"https:\/\/reporterre.net\/Notre-Dame-des-Landes-63\" rel=\"tag\">Notre-Dame-des-Landes<\/a><br \/>\n                    ,<br \/>\n                        <a target=\"_blank\" href=\"https:\/\/reporterre.net\/Idees\" rel=\"tag\">Id\u00e9es<\/a><br \/>\n<br \/><br \/>\n<br \/><a href=\"https:\/\/reporterre.net\/Foret-rouge-un-film-sur-la-foret-la-zad-et-le-reve-d-un-autre-monde\" target=\"_blank\"\">Source link <\/a><\/p>\n","protected":false},"excerpt":{"rendered":"<p>Le documentaire \u00ab\u00a0For\u00eat rouge\u00a0\u00bb de Laurie Lassale, tourn\u00e9 \u00e0 partir de 2017, restitue avec po\u00e9sie l&rsquo;atmosph\u00e8re si particuli\u00e8re de la zad de Notre-Dame-des-Landes et la douceur de la for\u00eat de&hellip; <\/p>\n","protected":false},"author":1,"featured_media":0,"comment_status":"open","ping_status":"open","sticky":false,"template":"","format":"standard","meta":{"footnotes":""},"categories":[1],"tags":[],"class_list":["post-22599","post","type-post","status-publish","format-standard","hentry","category-non-classe"],"_links":{"self":[{"href":"https:\/\/monde25.info\/index.php\/wp-json\/wp\/v2\/posts\/22599","targetHints":{"allow":["GET"]}}],"collection":[{"href":"https:\/\/monde25.info\/index.php\/wp-json\/wp\/v2\/posts"}],"about":[{"href":"https:\/\/monde25.info\/index.php\/wp-json\/wp\/v2\/types\/post"}],"author":[{"embeddable":true,"href":"https:\/\/monde25.info\/index.php\/wp-json\/wp\/v2\/users\/1"}],"replies":[{"embeddable":true,"href":"https:\/\/monde25.info\/index.php\/wp-json\/wp\/v2\/comments?post=22599"}],"version-history":[{"count":0,"href":"https:\/\/monde25.info\/index.php\/wp-json\/wp\/v2\/posts\/22599\/revisions"}],"wp:attachment":[{"href":"https:\/\/monde25.info\/index.php\/wp-json\/wp\/v2\/media?parent=22599"}],"wp:term":[{"taxonomy":"category","embeddable":true,"href":"https:\/\/monde25.info\/index.php\/wp-json\/wp\/v2\/categories?post=22599"},{"taxonomy":"post_tag","embeddable":true,"href":"https:\/\/monde25.info\/index.php\/wp-json\/wp\/v2\/tags?post=22599"}],"curies":[{"name":"wp","href":"https:\/\/api.w.org\/{rel}","templated":true}]}}