{"id":22608,"date":"2026-01-18T20:23:37","date_gmt":"2026-01-18T19:23:37","guid":{"rendered":"https:\/\/monde25.info\/index.php\/2026\/01\/18\/une-ancienne-conseillere-de-la-ministre-de-lagriculture-rejoint-nestle\/"},"modified":"2026-01-18T20:23:37","modified_gmt":"2026-01-18T19:23:37","slug":"une-ancienne-conseillere-de-la-ministre-de-lagriculture-rejoint-nestle","status":"publish","type":"post","link":"https:\/\/monde25.info\/index.php\/2026\/01\/18\/une-ancienne-conseillere-de-la-ministre-de-lagriculture-rejoint-nestle\/","title":{"rendered":"Une ancienne conseill\u00e8re de la ministre de l&#039;Agriculture rejoint Nestl\u00e9"},"content":{"rendered":"<p> <br \/>\n<br \/><img loading=\"lazy\" decoding=\"async\" src=\"https:\/\/reporterre.net\/local\/cache-vignettes\/L700xH467\/capture_d_ecran_du_2026-01-14_14-15-36-e6c53.png?1768396728\" class=\"spip_logo\" width=\"700\" height=\"467\" alt=\"\" \/><\/p>\n<p>Un bel exemple de pantouflage. L&rsquo;ancienne conseill\u00e8re communication du minist\u00e8re de l&rsquo;Agriculture, Anne-Charlotte Neau-Juillard, travaille d\u00e9sormais pour Nestl\u00e9\u00a0Waters, selon nos confr\u00e8res de Contexte. <br class=\"autobr\" \/><br \/>\nApr\u00e8s pr\u00e8s d&rsquo;un an au service presse d&rsquo;Annie Genevard, la communicante a rejoint le 12\u00a0janvier Nestl\u00e9 Waters France, en tant que directrice de la communication et de la <span class=\"caps\">RSE<\/span>. Auparavant, elle a dirig\u00e9 la communication et la <span class=\"caps\">RSE<\/span> pour le site de vente en ligne Showroompriv\u00e9, apr\u00e8s avoir \u00e9t\u00e9\u00a0(\u2026)<\/p>\n<p>                    <a target=\"_blank\" href=\"https:\/\/reporterre.net\/Une-ancienne-conseillere-de-la-ministre-de-l-Agriculture-rejoint-Nestle?utm_source=RSS&amp;utm_medium=RSS\">Lire la suite<\/a><\/p>\n<p>                    &#8211;<br \/>\n                        <a target=\"_blank\" href=\"https:\/\/reporterre.net\/Breves-20\" rel=\"directory\">En bref<\/a><\/p>\n<p>                    \/<br \/>\n                        <a target=\"_blank\" href=\"https:\/\/reporterre.net\/Agriculture\" rel=\"tag\">Agriculture<\/a><br \/>\n                    ,<br \/>\n                        <a target=\"_blank\" href=\"https:\/\/reporterre.net\/Politique\" rel=\"tag\">Politique<\/a><br \/>\n<br \/><br \/>\n<br \/><a href=\"https:\/\/reporterre.net\/Une-ancienne-conseillere-de-la-ministre-de-l-Agriculture-rejoint-Nestle\" target=\"_blank\"\">Source link <\/a><\/p>\n","protected":false},"excerpt":{"rendered":"<p>Un bel exemple de pantouflage. L&rsquo;ancienne conseill\u00e8re communication du minist\u00e8re de l&rsquo;Agriculture, Anne-Charlotte Neau-Juillard, travaille d\u00e9sormais pour Nestl\u00e9\u00a0Waters, selon nos confr\u00e8res de Contexte. Apr\u00e8s pr\u00e8s d&rsquo;un an au service presse&hellip; <\/p>\n","protected":false},"author":1,"featured_media":0,"comment_status":"open","ping_status":"open","sticky":false,"template":"","format":"standard","meta":{"footnotes":""},"categories":[1],"tags":[],"class_list":["post-22608","post","type-post","status-publish","format-standard","hentry","category-non-classe"],"_links":{"self":[{"href":"https:\/\/monde25.info\/index.php\/wp-json\/wp\/v2\/posts\/22608","targetHints":{"allow":["GET"]}}],"collection":[{"href":"https:\/\/monde25.info\/index.php\/wp-json\/wp\/v2\/posts"}],"about":[{"href":"https:\/\/monde25.info\/index.php\/wp-json\/wp\/v2\/types\/post"}],"author":[{"embeddable":true,"href":"https:\/\/monde25.info\/index.php\/wp-json\/wp\/v2\/users\/1"}],"replies":[{"embeddable":true,"href":"https:\/\/monde25.info\/index.php\/wp-json\/wp\/v2\/comments?post=22608"}],"version-history":[{"count":0,"href":"https:\/\/monde25.info\/index.php\/wp-json\/wp\/v2\/posts\/22608\/revisions"}],"wp:attachment":[{"href":"https:\/\/monde25.info\/index.php\/wp-json\/wp\/v2\/media?parent=22608"}],"wp:term":[{"taxonomy":"category","embeddable":true,"href":"https:\/\/monde25.info\/index.php\/wp-json\/wp\/v2\/categories?post=22608"},{"taxonomy":"post_tag","embeddable":true,"href":"https:\/\/monde25.info\/index.php\/wp-json\/wp\/v2\/tags?post=22608"}],"curies":[{"name":"wp","href":"https:\/\/api.w.org\/{rel}","templated":true}]}}