{"id":22613,"date":"2026-01-18T22:02:40","date_gmt":"2026-01-18T21:02:40","guid":{"rendered":"https:\/\/monde25.info\/index.php\/2026\/01\/18\/la-russie-commemore-le-83e-anniversaire-de-la-percee-du-blocus-de-leningrad-rt-en-francais\/"},"modified":"2026-01-18T22:02:40","modified_gmt":"2026-01-18T21:02:40","slug":"la-russie-commemore-le-83e-anniversaire-de-la-percee-du-blocus-de-leningrad-rt-en-francais","status":"publish","type":"post","link":"https:\/\/monde25.info\/index.php\/2026\/01\/18\/la-russie-commemore-le-83e-anniversaire-de-la-percee-du-blocus-de-leningrad-rt-en-francais\/","title":{"rendered":"La Russie comm\u00e9more le 83e anniversaire de la perc\u00e9e du blocus de Leningrad \u2014 RT en fran\u00e7ais"},"content":{"rendered":"<p> <br \/>\n<br \/><img decoding=\"async\" src=\"https:\/\/mf.b37mrtl.ru\/french\/images\/2026.01\/thumbnail\/696d1b5a6f7ccc6ed90be98b.png\" \/><\/p>\n<div>\n<p class=\"text__summary\">\n                                        La perc\u00e9e du blocus de Leningrad, le 18 janvier 1943, reste l\u2019un des symboles les plus puissants de la r\u00e9sistance sovi\u00e9tique. Pour marquer le 83e anniversaire de cet \u00e9v\u00e9nement d\u00e9cisif, la ville de Saint-P\u00e9tersbourg a organis\u00e9 un hommage rassemblant anciens combattants, responsables politiques et habitants venus honorer la m\u00e9moire des h\u00e9ros.\n                                    <\/p>\n<p>Le 18 janvier, \u00e0 l\u2019occasion du 83e anniversaire de la perc\u00e9e du blocus de Leningrad, la ville de Saint-P\u00e9tersbourg a rendu hommage \u00e0 ses h\u00e9ros. Les comm\u00e9morations ont d\u00e9but\u00e9 par une c\u00e9r\u00e9monie solennelle sur la place de la Victoire. Des fleurs ont \u00e9t\u00e9 d\u00e9pos\u00e9es au pied du monument d\u00e9di\u00e9 aux d\u00e9fenseurs de la ville, en pr\u00e9sence du gouverneur, de v\u00e9t\u00e9rans, de cadets et de repr\u00e9sentants religieux.<\/p>\n<p>Le blocus de Leningrad, impos\u00e9 par les troupes nazies, a dur\u00e9 872 jours. Le 18 janvier 1943, l\u2019Arm\u00e9e rouge a perc\u00e9 l\u2019encerclement gr\u00e2ce \u00e0 l\u2019op\u00e9ration Iskra, ouvrant une voie terrestre vers le reste du pays. Bien que la lev\u00e9e totale n\u2019ait eu lieu qu\u2019un an plus tard, cette perc\u00e9e a marqu\u00e9 un tournant d\u00e9cisif.<\/p>\n<p>Dans un message officiel, le pr\u00e9sident de la Douma a salu\u00e9 le courage de ceux qui ont tenu t\u00eate \u00e0 l\u2019ennemi, soulignant que ce sacrifice reste un exemple de fid\u00e9lit\u00e9 \u00e0 la patrie.<\/p>\n<h2><strong>Une ville illumin\u00e9e en hommage aux h\u00e9ros<\/strong><\/h2>\n<p>Le soir venu, Saint-P\u00e9tersbourg s\u2019est par\u00e9e de lumi\u00e8re. Plusieurs ponts ont \u00e9t\u00e9 \u00e9clair\u00e9s aux couleurs vert olive de la Victoire de Leningrad. Les colonnes rostrales ont \u00e9t\u00e9 allum\u00e9es, et la tour de t\u00e9l\u00e9vision de la ville\u00a0rayonnait elle aussi.<\/p>\n<p>Un cort\u00e8ge de v\u00e9hicules a travers\u00e9 le trac\u00e9 du \u00ab\u202fcorridor de Rjev\u202f\u00bb, route strat\u00e9gique utilis\u00e9e pendant la guerre pour ravitailler la ville et \u00e9vacuer les civils. Ce trajet symbolique a rappel\u00e9 les efforts h\u00e9ro\u00efques d\u00e9ploy\u00e9s pour sauver la population.<\/p>\n<p>Partout dans la ville, les habitants ont particip\u00e9 aux actions m\u00e9morielles, entre recueillement, hommage et transmission.<\/p>\n<h2><strong>M\u00e9moire vivante et culture de la r\u00e9sistance<\/strong><\/h2>\n<p>Des concerts, expositions et repr\u00e9sentations th\u00e9\u00e2trales ont rythm\u00e9 la journ\u00e9e. \u00c0 l\u2019universit\u00e9 Polytechnique, un orchestre a interpr\u00e9t\u00e9 des \u0153uvres de Chostakovitch et Tcha\u00efkovski. Ces compositions, jou\u00e9es pendant la guerre, restent aujourd\u2019hui des symboles puissants de survie et de dignit\u00e9.<\/p>\n<p>Des \u00e9l\u00e8ves ont assur\u00e9 la garde d\u2019honneur autour de la flamme \u00e9ternelle \u00e0 la n\u00e9cropole de Piskarevsko\u00ef\u00e9, o\u00f9 reposent les victimes du si\u00e8ge. Plus d\u2019un million de civils ont p\u00e9ri pendant le blocus. En 2022, ces actes ont \u00e9t\u00e9 officiellement reconnus comme un g\u00e9nocide.<\/p>\n<p>\u00c0 travers ces hommages, la Russie r\u00e9affirme sa reconnaissance envers ceux qui ont r\u00e9sist\u00e9, et transmet leur m\u00e9moire \u00e0 la jeunesse. Le 18 janvier demeure un symbole de force, de solidarit\u00e9 et de victoire contre l\u2019oppression.<\/p>\n<\/div>\n<p><br \/>\n<br \/><a href=\"https:\/\/francais.rt.com\/russie\/129508-russie-commemore-83e-anniversaire-percee-du-blocus-de-leningrad\" target=\"_blank\"\">Source link <\/a><\/p>\n","protected":false},"excerpt":{"rendered":"<p>La perc\u00e9e du blocus de Leningrad, le 18 janvier 1943, reste l\u2019un des symboles les plus puissants de la r\u00e9sistance sovi\u00e9tique. Pour marquer le 83e anniversaire de cet \u00e9v\u00e9nement d\u00e9cisif,&hellip; <\/p>\n","protected":false},"author":1,"featured_media":22614,"comment_status":"open","ping_status":"open","sticky":false,"template":"","format":"standard","meta":{"footnotes":""},"categories":[1],"tags":[],"class_list":["post-22613","post","type-post","status-publish","format-standard","has-post-thumbnail","hentry","category-non-classe"],"_links":{"self":[{"href":"https:\/\/monde25.info\/index.php\/wp-json\/wp\/v2\/posts\/22613","targetHints":{"allow":["GET"]}}],"collection":[{"href":"https:\/\/monde25.info\/index.php\/wp-json\/wp\/v2\/posts"}],"about":[{"href":"https:\/\/monde25.info\/index.php\/wp-json\/wp\/v2\/types\/post"}],"author":[{"embeddable":true,"href":"https:\/\/monde25.info\/index.php\/wp-json\/wp\/v2\/users\/1"}],"replies":[{"embeddable":true,"href":"https:\/\/monde25.info\/index.php\/wp-json\/wp\/v2\/comments?post=22613"}],"version-history":[{"count":0,"href":"https:\/\/monde25.info\/index.php\/wp-json\/wp\/v2\/posts\/22613\/revisions"}],"wp:featuredmedia":[{"embeddable":true,"href":"https:\/\/monde25.info\/index.php\/wp-json\/wp\/v2\/media\/22614"}],"wp:attachment":[{"href":"https:\/\/monde25.info\/index.php\/wp-json\/wp\/v2\/media?parent=22613"}],"wp:term":[{"taxonomy":"category","embeddable":true,"href":"https:\/\/monde25.info\/index.php\/wp-json\/wp\/v2\/categories?post=22613"},{"taxonomy":"post_tag","embeddable":true,"href":"https:\/\/monde25.info\/index.php\/wp-json\/wp\/v2\/tags?post=22613"}],"curies":[{"name":"wp","href":"https:\/\/api.w.org\/{rel}","templated":true}]}}