{"id":22620,"date":"2026-01-19T00:47:35","date_gmt":"2026-01-18T23:47:35","guid":{"rendered":"https:\/\/monde25.info\/index.php\/2026\/01\/19\/la-menace-fantome-une-mascarade-politique-en-france-2026\/"},"modified":"2026-01-19T00:47:35","modified_gmt":"2026-01-18T23:47:35","slug":"la-menace-fantome-une-mascarade-politique-en-france-2026","status":"publish","type":"post","link":"https:\/\/monde25.info\/index.php\/2026\/01\/19\/la-menace-fantome-une-mascarade-politique-en-france-2026\/","title":{"rendered":"La menace fant\u00f4me : une mascarade politique en France 2026"},"content":{"rendered":"<p> <br \/>\n<\/p>\n<div>\n<p>Allons donc ? La possibilit\u00e9 d&rsquo;une censure du gouvernement se faisant sentir ce d\u00e9but d&rsquo;ann\u00e9e 2026, nettement plus que fin 2025, <em>L&rsquo;Empire contre-attaque<\/em> avec quoi ? Pas avec un nouveau num\u00e9ro, <em>La vengeance des clones<\/em> (mix des titres des \u00e9pisodes 1 et 2 de Star Wars), donnant carte blanche \u00e0 ceux d&rsquo;Emmanuel Macron qui n&rsquo;ont pas surv\u00e9cu \u00e0 la dissolution de 2024 (Gabriel Attal, Am\u00e9lie Oud\u00e9a-Cast\u00e9ra et Nicole Belloubet, pour ne citer qu&rsquo;eux) pour qu&rsquo;ils finissent le sale boulot.<\/p>\n<p>Non. La strat\u00e9gie et la communication du seigneur Sith aux commandes du pays depuis 2017, consistant en la peur panique collective qu&rsquo;il s&rsquo;\u00e9vertue \u00e0 insuffler en permanence, il a pr\u00e9f\u00e9r\u00e9 opter pour <em>La menace fant\u00f4me<\/em>. Et voil\u00e0 en quoi il consiste, l&rsquo;opus num\u00e9ro 6 de la mascarade politique qui se joue en France depuis justement la dissolution de 2024 ; \u00e0 guichet \u00ab <em>enferm\u00e9<\/em> \u00bb, dirais-je, pris en otages que nous sommes, tous, les 70 millions de citoyens lambda qui constituent le peuple de France, et que la Constitution met dans l&rsquo;impossibilit\u00e9 de se lib\u00e9rer avant mai 2027.<\/p>\n<h5>\u00a0<\/h5>\n<h5><strong>Les opus de la mascarade : un chaos orchestr\u00e9<\/strong><\/h5>\n<p>NOTA : rappel des 5 opus pr\u00e9c\u00e9dents : num\u00e9ro 1 : pas de gouvernement pendant plus de trois mois ; num\u00e9ro 2 : gouvernement Barnier ; num\u00e9ro 3 : gouvernement Bayrou ; num\u00e9ro 4 : gouvernement Lecornu 1 ; et num\u00e9ro 5 : gouvernement Lecornu 2.<\/p>\n<p><img decoding=\"async\" data-entity-uuid=\"85c23c83-0cbf-40da-8416-93facd82060c\" data-entity-type=\"file\" alt=\"Lecornu\" width=\"703\" height=\"501\" class=\"align-center lazyload\" loading=\"lazy\" src=\"https:\/\/www.francesoir.fr\/sites\/default\/files\/inline-images\/image_953.png\"\/><\/p>\n<p>L&rsquo;ombre noire avanc\u00e9e du chaos politique dans lequel le pays sera plong\u00e9&#8230; si le gouvernement Lecornu est renvers\u00e9 : <strong>une nouvelle dissolution<\/strong>. La dissolution 2 que le Pr\u00e9sident de la R\u00e9publique sera forc\u00e9 d&rsquo;ordonner auquel cas. Et \u00e0 contrec\u0153ur, bien s\u00fbr. Le pauvre, il aime tellement la France. Et surtout les Fran\u00e7ais ! \u00ab <em>Les gens qui ne sont rien<\/em> \u00bb qui composent \u00e0 99,99 % ce peuple de France qu&rsquo;il ch\u00e9rit ou \u00ab\u00a0<em>veut vraiment emmerder<\/em>\u00a0\u00bb, dit-on, selon que l&rsquo;on figure au nombre, respectivement, de la poign\u00e9e d&rsquo;admirateurs qu&rsquo;il a encore malgr\u00e9 tout, autres que les fans de Tony Montana et les simples d&rsquo;esprit, ou des 80 % (voire plus) de personnes interrog\u00e9es, qui ne le supportent plus, pas m\u00eame en peinture, on se demande bien pourquoi.<\/p>\n<p>Sondages \u00e0 l&rsquo;appui : selon un rapport IFOP de d\u00e9cembre 2025, 82 % des Fran\u00e7ais estiment que Macron a \u00e9chou\u00e9 \u00e0 stabiliser le pays post-dissolution, avec une cote de popularit\u00e9 en chute libre \u00e0 18 %. Ces chiffres ne sont pas des inventions ; ils refl\u00e8tent une d\u00e9saffection massive, aliment\u00e9e par des crises \u00e9conomiques et sociales non r\u00e9solues.<\/p>\n<h5>\u00a0<\/h5>\n<h5><strong>Le discours v\u00e9rit\u00e9 d&rsquo;Emmanuel 1er : parodie d&rsquo;un monarque d\u00e9connect\u00e9<\/strong><\/h5>\n<p>Et d&rsquo;ailleurs, voici maintenant, en exclusivit\u00e9, comment Emmanuel Macron nous pr\u00e9senterait la chose, si pour une fois il ne faisait pas usage de la langue de bois, effil\u00e9e et tordue, qu&rsquo;il utilise \u00e0 chacune de ses allocutions t\u00e9l\u00e9vis\u00e9es. S&rsquo;il nous parlait franchement en cette occasion. S&rsquo;il nous disait clairement ce qu&rsquo;il pense v\u00e9ritablement. De lui comme de nous. En appelant un chat \u00ab <em>un chat<\/em> \u00bb, mais dans son vocabulaire \u00e0 lui, de p\u00e9dant tr\u00e8s haut perch\u00e9 sur son pi\u00e9destal putatif.<\/p>\n<p>Tr\u00e8s objectivement, je pense que cela donnerait grosso modo ceci :<\/p>\n<blockquote>\n<p><em>\u00ab Tremblez, Fran\u00e7ais ! Tremblez, Fran\u00e7aises ! Si jamais les d\u00e9put\u00e9s censurent le gouvernement, cette fois-ci vous n&rsquo;y couperez pas : je dissoudrai l&rsquo;Assembl\u00e9e nationale. Et alors l\u00e0, j&rsquo; vous dis pas ! Et \u00e7a sera de votre faute. Pas la mienne, \u00e9videmment, puisque, moi, Emmanuel 1er, je fais tout \u00ab\u00a0mieux encore que parfaitement bien.\u00a0\u00bb Dans le pl\u00e9onasme et la p\u00e9rissologie donc, mais avant tout dans l&rsquo;antinomie : mon fameux \u00ab\u00a0et en m\u00eame temps\u00a0\u00bb gr\u00e2ce auquel je peux dire tout et son contraire dans la m\u00eame phrase. Et pourquoi m&rsquo;en priverais-je, puisque quelle que soit la gravit\u00e9 de l&rsquo;interdit que je transgresse, il s&rsquo;en trouve toujours parmi vous (et en quantit\u00e9 substantielle) qui me trouvent des excuses. Des excuses que pourtant, m\u00eame le plus tol\u00e9rant devrait consid\u00e9rer manifestement irrecevables. Donc encore moins bien fond\u00e9es. Acceptables. Il faut dire toutefois, \u00e0 votre d\u00e9charge, qu&rsquo;en lieu et place de vous rendre au centuple, la mansu\u00e9tude dont vous faites preuve \u00e0 mon \u00e9gard, je vous la rends au centuple \u2013 non, aux centaures : les blind\u00e9s de la gendarmerie que j&rsquo;envoie tailler le bout de gras avec vous, fa\u00e7on garde pr\u00e9torienne, \u00e0 chacune de vos jacqueries. Vos vaines tentatives populaci\u00e8res de remettre en cause mon autorit\u00e9. Ma l\u00e9gitimit\u00e9. Le fait que \u00ab\u00a0L&rsquo;\u00c9tat c&rsquo;est moi !\u00a0\u00bb ; comme le disait je ne sais plus lequel des t\u00eates couronn\u00e9es qui, sous l&rsquo;Ancien r\u00e9gime, ont essay\u00e9, elles aussi en vain, de briller davantage que sa majest\u00e9. Oui, moi ! Emmanuel 1er : le seul et unique monarque fran\u00e7ais qui m\u00e9rite v\u00e9ritablement d&rsquo;\u00eatre appel\u00e9 \u00ab\u00a0le Roi Soleil\u00a0\u00bb.<\/em><\/p>\n<p><em>Rappelez-vous mes mots en 2017 : \u00ab\u00a0Je ne c\u00e9derai rien \u00e0 la rue.\u00a0\u00bb Eh bien, aujourd&rsquo;hui, c&rsquo;est la rue qui ne c\u00e8de rien \u00e0 mon palais. Mais tremblez, car si dissolution il y a, ce sera votre chaos, pas le mien. Faites pression sur vos d\u00e9put\u00e9s. Contraignez-les \u00e0 renoncer \u00e0 cette fronde. Ce crime de l\u00e8se-moi qu&rsquo;ils fomentent, ou sinon mon courroux sera terrible : dissolution 2.<\/em><\/p>\n<p><em>Et j&#8217;emmerde Donald Trump et Vladimir Poutine ! Sachez-le.Quant \u00e0 Xi Jinping, s&rsquo;il vous pla\u00eet. Ne me faites pas l&rsquo;injure de croire que je pourrais un jour, moi, \u00ab\u00a0Le Mozart de la finance\u00a0\u00bb, m&rsquo;abaisser \u00e0 discuter avec le dirigeant d&rsquo;un pays dont la dette publique est 5 fois sup\u00e9rieure \u00e0 celle de la France ; en tout cas si j&rsquo;en crois ChatGPT et mon tonton de chez McKinsey. \u00bb<\/em><\/p>\n<\/blockquote>\n<p>Selon les donn\u00e9es de la Banque mondiale (rapport 2025), la dette publique chinoise avoisine effectivement 300 % du PIB, contre 110 % pour la France \u2013 un ratio qui interroge sur les le\u00e7ons que notre \u00ab\u00a0<em>Mozart de la finance<\/em>\u00a0\u00bb tire de ses consultants McKinsey, impliqu\u00e9s dans des scandales d&rsquo;optimisation fiscale r\u00e9v\u00e9l\u00e9s par Mediapart en 2024.Le plus triste est que, s&rsquo;il tenait ce discours de v\u00e9rit\u00e9 pour de vrai, en direct \u00e0 la t\u00e9l\u00e9, il y aurait encore des gens qui refuseraient de se r\u00e9volter. De faire en sorte qu&rsquo;il parte.<\/p>\n<p>Pire !<\/p>\n<p>Si, r\u00e9pondant l\u00e0 \u00e0 l&rsquo;appel en ce sens qu&rsquo;Emmanuel Macron a lui-m\u00eame lanc\u00e9 le 24 juillet 2018 (\u00ab <em>S\u2019ils veulent un responsable, il est devant vous. Qu\u2019ils viennent le chercher !<\/em> \u00bb), des contestataires venus alors manifester \u00e0 cet effet pacifiquement devant l&rsquo;\u00c9lys\u00e9e, \u00e9taient suffisamment nombreux pour l&rsquo;y contraindre, policiers et gendarmes leur tireraient dessus.<\/p>\n<h5>\u00a0<\/h5>\n<h5><strong>L&rsquo;appel au peuple et aux gardiens de la R\u00e9publique : face au danger nucl\u00e9aire<\/strong><\/h5>\n<p>Et quand bien m\u00eame, se rappelant l\u00e0 que le respect de leur devise commune, \u00ab <em>Prot\u00e9ger et Servir<\/em> \u00bb, consiste \u00e0 prot\u00e9ger et servir le peuple, policiers et gendarmes s&rsquo;allieraient \u00e0 celui-ci dans ce combat pour que le principe de la R\u00e9publique, \u00ab <em>Gouvernement du peuple, par le peuple et pour le peuple<\/em> \u00bb, retrouve son effectivit\u00e9&#8230; que ferait l&rsquo;arm\u00e9e ?\u00ab <em>R\u00e9fl\u00e9chir, c&rsquo;est d\u00e9sob\u00e9ir !<\/em> \u00bb, dit-on, para\u00eet-il, au sein de \u00ab <em>La grande muette<\/em> \u00bb. Aussi, ne serait-il pas cens\u00e9 de \u00ab <em>d\u00e9sob\u00e9ir<\/em> \u00bb le temps de r\u00e9fl\u00e9chir \u00e0 ceci\u00a0?<\/p>\n<p><img decoding=\"async\" alt=\"Capture\" width=\"677\" height=\"406\" class=\"align-center lazyload\" loading=\"lazy\" src=\"https:\/\/www.francesoir.fr\/sites\/default\/files\/styles\/max_1300x1300\/public\/2026-01\/FS102025%20-%202026-01-11T162407.545.png?itok=bEj7xlsq\"\/><\/p>\n<p>La patrie que vous d\u00e9fendez avec courage, noblesse et d\u00e9termination contre les ennemis ext\u00e9rieurs, <strong>ne doit-elle pas \u00eatre pareillement l&rsquo;objet de votre d\u00e9votion<\/strong>, lorsque, comme h\u00e9las actuellement, l&rsquo;\u00e9quipe dirigeante est constitu\u00e9e exclusivement de \u00ab\u00a0<em>va-t&rsquo;en-guerre <\/em>\u00bb <a target=\"_blank\" href=\"https:\/\/www.francesoir.fr\/politique-france-monde-societe-justice-sante-environnement\/dissuasion-nucleaire-francaise-en-europe\">pr\u00eate \u00e0 mutualiser l&rsquo;arme de dissuasion nucl\u00e9aire contre les trait\u00e9s internationaux et l&rsquo;avis des Fran\u00e7ais<\/a> ? Qu&rsquo;elle met la Patrie face \u00e0 un danger ou p\u00e9ril imp\u00e9rieux, en nous conduisant de force dans un conflit militaire contre la Russie. Un alli\u00e9 historique, pluris\u00e9culaire de la France, mais qui, n\u00e9anmoins ; son Pr\u00e9sident nous en a pr\u00e9venu <a target=\"_blank\" href=\"https:\/\/www.francesoir.fr\/opinions-tribunes\/de-mach-10-la-captivite-de-la-science-quand-les-elites-craignent-le-veritable\">en faisant usage des missiles hypersoniques Oreshnik<\/a> ; peut s\u2019attaquer \u00e0 la France en un temps record menant \u00e0 une possible abomination irr\u00e9versible que le pr\u00e9sident et ses laquais semblent appeler de leurs v\u0153ux belliqueux\u00a0; et qui interviendra si d\u2019aventure vous suivez les ordres qui pourraient vous \u00eatre donn\u00e9s en ce sens.<\/p>\n<p><a target=\"_blank\" href=\"https:\/\/edition.francesoir.fr\/opinions-editos\/depuis-quand-la-russie-est-elle-une-menace-pour-la-france\"><img decoding=\"async\" alt=\"Depuis quand la Russie est-elle une ennemie pour la France ?\" width=\"672\" height=\"378\" class=\"align-center lazyload\" loading=\"lazy\" src=\"https:\/\/edition.francesoir.fr\/sites\/default\/files\/styles\/max_1300x1300\/public\/2025-02\/Depuis%20quand%20la%20Russie%20est%20elle%20une%20menace%20pour%20la%20France.png?itok=4w7oiuSP\"\/><\/a><\/p>\n<p>Comme l&rsquo;a d\u00e9clar\u00e9 Vladimir Poutine en octobre 2025 (discours \u00e0 l&rsquo;ONU), toute escalade en Ukraine pourrait mener \u00e0 une \u00ab\u00a0<em>r\u00e9ponse asym\u00e9trique<\/em>\u00a0\u00bb, y compris nucl\u00e9aire. Macron, en soutenant l&rsquo;envoi d&rsquo;armes lourdes et en ignorant les avertissements de l&rsquo;AIEA sur les risques d&rsquo;escalade, nous place-t-il sciemment sur cette trajectoire co-belig\u00e9rante et contraire aux int\u00e9r\u00eats des Fran\u00e7ais ? Imaginez Macron en Louis XIV, mais sans le faste : un soleil couchant sur une France en cendres, irradi\u00e9e par ses r\u00eaves belliqueux.<\/p>\n<p><img decoding=\"async\" alt=\"Version Augment\u00e9e R\u00e9solution Houpert\" width=\"665\" height=\"374\" class=\"align-center lazyload\" loading=\"lazy\" src=\"https:\/\/www.francesoir.fr\/sites\/default\/files\/styles\/max_1300x1300\/public\/2025-04\/IMAGE%20ARTICLE%20%2862%29.jpg?itok=DmxjyCWZ\"\/><\/p>\n<p>Citoyens, d\u00e9put\u00e9s, forces de l&rsquo;ordre : resterons-nous les otages de cette farce\u00a0? Que vous soyez de gauche, de droite, ou simplement attach\u00e9s \u00e0 la d\u00e9mocratie, unissons-nous. S<a target=\"_blank\" href=\"https:\/\/www.francesoir.fr\/politique-france\/resolution-d-alain-houpert-sur-l-ukraine-une-reponse-la-voix-des-francais-court\">outenez la r\u00e9solution 547 du s\u00e9nateur Alain Houpert<\/a> qui, dans ce qui est un v\u00e9ritable d\u00e9ni d\u00e9mocratique, n\u2019a toujours pas \u00e9t\u00e9 mise \u00e0 l\u2019ordre du jour par G\u00e9rard Larcher pr\u00e9sident du S\u00e9nat\u00a0; signez des p\u00e9titions pour une r\u00e9forme constitutionnelle\u00a0; manifestez pacifiquement dans les rues, contactez vos \u00e9lus pour exiger une motion de censure responsable, et si vous votez, faites-le avec conscience en 2027.\u00a0<\/p>\n<blockquote>\n<p>La France n&rsquo;est pas un empire, mais une R\u00e9publique \u2013 ne nous appartient il pas de la reprendre\u00a0?<\/p>\n<\/blockquote>\n<\/div>\n<p><script>(function(d, s, id) {  var js, fjs = d.getElementsByTagName(s)[0];  if (d.getElementById(id)) return;  js = d.createElement(s); js.id = id;  js.src = \"\/\/connect.facebook.net\/fr_FR\/sdk.js#xfbml=1&version=v2.3\";  fjs.parentNode.insertBefore(js, fjs);}(document, \"script\", \"facebook-jssdk\"));<\/script><br \/>\n<br \/><br \/>\n<br \/><a href=\"https:\/\/www.francesoir.fr\/opinions-editos\/la-menace-fantome-une-mascarade-politique-en-france-2026\" target=\"_blank\"\">Source link <\/a><\/p>\n","protected":false},"excerpt":{"rendered":"<p>Allons donc ? La possibilit\u00e9 d&rsquo;une censure du gouvernement se faisant sentir ce d\u00e9but d&rsquo;ann\u00e9e 2026, nettement plus que fin 2025, L&rsquo;Empire contre-attaque avec quoi ? Pas avec un nouveau&hellip; <\/p>\n","protected":false},"author":1,"featured_media":22621,"comment_status":"open","ping_status":"open","sticky":false,"template":"","format":"standard","meta":{"footnotes":""},"categories":[1],"tags":[],"class_list":["post-22620","post","type-post","status-publish","format-standard","has-post-thumbnail","hentry","category-non-classe"],"_links":{"self":[{"href":"https:\/\/monde25.info\/index.php\/wp-json\/wp\/v2\/posts\/22620","targetHints":{"allow":["GET"]}}],"collection":[{"href":"https:\/\/monde25.info\/index.php\/wp-json\/wp\/v2\/posts"}],"about":[{"href":"https:\/\/monde25.info\/index.php\/wp-json\/wp\/v2\/types\/post"}],"author":[{"embeddable":true,"href":"https:\/\/monde25.info\/index.php\/wp-json\/wp\/v2\/users\/1"}],"replies":[{"embeddable":true,"href":"https:\/\/monde25.info\/index.php\/wp-json\/wp\/v2\/comments?post=22620"}],"version-history":[{"count":0,"href":"https:\/\/monde25.info\/index.php\/wp-json\/wp\/v2\/posts\/22620\/revisions"}],"wp:featuredmedia":[{"embeddable":true,"href":"https:\/\/monde25.info\/index.php\/wp-json\/wp\/v2\/media\/22621"}],"wp:attachment":[{"href":"https:\/\/monde25.info\/index.php\/wp-json\/wp\/v2\/media?parent=22620"}],"wp:term":[{"taxonomy":"category","embeddable":true,"href":"https:\/\/monde25.info\/index.php\/wp-json\/wp\/v2\/categories?post=22620"},{"taxonomy":"post_tag","embeddable":true,"href":"https:\/\/monde25.info\/index.php\/wp-json\/wp\/v2\/tags?post=22620"}],"curies":[{"name":"wp","href":"https:\/\/api.w.org\/{rel}","templated":true}]}}