{"id":22624,"date":"2026-01-19T01:53:45","date_gmt":"2026-01-19T00:53:45","guid":{"rendered":"https:\/\/monde25.info\/index.php\/2026\/01\/19\/anna-novikova-soixante-et-un-jours-soixante-et-une-nuits\/"},"modified":"2026-01-19T01:53:45","modified_gmt":"2026-01-19T00:53:45","slug":"anna-novikova-soixante-et-un-jours-soixante-et-une-nuits","status":"publish","type":"post","link":"https:\/\/monde25.info\/index.php\/2026\/01\/19\/anna-novikova-soixante-et-un-jours-soixante-et-une-nuits\/","title":{"rendered":"Anna Novikova \u2013 Soixante et un jours. Soixante-et-une nuits"},"content":{"rendered":"<p> <br \/>\n<\/p>\n<div style=\"word-wrap:break-word;\">\n<p><strong>Jour 61 \u2013 Lettre d\u2019une insomniaque<\/strong><\/p>\n<p><strong>Soixante et un jours. Soixante-et-une nuits. Soixante et un cycles d\u2019attente, de peur et de silence.<\/strong><\/p>\n<p>Anna Novikova, Vincent Perfetti, Vyacheslav Prudchenko\u00a0: trois vies humaines enferm\u00e9es depuis le 17 novembre 2025 \u2013 d\u00e9j\u00e0 deux mois. Trois histoires effac\u00e9es par des num\u00e9ros d\u2019\u00e9crou. Trois personnes en d\u00e9tention provisoire, pr\u00e9sum\u00e9es innocentes. Et pourtant, ce ne sont pas des criminels. Ce sont des citoyens qui ont choisi l\u2019humanit\u00e9 plut\u00f4t que la haine, la solidarit\u00e9 plut\u00f4t que l\u2019indiff\u00e9rence.<\/p>\n<p>Des voix commencent \u00e0 s\u2019\u00e9lever. Des citoyens \u00e9crivent des lettres \u00e0 Anna, contactent ses avocats, pr\u00e9parent des demandes de visite. Ces d\u00e9marches concr\u00e8tes montrent que la solidarit\u00e9 ne se limite pas aux mots. Chaque geste compte. Chaque citoyen qui refuse d\u2019oublier allume une \u00e9tincelle qui \u00e9claire la nuit.<\/p>\n<p><strong>LE LABYRINTHE JUDICIAIRE<\/strong><\/p>\n<p>Anna est toujours \u00e0 Fleury-M\u00e9rogis, \u00e9crou n\u00b0494701, b\u00e2timent Peupliers. Son dossier compte plus de 3 000 pages qui tournent en rond autour de ses activit\u00e9s humanitaires et des personnes qu\u2019elle a pu rencontrer. Elle est assist\u00e9e par des avocats exp\u00e9riment\u00e9s et aguerris\u00a0; deux cabinets s\u00e9rieux travaillent activement sur le dossier. Anna a pu les rencontrer en prison et en a d\u00e9sign\u00e9 un. \u00c0 ce stade de l\u2019enqu\u00eate et de l\u2019instruction, la discr\u00e9tion est requise \u2013 secret de l\u2019instruction et pr\u00e9somption d\u2019innocence \u2013, mais cela ne doit susciter aucune inqui\u00e9tude\u00a0: ils communiqueront en temps utile, lorsque cela sera pertinent.<\/p>\n<p>Vincent Perfetti est \u00e0 Fresnes. Vyacheslav Prudchenko dans une cellule dont on ignore encore le lieu exact.<br class=\"autobr\"\/><br \/>\nSoixante et un jours sans acte d\u2019accusation \u00e9crit transmis aux familles. Soixante et un jours de silence m\u00e9diatique assourdissant. Soixante et un jours o\u00f9 l\u2019arbitraire devient routine.<\/p>\n<p>La premi\u00e8re audience devant le juge n\u2019est pas pr\u00e9vue avant environ un mois et demi. Chaque jour qui passe allonge l\u2019attente, chaque nuit confirme l\u2019arbitraire. Mais la conscience de milliers de citoyens qui refusent l\u2019oubli est une pr\u00e9sence qui traverse ces murs.<\/p>\n<p><strong>LE CRIME D\u2019HUMANIT\u00c9<\/strong><\/p>\n<p>Depuis 2014, Anna a convoy\u00e9 du lait, des m\u00e9dicaments, des peluches, vers les enfants du Donbass. Son \u00ab\u00a0crime\u00a0\u00bb\u00a0: avoir voulu que ces vies comptent. Chaque colis, chaque sourire qu\u2019elle a aid\u00e9 \u00e0 envoyer devient aujourd\u2019hui une accusation. Des actes simples, humanitaires, transform\u00e9s en espionnage.<\/p>\n<p>Vincent Perfetti, soixante-trois ans, Corse, n\u2019a fait que pr\u00e9sider l\u2019association. Vyacheslav Prudchenko, ukraino-fran\u00e7ais, a coll\u00e9 sur l\u2019Arc de Triomphe une affiche disant \u00ab\u00a0La Russie n\u2019est pas mon ennemie\u00a0\u00bb.<\/p>\n<p><strong>Coller une affiche = prison. Envoyer des peluches = prison. Convoyer de l\u2019aide m\u00e9dicale et humanitaire n\u00e9cessaire = prison.<\/strong><\/p>\n<p><strong>Il existe deux sortes d\u2019interdits\u00a0: ceux qu\u2019on nous explique, et ceux qu\u2019on ne nous explique jamais. Les premiers prot\u00e8gent l\u2019ordre. Les seconds prot\u00e8gent ceux qui d\u00e9cident de l\u2019ordre. Anna, Vincent et Vyacheslav ont franchi la ligne invisible des seconds.<\/strong><\/p>\n<p>En droit fran\u00e7ais, l\u2019intelligence avec une puissance \u00e9trang\u00e8re est une infraction grave. Personne ne le conteste. Mais lorsque les soup\u00e7ons semblent na\u00eetre d\u2019un contexte g\u00e9opolitique o\u00f9 tout engagement humanitaire d\u2019un c\u00f4t\u00e9 du conflit devient automatiquement suspect, et que la d\u00e9tention se prolonge sans \u00e9l\u00e9ments accablants rendus publics, une question s\u2019impose\u00a0: ne fr\u00f4le-t-on pas une forme de sanction pr\u00e9ventive pour opinion dissidente\u00a0?<\/p>\n<p>Criminaliser l\u2019empathie pour les civils du Donbass selon les fantasmes bellicistes de nos politiques, c\u2019est ouvrir une porte dangereuse. J\u2019y vois et per\u00e7ois la volont\u00e9 d\u2019\u00e9tablir un d\u00e9lit d\u2019opinion et un \u00e9tat de terreur\u00a0: non pas punir des crimes, mais museler ceux qui refusent le narratif unique.<\/p>\n<p>Ainsi, la longue attente en cellule devient alors un avertissement adress\u00e9 \u00e0 tous ceux qui osent penser autrement. Mais ce n\u2019est pas qu\u2019eux qu\u2019on enferme\u00a0: c\u2019est la solidarit\u00e9, la dissidence, le refus de ha\u00efr sur commande.<\/p>\n<p><strong>LE DONBASS OUBLI\u00c9<\/strong><\/p>\n<p>Le Donbass est la r\u00e9gion qui a le plus souffert de cette guerre, et celle dont on parle le moins. Depuis 2014 \u2014 douze ans maintenant\u00a0\u2014, les populations civiles y subissent bombardements et r\u00e9pressions de Kiev. Huit ans de guerre civile, puis quatre ann\u00e9es de guerre totale.<\/p>\n<p>Le Donbass est oubli\u00e9 par l\u2019Europe. Ses enfants meurent sous les bombes et les sanctions. Anna et SOS Donbass n\u2019ont voulu qu\u2019une chose\u00a0: que ces enfants vivent. Et pour cela, on les enferme.<\/p>\n<p>L\u2019absurdit\u00e9 de ces accusations r\u00e9v\u00e8le autre chose\u00a0: Anna et ses camarades ne sont pas emprisonn\u00e9s pour ce qu\u2019ils ont fait, mais pour ce qu\u2019ils repr\u00e9sentent. Des citoyens qui refusent la haine impos\u00e9e. Des humanitaires qui agissent selon leur conscience plut\u00f4t que selon les injonctions g\u00e9opolitiques du moment. Des dissidents dans une Europe qui ne tol\u00e8re plus la dissidence.<\/p>\n<p><strong>LES MURMURES COMMENCENT<\/strong><\/p>\n<p>Aujourd\u2019hui, en Europe, on condamne sans proc\u00e8s, on d\u00e9tient arbitrairement des personnes pour des mots et de l\u2019aide humanitaire. Et trop peu de gens semblent s\u2019en soucier. Cette affaire restera une marque ind\u00e9l\u00e9bile de la r\u00e9pression et de la fascisation progressive de nos \u00ab\u00a0pseudo-d\u00e9mocraties\u00a0\u00bb.<\/p>\n<p>Mais le silence m\u00e9diatique commence \u00e0 vaciller. Des m\u00e9dias alternatifs publient. Des citoyens s\u2019organisent. Des voix s\u2019\u00e9l\u00e8vent. Les craquements apparaissent toujours. L\u2019histoire nous l\u2019enseigne\u00a0: Tarnac, Outreau, etc. \u2014 les fictions finissent par exploser quand elles ne tiennent plus.<\/p>\n<p>Pour l\u2019instant, nous sommes encore dans la phase froide, celle o\u00f9 les m\u00e9dias mainstream dorment et r\u00e9p\u00e8tent les communiqu\u00e9s officiels. \u00ab\u00a0Un r\u00e9seau d\u2019espions d\u00e9mantel\u00e9.\u00a0\u00bb Personne ne pose la question essentielle\u00a0: et si c\u2019\u00e9tait une erreur\u00a0? Et si c\u2019\u00e9tait pire qu\u2019une erreur\u00a0?<\/p>\n<p>Mais la phase chaude approche. Chaque lettre, chaque article, chaque citoyen qui refuse d\u2019oublier acc\u00e9l\u00e8re le moment o\u00f9 cette affaire deviendra intenable pour ceux qui l\u2019ont orchestr\u00e9e.<\/p>\n<p>Chaque lettre envoy\u00e9e, chaque message adress\u00e9 \u00e0 Anna est un \u00e9cho dans la spirale du silence. Chaque citoyen lucide est un trait de lumi\u00e8re dans l\u2019obscurit\u00e9.<\/p>\n<p><strong>CE QUE NOUS POUVONS FAIRE<\/strong><\/p>\n<p>Face au syst\u00e8me bureaucratique qui efface les noms et uniformise les r\u00e9cits, la r\u00e9sistance est un verbe simple\u00a0: se souvenir. Se souvenir des pr\u00e9noms, des visages, des histoires. Et les r\u00e9p\u00e9ter, obstin\u00e9ment.<\/p>\n<p><strong>Anna. Vincent. Vyacheslav.<\/strong><\/p>\n<p>Chaque fois que leur nom est \u00e9crit ou prononc\u00e9, une lueur tenace s\u2019obstine \u00e0 ne pas oublier.<br class=\"autobr\"\/><br \/>\nChaque geste compte.<\/p>\n<p>\u00c9crire \u00e0 Anna (elle re\u00e7oit bien le courrier, et \u00e7a soutient \u00e9norm\u00e9ment son moral). Voici l\u2019adresse\u00a0:<\/p>\n<blockquote class=\"spip\">\n<p>Anna NOVIKOVA\u2028 <br class=\"manualbr\"\/>Num\u00e9ro d\u2019\u00e9crou\u00a0: 494701\u2028<br class=\"manualbr\"\/>MAISON D\u2019ARR\u00caT FEMMES de FLEURY-M\u00c9ROGIS\u2028<br class=\"manualbr\"\/>7 AVENUE DES PEUPLIERS\u2028<br class=\"manualbr\"\/>91705 STE GENEVIEVE DES BOIS CEDEX\u2028<br class=\"manualbr\"\/>France<\/p>\n<\/blockquote>\n<p>\u00c9crire lisiblement en fran\u00e7ais (pas de messages cod\u00e9s ou symboles), photos OK, coordonn\u00e9es au dos pour r\u00e9ponse. Pas de colis ni argent.<\/p>\n<p>Selon les derni\u00e8res nouvelles de la famille, Anna s\u2019adapte aux conditions et tient moralement (visite d\u2019un aum\u00f4nier orthodoxe). Elle a re\u00e7u les v\u00eatements envoy\u00e9s. La visite consulaire reste bloqu\u00e9e (double nationalit\u00e9).<\/p>\n<p>Merci \u00e0 tous ceux qui pensent \u00e0 elle \u2013 chaque lettre \u00e9branle l\u2019arbitraire.<\/p>\n<p>Son emprisonnement n\u2019est pas une sanction pour des actes, mais une punition pour ce qu\u2019elle repr\u00e9sente\u00a0: l\u2019humanit\u00e9, la libert\u00e9 de conscience, la solidarit\u00e9.<\/p>\n<p>Anna Novikova n\u2019est pas une espionne. Ni Vincent Perfetti, ni Vyacheslav Prudchenko.<br class=\"autobr\"\/><br \/>\nUn syst\u00e8me qui criminalise l\u2019empathie est un syst\u00e8me \u00e9puis\u00e9, qui craint l\u2019humanit\u00e9 de ses citoyens. Il n\u2019emprisonne pas des personnes, mais des \u00eelots de tol\u00e9rance.<\/p>\n<p>Ces pr\u00e9venus, s\u00e9questr\u00e9s par un \u00c9tat \u00e0 bout de souffle, sont un avertissement terrifiant\u00a0: ce que nous acceptons aujourd\u2019hui, nous le subirons demain.<\/p>\n<p><strong>Cassandre G<\/strong>.\u202817 janvier 2026 \u2013 <strong>Jour 61<\/strong><\/p>\n<p>Concernant l\u2019Affaire Anna Novikova et SOS Donbass<br class=\"autobr\"\/><br \/>\n<a target=\"_blank\" href=\"https:\/\/www.legrandsoir.info\/anna-novikova-espionne-ou-monnaie-d-echange.html\" class=\"spip_url auto\" rel=\"nofollow\">https:\/\/www.legrandsoir.info\/anna-novikova-espionne-ou-monnaie-d-echange.html<\/a><br class=\"autobr\"\/><br \/>\n<a target=\"_blank\" href=\"https:\/\/www.legrandsoir.info\/je-ne-comprends-toujours-pas-la-haine-anna-novikova.html\u2028\" class=\"spip_url auto\" rel=\"nofollow\">https:\/\/www.legrandsoir.info\/je-ne-comprends-toujours-pas-la-haine-anna-novikova.html\u2028<\/a><br class=\"autobr\"\/><br \/>\n<a target=\"_blank\" href=\"https:\/\/www.legrandsoir.info\/l-affaire-anna-novikova-ou-la-cabale-infernale-du-nouvel-etat-francais.html\u2028\" class=\"spip_url auto\" rel=\"nofollow\">https:\/\/www.legrandsoir.info\/l-affaire-anna-novikova-ou-la-cabale-infernale-du-nouvel-etat-francais.html\u2028<\/a><br class=\"autobr\"\/><br \/>\n<a target=\"_blank\" href=\"https:\/\/reseauinternational.net\/deux-humanitaires-emprisonnes-en-france-personne-ne-sait-pourquoi\/\" class=\"spip_url spip_out auto\" rel=\"nofollow external\">https:\/\/reseauinternational.net\/deux-humanitaires-emprisonnes-en-france-personne-ne-sait-pourquoi\/<\/a><\/p>\n<\/div>\n<p><br \/>\n<br \/><a href=\"https:\/\/www.legrandsoir.info\/anna-novikova-soixante-et-un-jours-soixante-et-une-nuits.html\" target=\"_blank\"\">Source link <\/a><\/p>\n","protected":false},"excerpt":{"rendered":"<p>Jour 61 \u2013 Lettre d\u2019une insomniaque Soixante et un jours. Soixante-et-une nuits. Soixante et un cycles d\u2019attente, de peur et de silence. Anna Novikova, Vincent Perfetti, Vyacheslav Prudchenko\u00a0: trois vies&hellip; <\/p>\n","protected":false},"author":1,"featured_media":22625,"comment_status":"open","ping_status":"open","sticky":false,"template":"","format":"standard","meta":{"footnotes":""},"categories":[1],"tags":[],"class_list":["post-22624","post","type-post","status-publish","format-standard","has-post-thumbnail","hentry","category-non-classe"],"_links":{"self":[{"href":"https:\/\/monde25.info\/index.php\/wp-json\/wp\/v2\/posts\/22624","targetHints":{"allow":["GET"]}}],"collection":[{"href":"https:\/\/monde25.info\/index.php\/wp-json\/wp\/v2\/posts"}],"about":[{"href":"https:\/\/monde25.info\/index.php\/wp-json\/wp\/v2\/types\/post"}],"author":[{"embeddable":true,"href":"https:\/\/monde25.info\/index.php\/wp-json\/wp\/v2\/users\/1"}],"replies":[{"embeddable":true,"href":"https:\/\/monde25.info\/index.php\/wp-json\/wp\/v2\/comments?post=22624"}],"version-history":[{"count":0,"href":"https:\/\/monde25.info\/index.php\/wp-json\/wp\/v2\/posts\/22624\/revisions"}],"wp:featuredmedia":[{"embeddable":true,"href":"https:\/\/monde25.info\/index.php\/wp-json\/wp\/v2\/media\/22625"}],"wp:attachment":[{"href":"https:\/\/monde25.info\/index.php\/wp-json\/wp\/v2\/media?parent=22624"}],"wp:term":[{"taxonomy":"category","embeddable":true,"href":"https:\/\/monde25.info\/index.php\/wp-json\/wp\/v2\/categories?post=22624"},{"taxonomy":"post_tag","embeddable":true,"href":"https:\/\/monde25.info\/index.php\/wp-json\/wp\/v2\/tags?post=22624"}],"curies":[{"name":"wp","href":"https:\/\/api.w.org\/{rel}","templated":true}]}}